{"id":10464,"date":"2016-11-14T20:20:38","date_gmt":"2016-11-14T20:20:38","guid":{"rendered":"http:\/\/c0290214.ferozo.com\/wpnews\/?p=10464"},"modified":"2016-11-14T20:20:39","modified_gmt":"2016-11-14T20:20:39","slug":"decepcion-en-la-industria-de-italia-por-los-resultados-de-la-feria-obuv-mir-kozi-en-rusia","status":"publish","type":"post","link":"http:\/\/cueroamerica.info\/wpnews\/2016\/11\/decepcion-en-la-industria-de-italia-por-los-resultados-de-la-feria-obuv-mir-kozi-en-rusia\/","title":{"rendered":"Decepci\u00f3n en la industria de Italia por los resultados de la feria Obuv&#8217; Mir Ko\u017ei en Rusia"},"content":{"rendered":"<div id=\"attachment_10461\" style=\"width: 258px\" class=\"wp-caption alignleft\"><a href=\"http:\/\/c0290214.ferozo.com\/wpnews\/wp-content\/uploads\/2016\/11\/Annarita-Pilott-presidenta-de-Assocalzaturifici-se-refiri\u00f3-a-la-ca\u00f1ida-de-ventas-de-la-industria-italiana-en-el-sal\u00f3n-de-Mosc\u00fa-.jpg\"><img loading=\"lazy\" decoding=\"async\" aria-describedby=\"caption-attachment-10461\" class=\"wp-image-10461\" src=\"http:\/\/c0290214.ferozo.com\/wpnews\/wp-content\/uploads\/2016\/11\/Annarita-Pilott-presidenta-de-Assocalzaturifici-se-refiri\u00f3-a-la-ca\u00f1ida-de-ventas-de-la-industria-italiana-en-el-sal\u00f3n-de-Mosc\u00fa--300x201.jpg\" width=\"248\" height=\"166\" srcset=\"http:\/\/cueroamerica.info\/wpnews\/wp-content\/uploads\/2016\/11\/Annarita-Pilott-presidenta-de-Assocalzaturifici-se-refiri\u00f3-a-la-ca\u00f1ida-de-ventas-de-la-industria-italiana-en-el-sal\u00f3n-de-Mosc\u00fa--300x201.jpg 300w, http:\/\/cueroamerica.info\/wpnews\/wp-content\/uploads\/2016\/11\/Annarita-Pilott-presidenta-de-Assocalzaturifici-se-refiri\u00f3-a-la-ca\u00f1ida-de-ventas-de-la-industria-italiana-en-el-sal\u00f3n-de-Mosc\u00fa-.jpg 468w\" sizes=\"auto, (max-width: 248px) 100vw, 248px\" \/><\/a><p id=\"caption-attachment-10461\" class=\"wp-caption-text\">Annarita Pilott, presidenta de Assocalzaturifici, se refiri\u00f3 a la ca\u00edda de ventas de la industria italiana en el sal\u00f3n de Mosc\u00fa<\/p><\/div>\n<p>La presidenta de Assocalzaturifici, Annarita Pilotti, inform\u00f3 que cay\u00f3 significativamente la cantidad de pedidos firmados por las empresas italianas en Obuv&#8217; Mir Ko\u017ei, la feria de calzado y productos de cuero realizada en Mosc\u00fa, Rusia.<\/p>\n<p>Pilotti detall\u00f3 que los pedidos se redujeron entre un 30% y un 50%, siendo estos resultados especialmente complicados para los productores italianos de art\u00edculos de alta gama.<\/p>\n<p>La dirigente asegur\u00f3 que la magnitud de estas bajas sorprendi\u00f3 a las empresas asociadas que junto a Assocalzaturifici participaron del sal\u00f3n ruso. La presidenta de esta entidad atribuy\u00f3 los problemas a la ca\u00edda en el valor del rublo y a la continua incertidumbre econ\u00f3mica. Asimismo calcul\u00f3 que habr\u00e1 que esperar m\u00e1s de lo anticipado para que mejore el mercado del calzado en Rusia.<\/p>\n<table>\n<tbody>\n<tr>\n<td><a href=\"http:\/\/c0290214.ferozo.com\/wpnews\/wp-content\/uploads\/2016\/11\/007.jpg\"><img decoding=\"async\" class=\"aligncenter size-medium wp-image-10462\" src=\"http:\/\/c0290214.ferozo.com\/wpnews\/wp-content\/uploads\/2016\/11\/007-300x187.jpg\" alt=\"007\" width=\"190\" height=\"auto\" srcset=\"http:\/\/cueroamerica.info\/wpnews\/wp-content\/uploads\/2016\/11\/007-300x187.jpg 300w, http:\/\/cueroamerica.info\/wpnews\/wp-content\/uploads\/2016\/11\/007.jpg 759w\" sizes=\"(max-width: 300px) 100vw, 300px\" \/><\/a><\/td>\n<td><a href=\"http:\/\/c0290214.ferozo.com\/wpnews\/wp-content\/uploads\/2016\/11\/018.jpg\"><img decoding=\"async\" class=\"aligncenter size-medium wp-image-10463\" src=\"http:\/\/c0290214.ferozo.com\/wpnews\/wp-content\/uploads\/2016\/11\/018-300x184.jpg\" alt=\"018\" width=\"190\" height=\"auto\" srcset=\"http:\/\/cueroamerica.info\/wpnews\/wp-content\/uploads\/2016\/11\/018-300x184.jpg 300w, http:\/\/cueroamerica.info\/wpnews\/wp-content\/uploads\/2016\/11\/018-768x472.jpg 768w, http:\/\/cueroamerica.info\/wpnews\/wp-content\/uploads\/2016\/11\/018.jpg 770w\" sizes=\"(max-width: 300px) 100vw, 300px\" \/><\/a><\/td>\n<td><a href=\"http:\/\/c0290214.ferozo.com\/wpnews\/wp-content\/uploads\/2016\/11\/038.jpg\"><img decoding=\"async\" class=\"aligncenter size-medium wp-image-10460\" src=\"http:\/\/c0290214.ferozo.com\/wpnews\/wp-content\/uploads\/2016\/11\/038-300x202.jpg\" alt=\"038\" width=\"190\" height=\"auto\" srcset=\"http:\/\/cueroamerica.info\/wpnews\/wp-content\/uploads\/2016\/11\/038-300x202.jpg 300w, http:\/\/cueroamerica.info\/wpnews\/wp-content\/uploads\/2016\/11\/038.jpg 696w\" sizes=\"(max-width: 300px) 100vw, 300px\" \/><\/a><\/td>\n<\/tr>\n<\/tbody>\n<\/table>\n<p>Pilotti se\u00f1al\u00f3 que se deber\u00edan reorganizar las fechas de Obuv&#8217; Mir Ko\u017ei para que no comience un lunes, y pidi\u00f3 que se reestructuren los espacios de la exhibici\u00f3n para \u201csatisfacer mejor las demandas de los compradores\u201d. Tambi\u00e9n insisti\u00f3 en que \u201ctodav\u00eda es un evento muy importante para nuestras empresas\u201d.<\/p>\n<p>La presidenta solicit\u00f3 al Ministerio de Desarrollo Econ\u00f3mico de Italia que apoye a Assocalzaturifici en su tarea, y sugiri\u00f3 que tambi\u00e9n deber\u00edan contribuir los gobiernos de las regiones donde se produce calzado.<br \/>\n&#8212;&#8212;&#8212;&#8212;&#8212;&#8212;&#8212;&#8212;&#8212;&#8211;<br \/>\nAPLF \/ CueroAm\u00e9rica<\/p>\n<p dir=\"ltr\">\u2014\u2014\u2014\u2014\u2014\u2014\u2014\u2014\u2014\u2014\u2014\u2014\u2014\u2014\u2014\u2014\u2014\u2014\u2014\u2014\u2014\u2014\u2014\u2014\u2014\u2014\u2014\u2014\u2014\u2014\u2014\u2014\u2014\u2014\u2014\u2014\u2014\u2014\u2014\u2014\u2014\u2014\u2014\u2014<\/p>\n<p dir=\"ltr\">Para comunicarse con CueroAm\u00e9rica: <span style=\"color: #3366ff;\"><a style=\"color: #3366ff;\" href=\"mailto:contacto@cueroamerica.com\">contacto@cueroamerica.com<\/a><\/span><\/p>\n<table border=\"0\" width=\"460\">\n<tbody>\n<tr>\n<td width=\"300\"><a href=\"http:\/\/apps.ubmasia.com\/links\/Show.aspx?sid=1448\" target=\"_blank\"><img loading=\"lazy\" decoding=\"async\" src=\"\/img\/publicidad\/APLF17_CueroAmerica_300x200.png\" width=\"300\" height=\"200\" \/><\/a><\/td>\n<td width=\"171\"><a href=\"http:\/\/www.mexicanfashionindustry.com\" target=\"_blank\"><img loading=\"lazy\" decoding=\"async\" src=\"\/img\/mex-fash-indus.gif\" width=\"300\" height=\"200\" \/><\/a><\/td>\n<\/tr>\n<\/tbody>\n<\/table>\n","protected":false},"excerpt":{"rendered":"<p>La presidenta de Assocalzaturifici, Annarita Pilotti, inform\u00f3 que cay\u00f3 significativamente la cantidad de pedidos firmados por las empresas italianas en Obuv&#8217; Mir Ko\u017ei, la feria de calzado y productos de cuero realizada en Mosc\u00fa, Rusia. Pilotti detall\u00f3 que los pedidos se redujeron entre un 30% y un 50%, siendo estos resultados especialmente complicados para los [&hellip;]<\/p>\n","protected":false},"author":1,"featured_media":0,"comment_status":"closed","ping_status":"closed","sticky":false,"template":"","format":"standard","meta":{"footnotes":""},"categories":[66,60],"tags":[],"class_list":["post-10464","post","type-post","status-publish","format-standard","hentry","category-ferias-realizadas","category-ferias","count-0","even alt","author-","last"],"_links":{"self":[{"href":"http:\/\/cueroamerica.info\/wpnews\/wp-json\/wp\/v2\/posts\/10464","targetHints":{"allow":["GET"]}}],"collection":[{"href":"http:\/\/cueroamerica.info\/wpnews\/wp-json\/wp\/v2\/posts"}],"about":[{"href":"http:\/\/cueroamerica.info\/wpnews\/wp-json\/wp\/v2\/types\/post"}],"author":[{"embeddable":true,"href":"http:\/\/cueroamerica.info\/wpnews\/wp-json\/wp\/v2\/users\/1"}],"replies":[{"embeddable":true,"href":"http:\/\/cueroamerica.info\/wpnews\/wp-json\/wp\/v2\/comments?post=10464"}],"version-history":[{"count":5,"href":"http:\/\/cueroamerica.info\/wpnews\/wp-json\/wp\/v2\/posts\/10464\/revisions"}],"predecessor-version":[{"id":10469,"href":"http:\/\/cueroamerica.info\/wpnews\/wp-json\/wp\/v2\/posts\/10464\/revisions\/10469"}],"wp:attachment":[{"href":"http:\/\/cueroamerica.info\/wpnews\/wp-json\/wp\/v2\/media?parent=10464"}],"wp:term":[{"taxonomy":"category","embeddable":true,"href":"http:\/\/cueroamerica.info\/wpnews\/wp-json\/wp\/v2\/categories?post=10464"},{"taxonomy":"post_tag","embeddable":true,"href":"http:\/\/cueroamerica.info\/wpnews\/wp-json\/wp\/v2\/tags?post=10464"}],"curies":[{"name":"wp","href":"https:\/\/api.w.org\/{rel}","templated":true}]}}