{"id":10663,"date":"2017-01-30T19:36:34","date_gmt":"2017-01-30T19:36:34","guid":{"rendered":"http:\/\/www.cueroamerica.info\/wpnews\/?p=10663"},"modified":"2017-01-30T19:36:34","modified_gmt":"2017-01-30T19:36:34","slug":"asics-sera-el-nuevo-sponsor-oficial-de-la-asociacion-de-federaciones-de-atletismo","status":"publish","type":"post","link":"http:\/\/cueroamerica.info\/wpnews\/2017\/01\/asics-sera-el-nuevo-sponsor-oficial-de-la-asociacion-de-federaciones-de-atletismo\/","title":{"rendered":"Asics ser\u00e1 el nuevo sponsor oficial de la asociaci\u00f3n de Federaciones de Atletismo"},"content":{"rendered":"<div id=\"attachment_10661\" style=\"width: 250px\" class=\"wp-caption alignleft\"><a href=\"http:\/\/www.cueroamerica.info\/wpnews\/wp-content\/uploads\/2017\/01\/La-IAAF-celebr\u00f3-el-acuerdo-con-la-compa\u00f1\u00eda-japonesa-Asics-.jpg\"><img loading=\"lazy\" decoding=\"async\" aria-describedby=\"caption-attachment-10661\" class=\" wp-image-10661\" src=\"http:\/\/www.cueroamerica.info\/wpnews\/wp-content\/uploads\/2017\/01\/La-IAAF-celebr\u00f3-el-acuerdo-con-la-compa\u00f1\u00eda-japonesa-Asics--300x169.jpg\" alt=\"La IAAF celebr\u00f3 el acuerdo con la compa\u00f1\u00eda japonesa Asics\" width=\"240\" height=\"135\" srcset=\"http:\/\/cueroamerica.info\/wpnews\/wp-content\/uploads\/2017\/01\/La-IAAF-celebr\u00f3-el-acuerdo-con-la-compa\u00f1\u00eda-japonesa-Asics--300x169.jpg 300w, http:\/\/cueroamerica.info\/wpnews\/wp-content\/uploads\/2017\/01\/La-IAAF-celebr\u00f3-el-acuerdo-con-la-compa\u00f1\u00eda-japonesa-Asics--768x431.jpg 768w, http:\/\/cueroamerica.info\/wpnews\/wp-content\/uploads\/2017\/01\/La-IAAF-celebr\u00f3-el-acuerdo-con-la-compa\u00f1\u00eda-japonesa-Asics--1024x575.jpg 1024w, http:\/\/cueroamerica.info\/wpnews\/wp-content\/uploads\/2017\/01\/La-IAAF-celebr\u00f3-el-acuerdo-con-la-compa\u00f1\u00eda-japonesa-Asics-.jpg 1100w\" sizes=\"auto, (max-width: 240px) 100vw, 240px\" \/><\/a><p id=\"caption-attachment-10661\" class=\"wp-caption-text\">La IAAF celebr\u00f3 el acuerdo con la compa\u00f1\u00eda japonesa Asics<\/p><\/div>\n<p>La empresa de productos deportivos Asics firm\u00f3 un acuerdo con la Asociaci\u00f3n Internacional de Federaciones de Atletismo (IAAF) para ser el sponsor oficial, en reemplazo de Adidas. El tratado firmado tendr\u00e1 vigencia por muchos a\u00f1os.<\/p>\n<p>La compa\u00f1\u00eda japonesa Asics ser\u00e1 el proveedor de calzado e indumentaria para los funcionarios y voluntarios que participen en todos los eventos deportivos organizados por IAAF, incluyendo los campeonatos mundiales de 2017 y de 2019.<\/p>\n<p>\u201cMe siento muy feliz de tener el honor de apoyar a IAAF como socio oficial. Nosotros, en ASICS, esperamos desarrollar excelentes productos y contribuir al crecimiento del mundo deportivo mediante el apoyo al atletismo\u201d, declar\u00f3 Motoi Oyama, presidente y CEO de Asics.<\/p>\n<div id=\"attachment_10662\" style=\"width: 250px\" class=\"wp-caption alignright\"><a href=\"http:\/\/www.cueroamerica.info\/wpnews\/wp-content\/uploads\/2017\/01\/Motoi-Oyama-presidente-y-CEO-de-Asics-y-Sebastian-Coe-presidente-de-IAAF-sellaron-el-acuerdo-de-sponsoreo..jpg\"><img loading=\"lazy\" decoding=\"async\" aria-describedby=\"caption-attachment-10662\" class=\" wp-image-10662\" src=\"http:\/\/www.cueroamerica.info\/wpnews\/wp-content\/uploads\/2017\/01\/Motoi-Oyama-presidente-y-CEO-de-Asics-y-Sebastian-Coe-presidente-de-IAAF-sellaron-el-acuerdo-de-sponsoreo.-300x200.jpg\" alt=\"Motoi Oyama, presidente y CEO de Asics y Sebastian Coe, presidente de IAAF sellaron el acuerdo de sponsoreo\" width=\"240\" height=\"160\" srcset=\"http:\/\/cueroamerica.info\/wpnews\/wp-content\/uploads\/2017\/01\/Motoi-Oyama-presidente-y-CEO-de-Asics-y-Sebastian-Coe-presidente-de-IAAF-sellaron-el-acuerdo-de-sponsoreo.-300x200.jpg 300w, http:\/\/cueroamerica.info\/wpnews\/wp-content\/uploads\/2017\/01\/Motoi-Oyama-presidente-y-CEO-de-Asics-y-Sebastian-Coe-presidente-de-IAAF-sellaron-el-acuerdo-de-sponsoreo.-768x512.jpg 768w, http:\/\/cueroamerica.info\/wpnews\/wp-content\/uploads\/2017\/01\/Motoi-Oyama-presidente-y-CEO-de-Asics-y-Sebastian-Coe-presidente-de-IAAF-sellaron-el-acuerdo-de-sponsoreo..jpg 900w\" sizes=\"auto, (max-width: 240px) 100vw, 240px\" \/><\/a><p id=\"caption-attachment-10662\" class=\"wp-caption-text\">Motoi Oyama, presidente y CEO de Asics y Sebastian Coe, presidente de IAAF sellaron el acuerdo de sponsoreo<\/p><\/div>\n<p>Sebastian Coe, presidente de IAAF, declar\u00f3 que \u201cestamos muy contentos de haber atra\u00eddo a ASICS, un dise\u00f1ador y productor global de indumentaria deportiva, como nuestro nuevo socio oficial para compartir este viaje con nosotros. Nos entusiasma tener un socio cuya visi\u00f3n comparte nuestra estrategia para un deporte joven e innovador que promueve la competencia leal y la vida sana\u201d.<\/p>\n<p>A principios de diciembre, Adidas anunci\u00f3 el fin de su acuerdo con IAAF, que iba a durar hasta 2019. Adidas nunca lo confirm\u00f3, pero hay rumores que sugieren que la decisi\u00f3n fue tomada en vista de los m\u00faltiples esc\u00e1ndalos por doping entre los deportistas. &#8212;&#8212;&#8212;&#8212;&#8212;&#8212;&#8212;&#8212;&#8212;&#8212;&#8212;&#8212;&#8212;<br \/>\nFootwearbiz \/ CueroAm\u00e9rica<\/p>\n<p dir=\"ltr\">\u2014\u2014\u2014\u2014\u2014\u2014\u2014\u2014\u2014\u2014\u2014\u2014\u2014\u2014\u2014\u2014\u2014\u2014\u2014\u2014\u2014\u2014\u2014\u2014\u2014\u2014\u2014\u2014\u2014\u2014\u2014\u2014\u2014\u2014\u2014\u2014\u2014\u2014\u2014\u2014\u2014\u2014\u2014\u2014<\/p>\n<p dir=\"ltr\">Para comunicarse con CueroAm\u00e9rica: <span style=\"color: #3366ff;\"><a style=\"color: #3366ff;\" href=\"mailto:contacto@cueroamerica.com\">contacto@cueroamerica.com<\/a><\/span><\/p>\n<table border=\"0\" width=\"460\">\n<tbody>\n<tr>\n<td width=\"300\"><a href=\"http:\/\/www.jnaab.com.ar\/\" target=\"_blank\"><img loading=\"lazy\" decoding=\"async\" src=\"\/img\/publicidad\/banner_jn-082016.gif\" width=\"300\" height=\"200\" \/><\/a>\n<\/td>\n<td width=\"171\"><a href=\"http:\/\/lanxess.com\/en\/corporate\/products-solutions\/business-units\/leather\/\" target=\"_blank\"><img loading=\"lazy\" decoding=\"async\" src=\"\/img\/publicidad\/300x200_v2-lanxess.gif\" width=\"300\" height=\"200\" \/><\/a><\/td>\n<\/tr>\n<\/tbody>\n<\/table>\n","protected":false},"excerpt":{"rendered":"<p>La empresa de productos deportivos Asics firm\u00f3 un acuerdo con la Asociaci\u00f3n Internacional de Federaciones de Atletismo (IAAF) para ser el sponsor oficial, en reemplazo de Adidas. El tratado firmado tendr\u00e1 vigencia por muchos a\u00f1os. La compa\u00f1\u00eda japonesa Asics ser\u00e1 el proveedor de calzado e indumentaria para los funcionarios y voluntarios que participen en todos [&hellip;]<\/p>\n","protected":false},"author":4,"featured_media":0,"comment_status":"closed","ping_status":"closed","sticky":false,"template":"","format":"standard","meta":{"footnotes":""},"categories":[9,8],"tags":[],"class_list":["post-10663","post","type-post","status-publish","format-standard","hentry","category-deportivo","category-empresas-y-negocios","count-0","even alt","author-","last"],"_links":{"self":[{"href":"http:\/\/cueroamerica.info\/wpnews\/wp-json\/wp\/v2\/posts\/10663","targetHints":{"allow":["GET"]}}],"collection":[{"href":"http:\/\/cueroamerica.info\/wpnews\/wp-json\/wp\/v2\/posts"}],"about":[{"href":"http:\/\/cueroamerica.info\/wpnews\/wp-json\/wp\/v2\/types\/post"}],"author":[{"embeddable":true,"href":"http:\/\/cueroamerica.info\/wpnews\/wp-json\/wp\/v2\/users\/4"}],"replies":[{"embeddable":true,"href":"http:\/\/cueroamerica.info\/wpnews\/wp-json\/wp\/v2\/comments?post=10663"}],"version-history":[{"count":2,"href":"http:\/\/cueroamerica.info\/wpnews\/wp-json\/wp\/v2\/posts\/10663\/revisions"}],"predecessor-version":[{"id":10665,"href":"http:\/\/cueroamerica.info\/wpnews\/wp-json\/wp\/v2\/posts\/10663\/revisions\/10665"}],"wp:attachment":[{"href":"http:\/\/cueroamerica.info\/wpnews\/wp-json\/wp\/v2\/media?parent=10663"}],"wp:term":[{"taxonomy":"category","embeddable":true,"href":"http:\/\/cueroamerica.info\/wpnews\/wp-json\/wp\/v2\/categories?post=10663"},{"taxonomy":"post_tag","embeddable":true,"href":"http:\/\/cueroamerica.info\/wpnews\/wp-json\/wp\/v2\/tags?post=10663"}],"curies":[{"name":"wp","href":"https:\/\/api.w.org\/{rel}","templated":true}]}}