{"id":10672,"date":"2017-01-30T19:51:35","date_gmt":"2017-01-30T19:51:35","guid":{"rendered":"http:\/\/www.cueroamerica.info\/wpnews\/?p=10672"},"modified":"2017-01-30T19:51:35","modified_gmt":"2017-01-30T19:51:35","slug":"estudian-la-influencia-de-los-hechos-politicos-y-sociales-en-las-tendencias-de-colores","status":"publish","type":"post","link":"http:\/\/cueroamerica.info\/wpnews\/2017\/01\/estudian-la-influencia-de-los-hechos-politicos-y-sociales-en-las-tendencias-de-colores\/","title":{"rendered":"Estudian la influencia de los hechos pol\u00edticos y sociales en las tendencias de colores"},"content":{"rendered":"<div id=\"attachment_10673\" style=\"width: 196px\" class=\"wp-caption alignleft\"><a href=\"http:\/\/www.cueroamerica.info\/wpnews\/wp-content\/uploads\/2017\/01\/Jessica-Colaluca-asegura-que-las-situaciones-pol\u00edticas-y-sociales-influyen-fuertemente-en-la-paleta-de-colorfes-de-la-moda-..jpg\"><img loading=\"lazy\" decoding=\"async\" aria-describedby=\"caption-attachment-10673\" class=\" wp-image-10673\" src=\"http:\/\/www.cueroamerica.info\/wpnews\/wp-content\/uploads\/2017\/01\/Jessica-Colaluca-asegura-que-las-situaciones-pol\u00edticas-y-sociales-influyen-fuertemente-en-la-paleta-de-colorfes-de-la-moda-.-234x300.jpg\" alt=\"Jessica Colaluca asegura que las situaciones pol\u00edticas y sociales influyen fuertemente en la paleta de colorfes de la moda\" width=\"186\" height=\"238\" srcset=\"http:\/\/cueroamerica.info\/wpnews\/wp-content\/uploads\/2017\/01\/Jessica-Colaluca-asegura-que-las-situaciones-pol\u00edticas-y-sociales-influyen-fuertemente-en-la-paleta-de-colorfes-de-la-moda-.-234x300.jpg 234w, http:\/\/cueroamerica.info\/wpnews\/wp-content\/uploads\/2017\/01\/Jessica-Colaluca-asegura-que-las-situaciones-pol\u00edticas-y-sociales-influyen-fuertemente-en-la-paleta-de-colorfes-de-la-moda-..jpg 550w\" sizes=\"auto, (max-width: 186px) 100vw, 186px\" \/><\/a><p id=\"caption-attachment-10673\" class=\"wp-caption-text\">Jessica Colaluca asegura que las situaciones pol\u00edticas y sociales influyen fuertemente en la paleta de colorfes de la moda<\/p><\/div>\n<p>La empresa especializada en productos qu\u00edmicos Archroma fue sponsor de un seminario sobre las tendencias en los colores de la moda. Estuvo encabezado por la experta Jessica Colaluca, fundadora del portal dedicado a los colores Design Seeds. El evento tuvo lugar en la edici\u00f3n de este a\u00f1o de PrintSource New York y se enfoc\u00f3 en la antropolog\u00eda del color.<\/p>\n<p>Uno de los temas tratados fue como los eventos pol\u00edticos y sociales pueden influir en los definidos en determinada \u00e9poca. Se analiz\u00f3 c\u00f3mo los eventos pol\u00edticos recientes, incluyendo la elecci\u00f3n de Donald Trump y el BREXIT, podr\u00edan modificar la paleta de colores que ya est\u00e1 consolidada en la industria.<\/p>\n<p>Colaluca dijo que \u201cel color ha sido una forma de expresi\u00f3n a lo largo de los a\u00f1os y que la elecci\u00f3n de Donald Trump en los Estados Unidos impact\u00f3 en el \u00e1nimo de la gente e influir\u00e1 los colores que usamos y usaremos en la pr\u00f3xima temporada\u201d. La experta afirm\u00f3 que el sentido que se le daba a los colores rojo, blanco y azul de la bandera de Estados Unidos cambiar\u00e1 fuertemente.<\/p>\n<p><iframe loading=\"lazy\" width=\"560\" height=\"315\" src=\"https:\/\/www.youtube.com\/embed\/tSkbx2vTTuI\" frameborder=\"0\" allowfullscreen><\/iframe><\/p>\n<div id=\"attachment_10674\" style=\"width: 254px\" class=\"wp-caption alignright\"><a href=\"http:\/\/www.cueroamerica.info\/wpnews\/wp-content\/uploads\/2017\/01\/Atlas-del-color-presentado-por-la-compa\u00eda-Archroma.jpg\"><img loading=\"lazy\" decoding=\"async\" aria-describedby=\"caption-attachment-10674\" class=\" wp-image-10674\" src=\"http:\/\/www.cueroamerica.info\/wpnews\/wp-content\/uploads\/2017\/01\/Atlas-del-color-presentado-por-la-compa\u00eda-Archroma-300x245.jpg\" alt=\"Atlas del color presentado por la compa\u00eda Archroma\" width=\"244\" height=\"199\" srcset=\"http:\/\/cueroamerica.info\/wpnews\/wp-content\/uploads\/2017\/01\/Atlas-del-color-presentado-por-la-compa\u00eda-Archroma-300x245.jpg 300w, http:\/\/cueroamerica.info\/wpnews\/wp-content\/uploads\/2017\/01\/Atlas-del-color-presentado-por-la-compa\u00eda-Archroma-768x626.jpg 768w, http:\/\/cueroamerica.info\/wpnews\/wp-content\/uploads\/2017\/01\/Atlas-del-color-presentado-por-la-compa\u00eda-Archroma.jpg 1002w\" sizes=\"auto, (max-width: 244px) 100vw, 244px\" \/><\/a><p id=\"caption-attachment-10674\" class=\"wp-caption-text\">Atlas del color presentado por la compa\u00eda Archroma<\/p><\/div>\n<p>La est\u00e9tica hipster, cl\u00e1sica de j\u00f3venes bohemios de clase media alta, naci\u00f3 como rechazo a las tendencias consumistas y se enfoca en colores naturales desde hace tres a\u00f1os. Sin embargo, dada la alta conflictividad pol\u00edtica de Estados Unidos y el mundo, se espera que esta est\u00e9tica cambie fuertemente.<\/p>\n<p>Colaluca recomend\u00f3 que las marcas y dise\u00f1adores de moda aprovechen herramientas como el sistema Color Atlas de Archroma. La experta declar\u00f3 que \u201cColor Atlas tiene colores modernos muy hermosos que son constantemente relevantes\u201d.<br \/>\n&#8212;&#8212;&#8212;&#8212;&#8212;&#8212;&#8212;&#8212;&#8212;&#8212;&#8212;&#8211;<br \/>\nArchroma \/ CueroAm\u00e9rica<\/p>\n<p dir=\"ltr\">\u2014\u2014\u2014\u2014\u2014\u2014\u2014\u2014\u2014\u2014\u2014\u2014\u2014\u2014\u2014\u2014\u2014\u2014\u2014\u2014\u2014\u2014\u2014\u2014\u2014\u2014\u2014\u2014\u2014\u2014\u2014\u2014\u2014\u2014\u2014\u2014\u2014\u2014\u2014\u2014\u2014\u2014\u2014\u2014<\/p>\n<p dir=\"ltr\">Para comunicarse con CueroAm\u00e9rica: <span style=\"color: #3366ff;\"><a style=\"color: #3366ff;\" href=\"mailto:contacto@cueroamerica.com\">contacto@cueroamerica.com<\/a><\/span><\/p>\n<table border=\"0\" width=\"460\">\n<tbody>\n<tr>\n<td width=\"300\"><a href=\"http:\/\/apps.ubmasia.com\/links\/Show.aspx?sid=1448\" target=\"_blank\"><img loading=\"lazy\" decoding=\"async\" src=\"\/img\/publicidad\/APLF17_CueroAmerica_300x200.png\" width=\"300\" height=\"200\" \/><\/a><\/td>\n<td width=\"171\"><a href=\"http:\/\/www.mexicanfashionindustry.com\" target=\"_blank\"><img loading=\"lazy\" decoding=\"async\" src=\"\/img\/mex-fash-indus.gif\" width=\"300\" height=\"200\" \/><\/a>\n<\/td>\n<\/tr>\n<\/tbody>\n<\/table>\n","protected":false},"excerpt":{"rendered":"<p>La empresa especializada en productos qu\u00edmicos Archroma fue sponsor de un seminario sobre las tendencias en los colores de la moda. Estuvo encabezado por la experta Jessica Colaluca, fundadora del portal dedicado a los colores Design Seeds. El evento tuvo lugar en la edici\u00f3n de este a\u00f1o de PrintSource New York y se enfoc\u00f3 en [&hellip;]<\/p>\n","protected":false},"author":4,"featured_media":0,"comment_status":"closed","ping_status":"closed","sticky":false,"template":"","format":"standard","meta":{"footnotes":""},"categories":[77,69],"tags":[],"class_list":["post-10672","post","type-post","status-publish","format-standard","hentry","category-moda","category-tendencias-y-moda","count-0","even alt","author-","last"],"_links":{"self":[{"href":"http:\/\/cueroamerica.info\/wpnews\/wp-json\/wp\/v2\/posts\/10672","targetHints":{"allow":["GET"]}}],"collection":[{"href":"http:\/\/cueroamerica.info\/wpnews\/wp-json\/wp\/v2\/posts"}],"about":[{"href":"http:\/\/cueroamerica.info\/wpnews\/wp-json\/wp\/v2\/types\/post"}],"author":[{"embeddable":true,"href":"http:\/\/cueroamerica.info\/wpnews\/wp-json\/wp\/v2\/users\/4"}],"replies":[{"embeddable":true,"href":"http:\/\/cueroamerica.info\/wpnews\/wp-json\/wp\/v2\/comments?post=10672"}],"version-history":[{"count":3,"href":"http:\/\/cueroamerica.info\/wpnews\/wp-json\/wp\/v2\/posts\/10672\/revisions"}],"predecessor-version":[{"id":10677,"href":"http:\/\/cueroamerica.info\/wpnews\/wp-json\/wp\/v2\/posts\/10672\/revisions\/10677"}],"wp:attachment":[{"href":"http:\/\/cueroamerica.info\/wpnews\/wp-json\/wp\/v2\/media?parent=10672"}],"wp:term":[{"taxonomy":"category","embeddable":true,"href":"http:\/\/cueroamerica.info\/wpnews\/wp-json\/wp\/v2\/categories?post=10672"},{"taxonomy":"post_tag","embeddable":true,"href":"http:\/\/cueroamerica.info\/wpnews\/wp-json\/wp\/v2\/tags?post=10672"}],"curies":[{"name":"wp","href":"https:\/\/api.w.org\/{rel}","templated":true}]}}