{"id":10704,"date":"2017-02-06T19:12:59","date_gmt":"2017-02-06T19:12:59","guid":{"rendered":"http:\/\/www.cueroamerica.info\/wpnews\/?p=10704"},"modified":"2017-02-06T21:19:14","modified_gmt":"2017-02-06T21:19:14","slug":"sapica-presenta-del-14-al-17-de-marzo-lo-mejor-del-calzado-mexicano-en-leon","status":"publish","type":"post","link":"http:\/\/cueroamerica.info\/wpnews\/2017\/02\/sapica-presenta-del-14-al-17-de-marzo-lo-mejor-del-calzado-mexicano-en-leon\/","title":{"rendered":"SAPICA presenta del 14 al 17 de marzo lo mejor del calzado mexicano en Le\u00f3n"},"content":{"rendered":"<p>La edici\u00f3n Oto\u00f1o-Invierno de SAPICA se realizar\u00e1 del 14 al 17 de marzo de 2017 en el Poliforum Le\u00f3n, Guanajuato, M\u00e9xico. Un nuevo sal\u00f3n de la potente industria del calzado mexicano, cita obligada del comercio local y de pa\u00edses de la regi\u00f3n, y espacio al que acuden tambi\u00e9n los compradores de diversos mercados ultramarinos.<\/p>\n<table>\n<tbody>\n<tr>\n<td width=\"300\"><a href=\"http:\/\/www.cueroamerica.info\/wpnews\/wp-content\/uploads\/2017\/02\/sapica-leon_guanajuato_mexico1.jpg\"><img loading=\"lazy\" decoding=\"async\" class=\"aligncenter size-medium wp-image-10686\" src=\"http:\/\/www.cueroamerica.info\/wpnews\/wp-content\/uploads\/2017\/02\/sapica-leon_guanajuato_mexico1-300x200.jpg\" alt=\"\" width=\"300\" height=\"200\" srcset=\"http:\/\/cueroamerica.info\/wpnews\/wp-content\/uploads\/2017\/02\/sapica-leon_guanajuato_mexico1-300x200.jpg 300w, http:\/\/cueroamerica.info\/wpnews\/wp-content\/uploads\/2017\/02\/sapica-leon_guanajuato_mexico1.jpg 350w\" sizes=\"auto, (max-width: 300px) 100vw, 300px\" \/><\/a><\/td>\n<td width=\"300\"><a href=\"http:\/\/www.cueroamerica.info\/wpnews\/wp-content\/uploads\/2017\/02\/SAPICA_1.jpg\"><img loading=\"lazy\" decoding=\"async\" class=\"aligncenter size-medium wp-image-10685\" src=\"http:\/\/www.cueroamerica.info\/wpnews\/wp-content\/uploads\/2017\/02\/SAPICA_1-300x203.jpg\" alt=\"\" width=\"300\" height=\"203\" srcset=\"http:\/\/cueroamerica.info\/wpnews\/wp-content\/uploads\/2017\/02\/SAPICA_1-300x203.jpg 300w, http:\/\/cueroamerica.info\/wpnews\/wp-content\/uploads\/2017\/02\/SAPICA_1.jpg 478w\" sizes=\"auto, (max-width: 300px) 100vw, 300px\" \/><\/a><\/td>\n<\/tr>\n<\/tbody>\n<\/table>\n<p>Dentro de las estrategias que tienen la C\u00e1mara de la Industria del Calzado del Estado de Guanajuato (CICEG) para el fortalecimiento de la cadena productiva Cuero-Calzado-Proveedur\u00eda-Marroquiner\u00eda se encuentra SAPICA, su Exposici\u00f3n de Calzado y Art\u00edculos de Piel. El sal\u00f3n se ha ganado el reconocimiento como una de las m\u00e1s importantes ferias de la industria.<\/p>\n<div id=\"attachment_10697\" style=\"width: 240px\" class=\"wp-caption alignleft\"><a href=\"http:\/\/www.cueroamerica.info\/wpnews\/wp-content\/uploads\/2017\/02\/Luis-Gerardo-Gonz\u00e1lez-presidente-de-SAPICA-y-Javier-Plascencia-Reyes-presidente-de-CICEG..jpg\"><img loading=\"lazy\" decoding=\"async\" aria-describedby=\"caption-attachment-10697\" class=\" wp-image-10697\" src=\"http:\/\/www.cueroamerica.info\/wpnews\/wp-content\/uploads\/2017\/02\/Luis-Gerardo-Gonz\u00e1lez-presidente-de-SAPICA-y-Javier-Plascencia-Reyes-presidente-de-CICEG.-300x286.jpg\" alt=\"Luis Gerardo Gonz\u00e1lez, presidente de SAPICA, y Javier Plascencia Reyes, presidente de CICEG.\" width=\"230\" height=\"219\" srcset=\"http:\/\/cueroamerica.info\/wpnews\/wp-content\/uploads\/2017\/02\/Luis-Gerardo-Gonz\u00e1lez-presidente-de-SAPICA-y-Javier-Plascencia-Reyes-presidente-de-CICEG.-300x286.jpg 300w, http:\/\/cueroamerica.info\/wpnews\/wp-content\/uploads\/2017\/02\/Luis-Gerardo-Gonz\u00e1lez-presidente-de-SAPICA-y-Javier-Plascencia-Reyes-presidente-de-CICEG..jpg 423w\" sizes=\"auto, (max-width: 230px) 100vw, 230px\" \/><\/a><p id=\"caption-attachment-10697\" class=\"wp-caption-text\">Luis Gerardo Gonz\u00e1lez, presidente de SAPICA, y Javier Plascencia Reyes, presidente de CICEG.<\/p><\/div>\n<p>Seg\u00fan un informe de los organizadores, el valor que tiene SAPICA para la industria mexicana del calzado se manifiesta en la generaci\u00f3n de contactos y negocios que se llevan a cabo en el evento. La pasada edici\u00f3n de agosto 2016 recibi\u00f3 la asistencia de 3.515 empresas comercializadoras de calzado, de las cuales 169 fueron empresas extranjeras principalmente de pa\u00edses como Estados Unidos, Colombia y Guatemala.<\/p>\n<p>Explican que tambi\u00e9n recibi\u00f3 un 23% de compradores entre nacionales y extranjeros que llegaron por primera vez a la feria. En el caso de los visitantes del exterior, el 87% dijo que concret\u00f3 un pedido dentro de SAPICA.<\/p>\n<p>El informe resalta que SAPICA tiene un espacio de exposici\u00f3n y pasarelas para el dise\u00f1o y la moda mexicana, conocido como Fashion Avenue. All\u00ed diversas marcas difunden sus propuetas y las cualidades de sus productos.<\/p>\n<p>De igual manera se organizan las tradicionales pasarelas M\u00e9xico es Moda e Inaugural, donde j\u00f3venes y talentosos dise\u00f1adores mexicanos exhiben sus creaciones teniendo como punto de partida el calzado de la regi\u00f3n.<\/p>\n<table>\n<tbody>\n<tr>\n<td width=\"300\"><a href=\"http:\/\/www.cueroamerica.info\/wpnews\/wp-content\/uploads\/2017\/02\/prim-pasarela4.jpg\"><img decoding=\"async\" class=\"aligncenter size-medium wp-image-10702\" src=\"http:\/\/www.cueroamerica.info\/wpnews\/wp-content\/uploads\/2017\/02\/prim-pasarela4-300x200.jpg\" alt=\"\" width=\"auto\" height=\"182\" srcset=\"http:\/\/cueroamerica.info\/wpnews\/wp-content\/uploads\/2017\/02\/prim-pasarela4-300x200.jpg 300w, http:\/\/cueroamerica.info\/wpnews\/wp-content\/uploads\/2017\/02\/prim-pasarela4-768x512.jpg 768w, http:\/\/cueroamerica.info\/wpnews\/wp-content\/uploads\/2017\/02\/prim-pasarela4-1024x683.jpg 1024w, http:\/\/cueroamerica.info\/wpnews\/wp-content\/uploads\/2017\/02\/prim-pasarela4.jpg 1134w\" sizes=\"(max-width: 300px) 100vw, 300px\" \/><\/a><\/td>\n<td width=\"300\"><a href=\"http:\/\/www.cueroamerica.info\/wpnews\/wp-content\/uploads\/2017\/02\/Pasarela-Timnox-y-Macedonio-2.jpe\"><img loading=\"lazy\" decoding=\"async\" class=\"aligncenter size-medium wp-image-10700\" src=\"http:\/\/www.cueroamerica.info\/wpnews\/wp-content\/uploads\/2017\/02\/Pasarela-Timnox-y-Macedonio-2-300x182.jpe\" alt=\"\" width=\"300\" height=\"182\" srcset=\"http:\/\/cueroamerica.info\/wpnews\/wp-content\/uploads\/2017\/02\/Pasarela-Timnox-y-Macedonio-2-300x182.jpe 300w, http:\/\/cueroamerica.info\/wpnews\/wp-content\/uploads\/2017\/02\/Pasarela-Timnox-y-Macedonio-2-768x465.jpe 768w, http:\/\/cueroamerica.info\/wpnews\/wp-content\/uploads\/2017\/02\/Pasarela-Timnox-y-Macedonio-2.jpe 864w\" sizes=\"auto, (max-width: 300px) 100vw, 300px\" \/><\/a><\/td>\n<\/tr>\n<\/tbody>\n<\/table>\n<p>En la pasada edici\u00f3n se cre\u00f3 el \u201cPabell\u00f3n del Conocimiento\u201d, con el objetivo de generar un foro de discusi\u00f3n de alto nivel sobre los retos y oportunidades que enfrenta la comercializaci\u00f3n del calzado, los canales de distribuci\u00f3n en una econom\u00eda global con mayores demandas de servicio, tiempos de entrega y calidad.<\/p>\n<p>Concluye informando que SAPICA adem\u00e1s de ser uno de los mayores espacio de exhibici\u00f3n de calzado en Latinoam\u00e9rica y una s\u00f3lida plataforma de tendencias de dise\u00f1o, se convierte ahora en un verdadero Congreso de Calzado.<br \/>\n&#8212;&#8212;&#8212;&#8212;&#8212;&#8212;&#8212;&#8212;&#8212;&#8212;&#8212;-<br \/>\nSAPICA \/ CueroAm\u00e9rica<\/p>\n<p dir=\"ltr\">\u2014\u2014\u2014\u2014\u2014\u2014\u2014\u2014\u2014\u2014\u2014\u2014\u2014\u2014\u2014\u2014\u2014\u2014\u2014\u2014\u2014\u2014\u2014\u2014\u2014\u2014\u2014\u2014\u2014\u2014\u2014\u2014\u2014\u2014\u2014\u2014\u2014\u2014\u2014\u2014\u2014\u2014\u2014\u2014<\/p>\n<p dir=\"ltr\">Para comunicarse con CueroAm\u00e9rica: <span style=\"color: #3366ff;\"><a style=\"color: #3366ff;\" href=\"mailto:contacto@cueroamerica.com\">contacto@cueroamerica.com<\/a><\/span><\/p>\n<table border=\"0\" width=\"460\">\n<tbody>\n<tr>\n<td width=\"300\"><a href=\"http:\/\/www.fimec.com.br\/home\" target=\"_blank\"><img loading=\"lazy\" decoding=\"async\" src=\"\/img\/publicidad\/fimec_banner_cueroamerica_3.jpg\" width=\"300\" height=\"200\" \/><\/a>\n<\/td>\n<td width=\"171\"><a href=\"http:\/\/lanxess.com\/en\/corporate\/products-solutions\/business-units\/leather\/\" target=\"_blank\"><img loading=\"lazy\" decoding=\"async\" src=\"\/img\/publicidad\/300x200_v2-lanxess.gif\" width=\"300\" height=\"200\" \/><\/a><\/td>\n<\/tr>\n<\/tbody>\n<\/table>\n","protected":false},"excerpt":{"rendered":"<p>La edici\u00f3n Oto\u00f1o-Invierno de SAPICA se realizar\u00e1 del 14 al 17 de marzo de 2017 en el Poliforum Le\u00f3n, Guanajuato, M\u00e9xico. Un nuevo sal\u00f3n de la potente industria del calzado mexicano, cita obligada del comercio local y de pa\u00edses de la regi\u00f3n, y espacio al que acuden tambi\u00e9n los compradores de diversos mercados ultramarinos. Dentro [&hellip;]<\/p>\n","protected":false},"author":4,"featured_media":0,"comment_status":"closed","ping_status":"closed","sticky":false,"template":"","format":"standard","meta":{"footnotes":""},"categories":[65,60],"tags":[],"class_list":["post-10704","post","type-post","status-publish","format-standard","hentry","category-ferias-proximas","category-ferias","count-0","even alt","author-","last"],"_links":{"self":[{"href":"http:\/\/cueroamerica.info\/wpnews\/wp-json\/wp\/v2\/posts\/10704","targetHints":{"allow":["GET"]}}],"collection":[{"href":"http:\/\/cueroamerica.info\/wpnews\/wp-json\/wp\/v2\/posts"}],"about":[{"href":"http:\/\/cueroamerica.info\/wpnews\/wp-json\/wp\/v2\/types\/post"}],"author":[{"embeddable":true,"href":"http:\/\/cueroamerica.info\/wpnews\/wp-json\/wp\/v2\/users\/4"}],"replies":[{"embeddable":true,"href":"http:\/\/cueroamerica.info\/wpnews\/wp-json\/wp\/v2\/comments?post=10704"}],"version-history":[{"count":3,"href":"http:\/\/cueroamerica.info\/wpnews\/wp-json\/wp\/v2\/posts\/10704\/revisions"}],"predecessor-version":[{"id":10739,"href":"http:\/\/cueroamerica.info\/wpnews\/wp-json\/wp\/v2\/posts\/10704\/revisions\/10739"}],"wp:attachment":[{"href":"http:\/\/cueroamerica.info\/wpnews\/wp-json\/wp\/v2\/media?parent=10704"}],"wp:term":[{"taxonomy":"category","embeddable":true,"href":"http:\/\/cueroamerica.info\/wpnews\/wp-json\/wp\/v2\/categories?post=10704"},{"taxonomy":"post_tag","embeddable":true,"href":"http:\/\/cueroamerica.info\/wpnews\/wp-json\/wp\/v2\/tags?post=10704"}],"curies":[{"name":"wp","href":"https:\/\/api.w.org\/{rel}","templated":true}]}}