{"id":10707,"date":"2017-02-06T19:49:50","date_gmt":"2017-02-06T19:49:50","guid":{"rendered":"http:\/\/www.cueroamerica.info\/wpnews\/?p=10707"},"modified":"2017-02-06T19:49:50","modified_gmt":"2017-02-06T19:49:50","slug":"la-italiana-expo-riva-schuh-mantuvo-el-interes-y-el-nivel-de-expositores-y-visitantes","status":"publish","type":"post","link":"http:\/\/cueroamerica.info\/wpnews\/2017\/02\/la-italiana-expo-riva-schuh-mantuvo-el-interes-y-el-nivel-de-expositores-y-visitantes\/","title":{"rendered":"La italiana Expo Riva Schuh mantuvo el inter\u00e9s y el nivel de expositores y visitantes"},"content":{"rendered":"<p>La 87 edici\u00f3n de la feria Expo Riva Schuh concluy\u00f3 el 17 de enero con 13.024 visitantes provenientes de 100 pa\u00edses. El evento tuvo lugar en Riva del Garda, ubicada el norte de Italia, mostr\u00f3 una vez m\u00e1s su fuerte car\u00e1cter de proveedora internacional de calzado.<\/p>\n<table>\n<tbody>\n<tr>\n<td><a href=\"http:\/\/www.cueroamerica.info\/wpnews\/wp-content\/uploads\/2017\/02\/13754682_603668003148340_3867572817141583482_n.jpg\"><img decoding=\"async\" class=\"aligncenter size-medium wp-image-10687\" src=\"http:\/\/www.cueroamerica.info\/wpnews\/wp-content\/uploads\/2017\/02\/13754682_603668003148340_3867572817141583482_n-300x246.jpg\" alt=\"\" width=\"auto\" height=\"200\" srcset=\"http:\/\/cueroamerica.info\/wpnews\/wp-content\/uploads\/2017\/02\/13754682_603668003148340_3867572817141583482_n-300x246.jpg 300w, http:\/\/cueroamerica.info\/wpnews\/wp-content\/uploads\/2017\/02\/13754682_603668003148340_3867572817141583482_n.jpg 649w\" sizes=\"(max-width: 300px) 100vw, 300px\" \/><\/a><\/td>\n<td><a href=\"http:\/\/www.cueroamerica.info\/wpnews\/wp-content\/uploads\/2017\/02\/13880121_609012865947187_105386253578700266_n.jpg\"><img loading=\"lazy\" decoding=\"async\" class=\"aligncenter size-medium wp-image-10688\" src=\"http:\/\/www.cueroamerica.info\/wpnews\/wp-content\/uploads\/2017\/02\/13880121_609012865947187_105386253578700266_n-300x195.jpg\" alt=\"\" width=\"300\" height=\"195\" srcset=\"http:\/\/cueroamerica.info\/wpnews\/wp-content\/uploads\/2017\/02\/13880121_609012865947187_105386253578700266_n-300x195.jpg 300w, http:\/\/cueroamerica.info\/wpnews\/wp-content\/uploads\/2017\/02\/13880121_609012865947187_105386253578700266_n-768x498.jpg 768w, http:\/\/cueroamerica.info\/wpnews\/wp-content\/uploads\/2017\/02\/13880121_609012865947187_105386253578700266_n.jpg 800w\" sizes=\"auto, (max-width: 300px) 100vw, 300px\" \/><\/a><\/td>\n<\/tr>\n<\/tbody>\n<\/table>\n<table>\n<tbody>\n<tr>\n<td><a href=\"http:\/\/www.cueroamerica.info\/wpnews\/wp-content\/uploads\/2017\/02\/13891855_608954115953062_7140400613675216118_n.jpg\"><img loading=\"lazy\" decoding=\"async\" class=\"aligncenter size-medium wp-image-10689\" src=\"http:\/\/www.cueroamerica.info\/wpnews\/wp-content\/uploads\/2017\/02\/13891855_608954115953062_7140400613675216118_n-300x200.jpg\" alt=\"\" width=\"300\" height=\"200\" srcset=\"http:\/\/cueroamerica.info\/wpnews\/wp-content\/uploads\/2017\/02\/13891855_608954115953062_7140400613675216118_n-300x200.jpg 300w, http:\/\/cueroamerica.info\/wpnews\/wp-content\/uploads\/2017\/02\/13891855_608954115953062_7140400613675216118_n-768x511.jpg 768w, http:\/\/cueroamerica.info\/wpnews\/wp-content\/uploads\/2017\/02\/13891855_608954115953062_7140400613675216118_n.jpg 800w\" sizes=\"auto, (max-width: 300px) 100vw, 300px\" \/><\/a><\/td>\n<td><a href=\"http:\/\/www.cueroamerica.info\/wpnews\/wp-content\/uploads\/2017\/02\/13902659_608948385953635_1182044923919606633_n.jpg\"><img loading=\"lazy\" decoding=\"async\" class=\"aligncenter size-medium wp-image-10690\" src=\"http:\/\/www.cueroamerica.info\/wpnews\/wp-content\/uploads\/2017\/02\/13902659_608948385953635_1182044923919606633_n-300x200.jpg\" alt=\"\" width=\"300\" height=\"200\" srcset=\"http:\/\/cueroamerica.info\/wpnews\/wp-content\/uploads\/2017\/02\/13902659_608948385953635_1182044923919606633_n-300x200.jpg 300w, http:\/\/cueroamerica.info\/wpnews\/wp-content\/uploads\/2017\/02\/13902659_608948385953635_1182044923919606633_n-768x511.jpg 768w, http:\/\/cueroamerica.info\/wpnews\/wp-content\/uploads\/2017\/02\/13902659_608948385953635_1182044923919606633_n.jpg 800w\" sizes=\"auto, (max-width: 300px) 100vw, 300px\" \/><\/a><\/td>\n<\/tr>\n<\/tbody>\n<\/table>\n<table>\n<tbody>\n<tr>\n<td>\u00a0<a href=\"http:\/\/www.cueroamerica.info\/wpnews\/wp-content\/uploads\/2017\/02\/13906583_608572702657870_7722483646924395376_n.jpg\"><img loading=\"lazy\" decoding=\"async\" class=\"aligncenter wp-image-10691 size-medium\" src=\"http:\/\/www.cueroamerica.info\/wpnews\/wp-content\/uploads\/2017\/02\/13906583_608572702657870_7722483646924395376_n-300x200.jpg\" width=\"300\" height=\"200\" srcset=\"http:\/\/cueroamerica.info\/wpnews\/wp-content\/uploads\/2017\/02\/13906583_608572702657870_7722483646924395376_n-300x200.jpg 300w, http:\/\/cueroamerica.info\/wpnews\/wp-content\/uploads\/2017\/02\/13906583_608572702657870_7722483646924395376_n-768x511.jpg 768w, http:\/\/cueroamerica.info\/wpnews\/wp-content\/uploads\/2017\/02\/13906583_608572702657870_7722483646924395376_n.jpg 800w\" sizes=\"auto, (max-width: 300px) 100vw, 300px\" \/><\/a><\/td>\n<td>\u00a0<a href=\"http:\/\/www.cueroamerica.info\/wpnews\/wp-content\/uploads\/2017\/02\/14355633_637093666472440_7767846496111540882_n.jpg\"><img loading=\"lazy\" decoding=\"async\" class=\"aligncenter wp-image-10692 size-medium\" src=\"http:\/\/www.cueroamerica.info\/wpnews\/wp-content\/uploads\/2017\/02\/14355633_637093666472440_7767846496111540882_n-300x195.jpg\" width=\"300\" height=\"195\" srcset=\"http:\/\/cueroamerica.info\/wpnews\/wp-content\/uploads\/2017\/02\/14355633_637093666472440_7767846496111540882_n-300x195.jpg 300w, http:\/\/cueroamerica.info\/wpnews\/wp-content\/uploads\/2017\/02\/14355633_637093666472440_7767846496111540882_n-768x498.jpg 768w, http:\/\/cueroamerica.info\/wpnews\/wp-content\/uploads\/2017\/02\/14355633_637093666472440_7767846496111540882_n.jpg 960w\" sizes=\"auto, (max-width: 300px) 100vw, 300px\" \/><\/a><\/td>\n<\/tr>\n<\/tbody>\n<\/table>\n<table>\n<tbody>\n<tr>\n<td><a href=\"http:\/\/www.cueroamerica.info\/wpnews\/wp-content\/uploads\/2017\/02\/14358687_627000160815124_3373883790702614432_n.jpg\"><img loading=\"lazy\" decoding=\"async\" class=\"aligncenter size-medium wp-image-10693\" src=\"http:\/\/www.cueroamerica.info\/wpnews\/wp-content\/uploads\/2017\/02\/14358687_627000160815124_3373883790702614432_n-300x195.jpg\" alt=\"\" width=\"300\" height=\"195\" srcset=\"http:\/\/cueroamerica.info\/wpnews\/wp-content\/uploads\/2017\/02\/14358687_627000160815124_3373883790702614432_n-300x195.jpg 300w, http:\/\/cueroamerica.info\/wpnews\/wp-content\/uploads\/2017\/02\/14358687_627000160815124_3373883790702614432_n-768x498.jpg 768w, http:\/\/cueroamerica.info\/wpnews\/wp-content\/uploads\/2017\/02\/14358687_627000160815124_3373883790702614432_n.jpg 800w\" sizes=\"auto, (max-width: 300px) 100vw, 300px\" \/><\/a><\/td>\n<td><a href=\"http:\/\/www.cueroamerica.info\/wpnews\/wp-content\/uploads\/2017\/02\/14991973_656041287911011_6895597857612001251_n.jpg\"><img loading=\"lazy\" decoding=\"async\" class=\"aligncenter size-medium wp-image-10694\" src=\"http:\/\/www.cueroamerica.info\/wpnews\/wp-content\/uploads\/2017\/02\/14991973_656041287911011_6895597857612001251_n-300x199.jpg\" alt=\"\" width=\"300\" height=\"199\" srcset=\"http:\/\/cueroamerica.info\/wpnews\/wp-content\/uploads\/2017\/02\/14991973_656041287911011_6895597857612001251_n-300x199.jpg 300w, http:\/\/cueroamerica.info\/wpnews\/wp-content\/uploads\/2017\/02\/14991973_656041287911011_6895597857612001251_n-768x510.jpg 768w, http:\/\/cueroamerica.info\/wpnews\/wp-content\/uploads\/2017\/02\/14991973_656041287911011_6895597857612001251_n.jpg 960w\" sizes=\"auto, (max-width: 300px) 100vw, 300px\" \/><\/a><\/td>\n<\/tr>\n<\/tbody>\n<\/table>\n<p>Expo Riva Schuh present\u00f3 1.449 expositores, donde una mayor\u00eda de empresas italianas estuvo muy bien acompa\u00f1ada por fabricantes de otros 40 pa\u00edses, entre ellos China, India, Brasil, Portugal, Espa\u00f1a, Indonesia, Pakist\u00e1n, Hong Kong, T\u00fanez, Turqu\u00eda, entre otros. Estas marcas presentaron las colecciones de la temporada oto\u00f1o\/invierno 2017\/2018.<\/p>\n<table>\n<tbody>\n<tr>\n<td><a href=\"http:\/\/www.cueroamerica.info\/wpnews\/wp-content\/uploads\/2017\/02\/main-1.jpg\"><img loading=\"lazy\" decoding=\"async\" class=\"aligncenter size-medium wp-image-10698\" src=\"http:\/\/www.cueroamerica.info\/wpnews\/wp-content\/uploads\/2017\/02\/main-1-300x200.jpg\" alt=\"\" width=\"300\" height=\"200\" srcset=\"http:\/\/cueroamerica.info\/wpnews\/wp-content\/uploads\/2017\/02\/main-1-300x200.jpg 300w, http:\/\/cueroamerica.info\/wpnews\/wp-content\/uploads\/2017\/02\/main-1-768x511.jpg 768w, http:\/\/cueroamerica.info\/wpnews\/wp-content\/uploads\/2017\/02\/main-1.jpg 1000w\" sizes=\"auto, (max-width: 300px) 100vw, 300px\" \/><\/a><\/td>\n<td><a href=\"http:\/\/www.cueroamerica.info\/wpnews\/wp-content\/uploads\/2017\/02\/main-2.jpg\"><img loading=\"lazy\" decoding=\"async\" class=\"aligncenter size-medium wp-image-10699\" src=\"http:\/\/www.cueroamerica.info\/wpnews\/wp-content\/uploads\/2017\/02\/main-2-300x200.jpg\" alt=\"\" width=\"300\" height=\"200\" srcset=\"http:\/\/cueroamerica.info\/wpnews\/wp-content\/uploads\/2017\/02\/main-2-300x200.jpg 300w, http:\/\/cueroamerica.info\/wpnews\/wp-content\/uploads\/2017\/02\/main-2-768x511.jpg 768w, http:\/\/cueroamerica.info\/wpnews\/wp-content\/uploads\/2017\/02\/main-2.jpg 1000w\" sizes=\"auto, (max-width: 300px) 100vw, 300px\" \/><\/a><\/td>\n<\/tr>\n<\/tbody>\n<\/table>\n<p>La empresa organizadora, Riva del Garda Fierecongressi, inform\u00f3 que los resultados de esta \u00faltima edici\u00f3n estuvieron en l\u00ednea con los conseguidos en enero de 2016, que mostraron una baja en relaci\u00f3n a ediciones anteriores.<\/p>\n<div id=\"attachment_10703\" style=\"width: 223px\" class=\"wp-caption alignright\"><a href=\"http:\/\/www.cueroamerica.info\/wpnews\/wp-content\/uploads\/2017\/02\/Roberto-Pellegrini-presidente-de-Riva-del-Garda-Fierecongressi-.jpg\"><img loading=\"lazy\" decoding=\"async\" aria-describedby=\"caption-attachment-10703\" class=\" wp-image-10703\" src=\"http:\/\/www.cueroamerica.info\/wpnews\/wp-content\/uploads\/2017\/02\/Roberto-Pellegrini-presidente-de-Riva-del-Garda-Fierecongressi-.jpg\" alt=\"Roberto Pellegrini, presidente de Riva del Garda Fierecongressi\" width=\"213\" height=\"159\" \/><\/a><p id=\"caption-attachment-10703\" class=\"wp-caption-text\">Roberto Pellegrini, presidente de Riva del Garda Fierecongressi<\/p><\/div>\n<p>Sin embargo, Roberto Pellegrini, presidente de Riva del Garda Fierecongressi, dijo que esta edici\u00f3n \u201creafirm\u00f3\u201d el rol de Expo Riva Schuh como un evento de ventas internacional para el calzado. Agreg\u00f3 que la exhibici\u00f3n nunca cambi\u00f3 su curso y esta consistencia dio buenos resultados a largo plazo.<\/p>\n<p>La pr\u00f3xima edici\u00f3n de Expo Riva Schuh tendr\u00e1 lugar del 10 al 13 del junio de este a\u00f1o.<\/p>\n<p>&#8212;&#8212;&#8212;&#8212;&#8212;&#8212;&#8212;&#8212;&#8212;<\/p>\n<p>ILM \/ CueroAm\u00e9rica<\/p>\n<p dir=\"ltr\">\u2014\u2014\u2014\u2014\u2014\u2014\u2014\u2014\u2014\u2014\u2014\u2014\u2014\u2014\u2014\u2014\u2014\u2014\u2014\u2014\u2014\u2014\u2014\u2014\u2014\u2014\u2014\u2014\u2014\u2014\u2014\u2014\u2014\u2014\u2014\u2014\u2014\u2014\u2014\u2014\u2014\u2014\u2014\u2014<\/p>\n<p dir=\"ltr\">Para comunicarse con CueroAm\u00e9rica: <span style=\"color: #3366ff;\"><a style=\"color: #3366ff;\" href=\"mailto:contacto@cueroamerica.com\">contacto@cueroamerica.com<\/a><\/span><\/p>\n<table border=\"0\" width=\"460\">\n<tbody>\n<tr>\n<td width=\"300\"><a target=\"_blank\" href=\"http:\/\/apps.ubmasia.com\/links\/Show.aspx?sid=1448\"><img loading=\"lazy\" decoding=\"async\" width=\"300\" height=\"200\" src=\"\/img\/publicidad\/APLF17_CueroAmerica_300x200.png\"><\/a><\/td>\n<td width=\"171\"><a href=\"http:\/\/apps.ubmasia.com\/links\/Show.aspx?sid=1449\" target=\"_blank\"><img loading=\"lazy\" decoding=\"async\" src=\"\/img\/publicidad\/FAS17_CueroAmerica_300x200.png\" width=\"300\" height=\"200\" \/><\/a><\/p>\n<\/td>\n<\/tr>\n<\/tbody>\n<\/table>\n","protected":false},"excerpt":{"rendered":"<p>La 87 edici\u00f3n de la feria Expo Riva Schuh concluy\u00f3 el 17 de enero con 13.024 visitantes provenientes de 100 pa\u00edses. El evento tuvo lugar en Riva del Garda, ubicada el norte de Italia, mostr\u00f3 una vez m\u00e1s su fuerte car\u00e1cter de proveedora internacional de calzado. \u00a0 \u00a0 Expo Riva Schuh present\u00f3 1.449 expositores, donde [&hellip;]<\/p>\n","protected":false},"author":4,"featured_media":0,"comment_status":"closed","ping_status":"closed","sticky":false,"template":"","format":"standard","meta":{"footnotes":""},"categories":[66,60],"tags":[],"class_list":["post-10707","post","type-post","status-publish","format-standard","hentry","category-ferias-realizadas","category-ferias","count-0","even alt","author-","last"],"_links":{"self":[{"href":"http:\/\/cueroamerica.info\/wpnews\/wp-json\/wp\/v2\/posts\/10707","targetHints":{"allow":["GET"]}}],"collection":[{"href":"http:\/\/cueroamerica.info\/wpnews\/wp-json\/wp\/v2\/posts"}],"about":[{"href":"http:\/\/cueroamerica.info\/wpnews\/wp-json\/wp\/v2\/types\/post"}],"author":[{"embeddable":true,"href":"http:\/\/cueroamerica.info\/wpnews\/wp-json\/wp\/v2\/users\/4"}],"replies":[{"embeddable":true,"href":"http:\/\/cueroamerica.info\/wpnews\/wp-json\/wp\/v2\/comments?post=10707"}],"version-history":[{"count":10,"href":"http:\/\/cueroamerica.info\/wpnews\/wp-json\/wp\/v2\/posts\/10707\/revisions"}],"predecessor-version":[{"id":10717,"href":"http:\/\/cueroamerica.info\/wpnews\/wp-json\/wp\/v2\/posts\/10707\/revisions\/10717"}],"wp:attachment":[{"href":"http:\/\/cueroamerica.info\/wpnews\/wp-json\/wp\/v2\/media?parent=10707"}],"wp:term":[{"taxonomy":"category","embeddable":true,"href":"http:\/\/cueroamerica.info\/wpnews\/wp-json\/wp\/v2\/categories?post=10707"},{"taxonomy":"post_tag","embeddable":true,"href":"http:\/\/cueroamerica.info\/wpnews\/wp-json\/wp\/v2\/tags?post=10707"}],"curies":[{"name":"wp","href":"https:\/\/api.w.org\/{rel}","templated":true}]}}