{"id":10798,"date":"2017-03-09T15:13:39","date_gmt":"2017-03-09T15:13:39","guid":{"rendered":"http:\/\/cueroamerica.info\/wpnews\/?p=10798"},"modified":"2017-03-09T15:30:20","modified_gmt":"2017-03-09T15:30:20","slug":"la-industria-del-calzado-de-la-argentina-denuncio-su-fuerte-crisis-y-requiere-acciones-que-valoren-su-actividad-industrial","status":"publish","type":"post","link":"http:\/\/cueroamerica.info\/wpnews\/2017\/03\/la-industria-del-calzado-de-la-argentina-denuncio-su-fuerte-crisis-y-requiere-acciones-que-valoren-su-actividad-industrial\/","title":{"rendered":"La industria del calzado de la Argentina denunci\u00f3 su fuerte crisis y requiere acciones que valoren su actividad industrial"},"content":{"rendered":"<div id=\"attachment_10805\" style=\"width: 285px\" class=\"wp-caption alignright\"><a href=\"http:\/\/cueroamerica.info\/wpnews\/wp-content\/uploads\/2017\/03\/Dami\u00e1n-Valerio-secretario-de-la-CIC-de-Santa-Fe-Alberto-Sellaro-presidente-de-FAICA-y-de-CIC-y-Hugo-Albado-vicepresidente-de-CIC-C\u00f3rdoba-1-1.jpg\"><img loading=\"lazy\" decoding=\"async\" aria-describedby=\"caption-attachment-10805\" class=\"wp-image-10805 \" src=\"http:\/\/cueroamerica.info\/wpnews\/wp-content\/uploads\/2017\/03\/Dami\u00e1n-Valerio-secretario-de-la-CIC-de-Santa-Fe-Alberto-Sellaro-presidente-de-FAICA-y-de-CIC-y-Hugo-Albado-vicepresidente-de-CIC-C\u00f3rdoba-1-1-300x182.jpg\" width=\"275\" height=\"167\" srcset=\"http:\/\/cueroamerica.info\/wpnews\/wp-content\/uploads\/2017\/03\/Dami\u00e1n-Valerio-secretario-de-la-CIC-de-Santa-Fe-Alberto-Sellaro-presidente-de-FAICA-y-de-CIC-y-Hugo-Albado-vicepresidente-de-CIC-C\u00f3rdoba-1-1-300x182.jpg 300w, http:\/\/cueroamerica.info\/wpnews\/wp-content\/uploads\/2017\/03\/Dami\u00e1n-Valerio-secretario-de-la-CIC-de-Santa-Fe-Alberto-Sellaro-presidente-de-FAICA-y-de-CIC-y-Hugo-Albado-vicepresidente-de-CIC-C\u00f3rdoba-1-1-768x465.jpg 768w, http:\/\/cueroamerica.info\/wpnews\/wp-content\/uploads\/2017\/03\/Dami\u00e1n-Valerio-secretario-de-la-CIC-de-Santa-Fe-Alberto-Sellaro-presidente-de-FAICA-y-de-CIC-y-Hugo-Albado-vicepresidente-de-CIC-C\u00f3rdoba-1-1-1024x620.jpg 1024w, http:\/\/cueroamerica.info\/wpnews\/wp-content\/uploads\/2017\/03\/Dami\u00e1n-Valerio-secretario-de-la-CIC-de-Santa-Fe-Alberto-Sellaro-presidente-de-FAICA-y-de-CIC-y-Hugo-Albado-vicepresidente-de-CIC-C\u00f3rdoba-1-1.jpg 1140w\" sizes=\"auto, (max-width: 275px) 100vw, 275px\" \/><\/a><p id=\"caption-attachment-10805\" class=\"wp-caption-text\">Dami\u00e1n Valerio, secretario de la CIC de Santa Fe, Alberto Sellaro presidente de FAICA y de CIC y Hugo Albado, vicepresidente de CIC C\u00f3rdoba<\/p><\/div>\n<p>La industria argentina del calzado realiz\u00f3 una conferencia de prensa para dar a conocer la grave situaci\u00f3n que vive el sector (-11,2% en 2016), afectado por la importante ca\u00edda del consumo y la importaci\u00f3n de productos. La Federaci\u00f3n Argentina de la Industria del Calzado y Afines (FAICA) present\u00f3 un informe sobre cierre de f\u00e1bricas y p\u00e9rdida de los puestos de trabajo, suspensiones y vacaciones anticipadas. Pero explic\u00f3 las caracter\u00edsticas del plan que present\u00f3 al gobierno argentino, con el objetivo de mejorar la situaci\u00f3n de las empresas manufactureras que representa.<\/p>\n<p>En la reciente conferencia de prensa estuvieron presentes Alberto Sellaro, presidente de FAICA y de la C\u00e1mara de la Industria del Calzado, y los presidentes de las c\u00e1maras del Calzado de C\u00f3rdoba y de Santa Fe, Hugo Aldado y Dami\u00e1n Valerio.<\/p>\n<p>Sellaro explic\u00f3 que \u201cla Argentina tiene 2.300 peque\u00f1as y medianas empresas fabricantes de calzado, sector manufacturero que cumple 120 a\u00f1os en el pa\u00eds y junto a su cadena de valor ocupan 85.000 puestos de trabajo en forma directa e indirecta.<\/p>\n<p>El titular de FAICA detall\u00f3 la situaci\u00f3n de las empresas agobiadas por la disminuci\u00f3n de ventas debido a la ca\u00edda del consumo interno, el enorme incremento de costos \u2013especialmente por aumento de los servicios p\u00fablicos-, una mayor presi\u00f3n fiscal y el incremento de las importaciones que compiten, en un mercado achicado, con la producci\u00f3n nacional.<\/p>\n<table>\n<tbody>\n<tr>\n<td>\n<p><div id=\"attachment_10797\" style=\"width: 290px\" class=\"wp-caption aligncenter\"><a href=\"http:\/\/cueroamerica.info\/wpnews\/wp-content\/uploads\/2017\/03\/Consumo-aparente-de-calzado-en-la-Argentina-en-el-per\u00edodo-2001-2016.jpg\"><img decoding=\"async\" aria-describedby=\"caption-attachment-10797\" class=\"size-medium wp-image-10797\" src=\"http:\/\/cueroamerica.info\/wpnews\/wp-content\/uploads\/2017\/03\/Consumo-aparente-de-calzado-en-la-Argentina-en-el-per\u00edodo-2001-2016-300x169.jpg\" alt=\"Consumo aparente de calzado en la Argentina en el per\u00edodo 2001-2016\" width=\"280\" height=\"auto\" srcset=\"http:\/\/cueroamerica.info\/wpnews\/wp-content\/uploads\/2017\/03\/Consumo-aparente-de-calzado-en-la-Argentina-en-el-per\u00edodo-2001-2016-300x169.jpg 300w, http:\/\/cueroamerica.info\/wpnews\/wp-content\/uploads\/2017\/03\/Consumo-aparente-de-calzado-en-la-Argentina-en-el-per\u00edodo-2001-2016-768x434.jpg 768w, http:\/\/cueroamerica.info\/wpnews\/wp-content\/uploads\/2017\/03\/Consumo-aparente-de-calzado-en-la-Argentina-en-el-per\u00edodo-2001-2016-1024x579.jpg 1024w, http:\/\/cueroamerica.info\/wpnews\/wp-content\/uploads\/2017\/03\/Consumo-aparente-de-calzado-en-la-Argentina-en-el-per\u00edodo-2001-2016.jpg 1154w\" sizes=\"(max-width: 300px) 100vw, 300px\" \/><\/a><p id=\"caption-attachment-10797\" class=\"wp-caption-text\">Consumo aparente de calzado en la Argentina en el per\u00edodo 2001-2016<\/p><\/div><\/td>\n<td>\n<p><div id=\"attachment_10796\" style=\"width: 290px\" class=\"wp-caption aligncenter\"><a href=\"http:\/\/cueroamerica.info\/wpnews\/wp-content\/uploads\/2017\/03\/Producci\u00f3n-argentina-de-calzado-en-el-per\u00edodo-1991-2016.jpg\"><img decoding=\"async\" aria-describedby=\"caption-attachment-10796\" class=\"size-medium wp-image-10796\" src=\"http:\/\/cueroamerica.info\/wpnews\/wp-content\/uploads\/2017\/03\/Producci\u00f3n-argentina-de-calzado-en-el-per\u00edodo-1991-2016-300x187.jpg\" alt=\"Producci\u00f3n argentina de calzado en el per\u00edodo 1991-2016\" width=\"280\" height=\"auto\" srcset=\"http:\/\/cueroamerica.info\/wpnews\/wp-content\/uploads\/2017\/03\/Producci\u00f3n-argentina-de-calzado-en-el-per\u00edodo-1991-2016-300x187.jpg 300w, http:\/\/cueroamerica.info\/wpnews\/wp-content\/uploads\/2017\/03\/Producci\u00f3n-argentina-de-calzado-en-el-per\u00edodo-1991-2016-768x478.jpg 768w, http:\/\/cueroamerica.info\/wpnews\/wp-content\/uploads\/2017\/03\/Producci\u00f3n-argentina-de-calzado-en-el-per\u00edodo-1991-2016-1024x637.jpg 1024w, http:\/\/cueroamerica.info\/wpnews\/wp-content\/uploads\/2017\/03\/Producci\u00f3n-argentina-de-calzado-en-el-per\u00edodo-1991-2016.jpg 1111w\" sizes=\"(max-width: 300px) 100vw, 300px\" \/><\/a><p id=\"caption-attachment-10796\" class=\"wp-caption-text\">Producci\u00f3n argentina de calzado en el per\u00edodo 1991-2016<\/p><\/div><\/td>\n<\/tr>\n<\/tbody>\n<\/table>\n<p>A esta coyuntura sectorial, acotaron los industriales, la industria del calzado suma la problem\u00e1tica de una mano de obra intensiva con salarios que son superiores a otros pa\u00edses. Otros problemas que agravan la situaci\u00f3n son los altos costos de producci\u00f3n, la actual facilitaci\u00f3n de la importaci\u00f3n y la amenaza constante del contrabando. Estas situaciones en gran medida est\u00e1n generadas por un importante retraso del tipo de cambio, que adem\u00e1s imposibilita las exportaciones. Las empresas enfrentan tambi\u00e9n una importante carga impositiva, duplicaci\u00f3n de impuestos y altos costos de log\u00edstica.<\/p>\n<p>Este grave cuadro de situaci\u00f3n genera una fuerte crisis en el sector, que deriva en representada por las suspensiones de personal, recortes de turnos y vacaciones anticipadas, y numerosos cierres de f\u00e1bricas con los consecuentes despidos.<\/p>\n<div id=\"attachment_10807\" style=\"width: 199px\" class=\"wp-caption alignright\"><a href=\"http:\/\/cueroamerica.info\/wpnews\/wp-content\/uploads\/2017\/03\/Alberto-Sellaro-presidente-de-Federaci\u00f3n-Argentina-de-la-Industria-del-Calzado-y-Afines-FAICA-y-de-la-C\u00e1mara-de-la-Industria-del-Calzado-1.jpg\"><img loading=\"lazy\" decoding=\"async\" aria-describedby=\"caption-attachment-10807\" class=\"wp-image-10807\" src=\"http:\/\/cueroamerica.info\/wpnews\/wp-content\/uploads\/2017\/03\/Alberto-Sellaro-presidente-de-Federaci\u00f3n-Argentina-de-la-Industria-del-Calzado-y-Afines-FAICA-y-de-la-C\u00e1mara-de-la-Industria-del-Calzado-1-200x300.jpg\" alt=\"Alberto Sellaro, presidente de Federaci\u00f3n Argentina de la Industria del Calzado y Afines (FAICA) y de la C\u00e1mara de la Industria del Calzado\" width=\"189\" height=\"284\" \/><\/a><p id=\"caption-attachment-10807\" class=\"wp-caption-text\">Alberto Sellaro, presidente de Federaci\u00f3n Argentina de la Industria del Calzado y Afines (FAICA) y de la C\u00e1mara de la Industria del Calzado<\/p><\/div>\n<p>Seg\u00fan Sellaro, el informe de FAICA se\u00f1ala que \u201cla industria del calzado pas\u00f3 de producir: 36 millones de pares en 2001, el a\u00f1o m\u00e1s dram\u00e1tico para el sector, a 125 millones de pares en 2015. Pero que en 2016 se fabricaron 111 millones de pares, lo que representa un ca\u00edda del 11,2% respecto a 2015.\u201d<\/p>\n<p>Colabor\u00f3 en esta circunstancia que durante 2016 se importaron 27,3 millones de pares lo que representa un crecimiento del 22% con respecto a 2015. Pero la situaci\u00f3n se agrava porque del ingreso de calzado en un mes y medio de 2017 supera en un 62% la cantidad que ingres\u00f3 en el mismo periodo de 2016. Cabe destacar, que hubo un fuerte aumento de importaciones de Indonesia (83%), Brasil (82%) y China (73%)<\/p>\n<p>Sellaro inform\u00f3 que el plan de mejora de la competitividad de la industria del calzado, presentado al gobierno nacional, consiste en incorporar a los productos mayor valor agregado, especializaci\u00f3n productiva, fortalecimiento de la cadena de valor y aplicando mejores pr\u00e1cticas productivas con el objetivo de lograr una mayor inserci\u00f3n internacional de \u00e9sta industria.<\/p>\n<p>El objetivo del plan es Incentivar el desarrollo industrial, mejorar la competitividad y la especializaci\u00f3n e inserci\u00f3n internacional del calzado nacional. Para esto se buscar\u00e1n aplicar herramientas como la innovaci\u00f3n y el dise\u00f1o y propendiendo a la formalizaci\u00f3n laboral. Para lograr resultados las empresas deber\u00e1n acceder a planes de financiaci\u00f3n competitivos.<br \/>\n&#8212;&#8212;&#8212;&#8212;&#8212;&#8212;&#8212;&#8212;&#8212;<br \/>\nCIC \/ CueroAm\u00e9rica<\/p>\n<p dir=\"ltr\">\u2014\u2014\u2014\u2014\u2014\u2014\u2014\u2014\u2014\u2014\u2014\u2014\u2014\u2014\u2014\u2014\u2014\u2014\u2014\u2014\u2014\u2014\u2014\u2014\u2014\u2014\u2014\u2014\u2014\u2014\u2014\u2014\u2014\u2014\u2014\u2014\u2014\u2014\u2014\u2014\u2014\u2014\u2014\u2014<\/p>\n<p dir=\"ltr\">Para comunicarse con CueroAm\u00e9rica: <span style=\"color: #3366ff;\"><a style=\"color: #3366ff;\" href=\"mailto:contacto@cueroamerica.com\">contacto@cueroamerica.com<\/a><\/span><\/p>\n<table border=\"0\" width=\"460\">\n<tbody>\n<tr>\n<td width=\"300\"><a href=\"http:\/\/lanxess.com\/en\/corporate\/products-solutions\/business-units\/leather\/\" target=\"_blank\"><img loading=\"lazy\" decoding=\"async\" src=\"\/img\/publicidad\/300x200_v2-lanxess.gif\" width=\"300\" height=\"200\" \/><\/a><\/td>\n<td width=\"171\"><a href=\"http:\/\/www.aaqtic.org.ar\" target=\"_blank\"><img loading=\"lazy\" decoding=\"async\" src=\"\/img\/publicidad\/aaqtic-banner.gif\" alt=\"\" width=\"300\" height=\"200\" border=\"0\" \/><\/a><\/td>\n<\/tr>\n<\/tbody>\n<\/table>\n","protected":false},"excerpt":{"rendered":"<p>La industria argentina del calzado realiz\u00f3 una conferencia de prensa para dar a conocer la grave situaci\u00f3n que vive el sector (-11,2% en 2016), afectado por la importante ca\u00edda del consumo y la importaci\u00f3n de productos. La Federaci\u00f3n Argentina de la Industria del Calzado y Afines (FAICA) present\u00f3 un informe sobre cierre de f\u00e1bricas y [&hellip;]<\/p>\n","protected":false},"author":4,"featured_media":0,"comment_status":"closed","ping_status":"closed","sticky":false,"template":"","format":"standard","meta":{"footnotes":""},"categories":[80,61],"tags":[],"class_list":["post-10798","post","type-post","status-publish","format-standard","hentry","category-crisis","category-noticias-de-america-latina","count-0","even alt","author-","last"],"_links":{"self":[{"href":"http:\/\/cueroamerica.info\/wpnews\/wp-json\/wp\/v2\/posts\/10798","targetHints":{"allow":["GET"]}}],"collection":[{"href":"http:\/\/cueroamerica.info\/wpnews\/wp-json\/wp\/v2\/posts"}],"about":[{"href":"http:\/\/cueroamerica.info\/wpnews\/wp-json\/wp\/v2\/types\/post"}],"author":[{"embeddable":true,"href":"http:\/\/cueroamerica.info\/wpnews\/wp-json\/wp\/v2\/users\/4"}],"replies":[{"embeddable":true,"href":"http:\/\/cueroamerica.info\/wpnews\/wp-json\/wp\/v2\/comments?post=10798"}],"version-history":[{"count":9,"href":"http:\/\/cueroamerica.info\/wpnews\/wp-json\/wp\/v2\/posts\/10798\/revisions"}],"predecessor-version":[{"id":10809,"href":"http:\/\/cueroamerica.info\/wpnews\/wp-json\/wp\/v2\/posts\/10798\/revisions\/10809"}],"wp:attachment":[{"href":"http:\/\/cueroamerica.info\/wpnews\/wp-json\/wp\/v2\/media?parent=10798"}],"wp:term":[{"taxonomy":"category","embeddable":true,"href":"http:\/\/cueroamerica.info\/wpnews\/wp-json\/wp\/v2\/categories?post=10798"},{"taxonomy":"post_tag","embeddable":true,"href":"http:\/\/cueroamerica.info\/wpnews\/wp-json\/wp\/v2\/tags?post=10798"}],"curies":[{"name":"wp","href":"https:\/\/api.w.org\/{rel}","templated":true}]}}