{"id":10820,"date":"2017-03-09T15:57:16","date_gmt":"2017-03-09T15:57:16","guid":{"rendered":"http:\/\/cueroamerica.info\/wpnews\/?p=10820"},"modified":"2017-03-09T15:57:16","modified_gmt":"2017-03-09T15:57:16","slug":"inspiramais-desplego-su-gran-caudal-de-ideas-y-originalidad-para-la-industria-de-la-moda","status":"publish","type":"post","link":"http:\/\/cueroamerica.info\/wpnews\/2017\/03\/inspiramais-desplego-su-gran-caudal-de-ideas-y-originalidad-para-la-industria-de-la-moda\/","title":{"rendered":"Inspiramais despleg\u00f3 su gran caudal de ideas y originalidad para la industria de la moda"},"content":{"rendered":"<p>Recientemente tuvo lugar INSPIRAMAIS el \u00fanico Sal\u00f3n de Dise\u00f1o e Innovaci\u00f3n de Componentes de Am\u00e9rica Latina tiene lugar en la ciudad de San Paulo y abarca toda la cadena textil y del calzado. All\u00ed se presentaron m\u00e1s de 900 materiales innovadores para la industria de la moda, anticipando las temporadas. Un evento fascinante, que derrocha creatividad e ideas sobre la industria y que es imprescindible conocer y aprovechar.<\/p>\n<table>\n<tbody>\n<tr>\n<td><a href=\"http:\/\/cueroamerica.info\/wpnews\/wp-content\/uploads\/2017\/03\/1.-Inspira-353.jpg\"><img loading=\"lazy\" decoding=\"async\" class=\"aligncenter size-medium wp-image-10812\" src=\"http:\/\/cueroamerica.info\/wpnews\/wp-content\/uploads\/2017\/03\/1.-Inspira-353-300x200.jpg\" alt=\"\" width=\"300\" height=\"200\" srcset=\"http:\/\/cueroamerica.info\/wpnews\/wp-content\/uploads\/2017\/03\/1.-Inspira-353-300x200.jpg 300w, http:\/\/cueroamerica.info\/wpnews\/wp-content\/uploads\/2017\/03\/1.-Inspira-353-768x512.jpg 768w, http:\/\/cueroamerica.info\/wpnews\/wp-content\/uploads\/2017\/03\/1.-Inspira-353.jpg 1000w\" sizes=\"auto, (max-width: 300px) 100vw, 300px\" \/><\/a><\/td>\n<td><a href=\"http:\/\/cueroamerica.info\/wpnews\/wp-content\/uploads\/2017\/03\/2.-Inspira-407.jpg\"><img loading=\"lazy\" decoding=\"async\" class=\"aligncenter size-medium wp-image-10813\" src=\"http:\/\/cueroamerica.info\/wpnews\/wp-content\/uploads\/2017\/03\/2.-Inspira-407-300x200.jpg\" alt=\"\" width=\"300\" height=\"200\" srcset=\"http:\/\/cueroamerica.info\/wpnews\/wp-content\/uploads\/2017\/03\/2.-Inspira-407-300x200.jpg 300w, http:\/\/cueroamerica.info\/wpnews\/wp-content\/uploads\/2017\/03\/2.-Inspira-407-768x512.jpg 768w, http:\/\/cueroamerica.info\/wpnews\/wp-content\/uploads\/2017\/03\/2.-Inspira-407.jpg 1000w\" sizes=\"auto, (max-width: 300px) 100vw, 300px\" \/><\/a><\/td>\n<\/tr>\n<\/tbody>\n<\/table>\n<p>La 15\u00aa edici\u00f3n del Sal\u00f3n de Dise\u00f1o e Innovaci\u00f3n de Componentes INSPIRAMAIS se realiz\u00f3 los d\u00edas 16 y 17 de enero en San Paulo, coincidiendo con en fechas con las ferias Couromnoda y Sao Pablo Pret \u00e0 Porter. Este sal\u00f3n se debe a la creaci\u00f3n y organizaci\u00f3n de la Asociaci\u00f3n Brasile\u00f1a de Empresas de Componentes para Cuero, Calzado y Manufacturas (Assintecal) en asociaci\u00f3n con otras entidades empresarias.<\/p>\n<table>\n<tbody>\n<tr>\n<td><a href=\"http:\/\/cueroamerica.info\/wpnews\/wp-content\/uploads\/2017\/03\/3.-Inspira-618.jpg\"><img loading=\"lazy\" decoding=\"async\" class=\"aligncenter size-medium wp-image-10815\" src=\"http:\/\/cueroamerica.info\/wpnews\/wp-content\/uploads\/2017\/03\/3.-Inspira-618-300x200.jpg\" alt=\"\" width=\"300\" height=\"200\" srcset=\"http:\/\/cueroamerica.info\/wpnews\/wp-content\/uploads\/2017\/03\/3.-Inspira-618-300x200.jpg 300w, http:\/\/cueroamerica.info\/wpnews\/wp-content\/uploads\/2017\/03\/3.-Inspira-618-768x512.jpg 768w, http:\/\/cueroamerica.info\/wpnews\/wp-content\/uploads\/2017\/03\/3.-Inspira-618.jpg 1000w\" sizes=\"auto, (max-width: 300px) 100vw, 300px\" \/><\/a><\/td>\n<td><a href=\"http:\/\/cueroamerica.info\/wpnews\/wp-content\/uploads\/2017\/03\/4.-Inspira-658.jpg\"><img loading=\"lazy\" decoding=\"async\" class=\"aligncenter size-medium wp-image-10811\" src=\"http:\/\/cueroamerica.info\/wpnews\/wp-content\/uploads\/2017\/03\/4.-Inspira-658-300x200.jpg\" alt=\"\" width=\"300\" height=\"200\" srcset=\"http:\/\/cueroamerica.info\/wpnews\/wp-content\/uploads\/2017\/03\/4.-Inspira-658-300x200.jpg 300w, http:\/\/cueroamerica.info\/wpnews\/wp-content\/uploads\/2017\/03\/4.-Inspira-658-768x512.jpg 768w, http:\/\/cueroamerica.info\/wpnews\/wp-content\/uploads\/2017\/03\/4.-Inspira-658.jpg 1000w\" sizes=\"auto, (max-width: 300px) 100vw, 300px\" \/><\/a><\/td>\n<\/tr>\n<\/tbody>\n<\/table>\n<div id=\"attachment_10816\" style=\"width: 165px\" class=\"wp-caption alignleft\"><a href=\"http:\/\/cueroamerica.info\/wpnews\/wp-content\/uploads\/2017\/03\/Ilse-Guimaraes-gerente-general-de-Assintecal_2.jpg\"><img loading=\"lazy\" decoding=\"async\" aria-describedby=\"caption-attachment-10816\" class=\" wp-image-10816\" src=\"http:\/\/cueroamerica.info\/wpnews\/wp-content\/uploads\/2017\/03\/Ilse-Guimaraes-gerente-general-de-Assintecal_2-208x300.jpg\" alt=\"Ilse Guimaraes, gerente general de Assintecal\" width=\"155\" height=\"224\" srcset=\"http:\/\/cueroamerica.info\/wpnews\/wp-content\/uploads\/2017\/03\/Ilse-Guimaraes-gerente-general-de-Assintecal_2-208x300.jpg 208w, http:\/\/cueroamerica.info\/wpnews\/wp-content\/uploads\/2017\/03\/Ilse-Guimaraes-gerente-general-de-Assintecal_2.jpg 589w\" sizes=\"auto, (max-width: 155px) 100vw, 155px\" \/><\/a><p id=\"caption-attachment-10816\" class=\"wp-caption-text\">Ilse Guimaraes, gerente general de Assintecal<\/p><\/div>\n<p>INSPIRAMAIS moviliz\u00f3 a toda la industria de la confecci\u00f3n y del calzado de Brasil, logrando la in\u00e9dita integraci\u00f3n de esas dos cadenas de provisi\u00f3n de materiales, insumos y av\u00edos. Adem\u00e1s, el Sal\u00f3n sigui\u00f3 traspasando fronteras, recibiendo a muchos empresarios y profesionales de Am\u00e9rica Latina y tambi\u00e9n de Estados Unidos y Europa.<\/p>\n<p>Sin duda el sal\u00f3n se convirti\u00f3 en un faro luminoso en materia de concepci\u00f3n y desarrollo de las tendencias de moda, mostrando las posibilidades de un trabajo a largo plazo sobre el desarrollo de ideas propias en base a las ricas experiencias que re\u00fane toda sociedad. En la recuperaci\u00f3n de referencias locales, antiguas artesan\u00edas que perviven en cada pa\u00eds y que se logran convertir en identidad, incluso tomando como referencias ciertas marcas de la moda internacional.<\/p>\n<div id=\"attachment_10819\" style=\"width: 183px\" class=\"wp-caption alignright\"><a href=\"http:\/\/cueroamerica.info\/wpnews\/wp-content\/uploads\/2017\/03\/El-dise\u00f1ador-y-estilista-Walter-Rodriguez-dirige-el-equipo-que-asesora-a-las-empresas.jpg\"><img loading=\"lazy\" decoding=\"async\" aria-describedby=\"caption-attachment-10819\" class=\" wp-image-10819\" src=\"http:\/\/cueroamerica.info\/wpnews\/wp-content\/uploads\/2017\/03\/El-dise\u00f1ador-y-estilista-Walter-Rodriguez-dirige-el-equipo-que-asesora-a-las-empresas-228x300.jpg\" alt=\"El dise\u00f1ador y estilista Walter Rodriguez dirige el equipo que asesora a las empresas\" width=\"173\" height=\"228\" srcset=\"http:\/\/cueroamerica.info\/wpnews\/wp-content\/uploads\/2017\/03\/El-dise\u00f1ador-y-estilista-Walter-Rodriguez-dirige-el-equipo-que-asesora-a-las-empresas-228x300.jpg 228w, http:\/\/cueroamerica.info\/wpnews\/wp-content\/uploads\/2017\/03\/El-dise\u00f1ador-y-estilista-Walter-Rodriguez-dirige-el-equipo-que-asesora-a-las-empresas.jpg 645w\" sizes=\"auto, (max-width: 173px) 100vw, 173px\" \/><\/a><p id=\"caption-attachment-10819\" class=\"wp-caption-text\">El dise\u00f1ador y estilista Walter Rodriguez dirige el equipo que asesora a las empresas<\/p><\/div>\n<p>Por eso durante la realizaci\u00f3n de la muestra se presentaron una serie de proyectos y lanzamientos que buscaron construir el concepto de una moda genuinamente brasile\u00f1a -en la que en muchos casos asoma toda Latinoam\u00e9rica-, con una importante cuota de innovaci\u00f3n por medio del dise\u00f1o, la tecnolog\u00eda y teniendo en cuenta la sostenibilidad.<\/p>\n<p>Las empresas que participan -en este caso 120- lo pueden hacer si aceptan realizar un largo trabajo previo. Durante el mismo reciben asistencia de un equipo de dise\u00f1adores encabezado por Walter Rodrigues, que los asesoran desde la investigaci\u00f3n conceptual sobre las colecciones que presentan y que desarrollan las investigaciones sobre referencias y tendencias en materias primas. Y la condici\u00f3n es que s\u00f3lo se pueden exhibir productos nuevos.<\/p>\n<div id=\"attachment_10817\" style=\"width: 138px\" class=\"wp-caption alignleft\"><a href=\"http:\/\/cueroamerica.info\/wpnews\/wp-content\/uploads\/2017\/03\/Lucius-Vilar-dise\u00f1ador-y-creador-de-interesantes-propuestas_2.jpg\"><img loading=\"lazy\" decoding=\"async\" aria-describedby=\"caption-attachment-10817\" class=\" wp-image-10817\" src=\"http:\/\/cueroamerica.info\/wpnews\/wp-content\/uploads\/2017\/03\/Lucius-Vilar-dise\u00f1ador-y-creador-de-interesantes-propuestas_2-168x300.jpg\" alt=\"Lucius Vilar, dise\u00f1ador y creador de interesantes propuestas\" width=\"128\" height=\"229\" srcset=\"http:\/\/cueroamerica.info\/wpnews\/wp-content\/uploads\/2017\/03\/Lucius-Vilar-dise\u00f1ador-y-creador-de-interesantes-propuestas_2-168x300.jpg 168w, http:\/\/cueroamerica.info\/wpnews\/wp-content\/uploads\/2017\/03\/Lucius-Vilar-dise\u00f1ador-y-creador-de-interesantes-propuestas_2.jpg 475w\" sizes=\"auto, (max-width: 128px) 100vw, 128px\" \/><\/a><p id=\"caption-attachment-10817\" class=\"wp-caption-text\">Lucius Vilar, dise\u00f1ador y creador de interesantes propuestas<\/p><\/div>\n<p>El numeroso p\u00fablico que visit\u00f3 INSPIRAMAIS estuvo integrado por profesionales y empresarios de la industria de toda la cadena vinculada a la producci\u00f3n de moda, como la del calzado, accesorios, cueros, textiles, joyer\u00eda, muebles y manufacturas, entre otros. Y los lanzamientos de materias primas, componentes y av\u00edos formar\u00e1n parte de los productos de las vidrieras del verano 2018. Pero tambi\u00e9n estuvieron los anticipos para el invierno del mismo a\u00f1o.<\/p>\n<p>Seg\u00fan Milton Killing presidente de Assintecal, \u201cINSPIRAMAIS es el centro de negocios del sector de moda y dise\u00f1o, involucrando sectores como calzados, carteras, accesorios y confecciones. Es el momento en que los fabricantes, interesados en moda y en buenos negocios, tienen el primer contacto con las novedades desarrolladas por la industria brasile\u00f1a de componentes para la pr\u00f3xima estaci\u00f3n\u201d, explic\u00f3.<\/p>\n<div id=\"attachment_10818\" style=\"width: 169px\" class=\"wp-caption alignright\"><a href=\"http:\/\/cueroamerica.info\/wpnews\/wp-content\/uploads\/2017\/03\/Milton-Killing-presidente-de-Assintecal_2.jpg\"><img loading=\"lazy\" decoding=\"async\" aria-describedby=\"caption-attachment-10818\" class=\" wp-image-10818\" src=\"http:\/\/cueroamerica.info\/wpnews\/wp-content\/uploads\/2017\/03\/Milton-Killing-presidente-de-Assintecal_2-185x300.jpg\" alt=\"Milton Killing, presidente de Assintecal\" width=\"159\" height=\"258\" srcset=\"http:\/\/cueroamerica.info\/wpnews\/wp-content\/uploads\/2017\/03\/Milton-Killing-presidente-de-Assintecal_2-185x300.jpg 185w, http:\/\/cueroamerica.info\/wpnews\/wp-content\/uploads\/2017\/03\/Milton-Killing-presidente-de-Assintecal_2.jpg 525w\" sizes=\"auto, (max-width: 159px) 100vw, 159px\" \/><\/a><p id=\"caption-attachment-10818\" class=\"wp-caption-text\">Milton Killing, presidente de Assintecal<\/p><\/div>\n<p>Durante Inspiramais Assintecal y su proyecto Footwear Components by Brasil,concretado con el apoyo de la Agencia Brasile\u00f1a de Promoci\u00f3n de Exportaciones e Inversiones (Apex-Brasil), se realizaron diversas actividades. Tambi\u00e9n participa del sal\u00f3n el Centro de las Industrias de Curtiembres de Brasil (CICB) y la Asociaci\u00f3n Brasile\u00f1a de la Industria Textil y de la Confecci\u00f3n (Abit). Tambi\u00e9n cuenta con el apoyo de la Asociaci\u00f3n Brasile\u00f1a de los Dise\u00f1adores de Moda (Abest), Asociaci\u00f3n Brasile\u00f1a de las Industrias de Marroquiner\u00eda y Art\u00edculos para Viaje (Abiacav) y otras.<\/p>\n<p>Desde hace tres d\u00e9cadas, la Asociaci\u00f3n Brasile\u00f1a de Empresas de Componentes para Cuero, Calzado y Manufacturas (Assintecal) act\u00faa directamente en la expansi\u00f3n del sector del cuero y del calzado. La entidad, que congrega a 3.000 empresas, es reconocida por su trabajo de representaci\u00f3n del sector, el desarrollo de investigaciones y contenido de moda, el desarrollo del mercado internacional y muchas otras realizaciones.<\/p>\n<p dir=\"ltr\">\u2014\u2014\u2014\u2014\u2014\u2014\u2014\u2014\u2014\u2014\u2014\u2014\u2014\u2014\u2014\u2014\u2014\u2014\u2014\u2014\u2014\u2014\u2014\u2014\u2014\u2014\u2014\u2014\u2014\u2014\u2014\u2014\u2014\u2014\u2014\u2014\u2014\u2014\u2014\u2014\u2014\u2014\u2014\u2014<\/p>\n<p dir=\"ltr\">Para comunicarse con CueroAm\u00e9rica: <span style=\"color: #3366ff;\"><a style=\"color: #3366ff;\" href=\"mailto:contacto@cueroamerica.com\">contacto@cueroamerica.com<\/a><\/span><\/p>\n<table border=\"0\" width=\"460\">\n<tbody>\n<tr>\n<td width=\"300\"><a href=\"http:\/\/lanxess.com\/en\/corporate\/products-solutions\/business-units\/leather\/\" target=\"_blank\"><img loading=\"lazy\" decoding=\"async\" src=\"\/img\/publicidad\/300x200_v2-lanxess.gif\" width=\"300\" height=\"200\" \/><\/a><\/td>\n<td width=\"171\"><a href=\"http:\/\/www.aaqtic.org.ar\" target=\"_blank\"><img loading=\"lazy\" decoding=\"async\" src=\"\/img\/publicidad\/aaqtic-banner.gif\" alt=\"\" width=\"300\" height=\"200\" border=\"0\" \/><\/a><\/td>\n<\/tr>\n<\/tbody>\n<\/table>\n","protected":false},"excerpt":{"rendered":"<p>Recientemente tuvo lugar INSPIRAMAIS el \u00fanico Sal\u00f3n de Dise\u00f1o e Innovaci\u00f3n de Componentes de Am\u00e9rica Latina tiene lugar en la ciudad de San Paulo y abarca toda la cadena textil y del calzado. All\u00ed se presentaron m\u00e1s de 900 materiales innovadores para la industria de la moda, anticipando las temporadas. Un evento fascinante, que derrocha [&hellip;]<\/p>\n","protected":false},"author":4,"featured_media":0,"comment_status":"closed","ping_status":"closed","sticky":false,"template":"","format":"standard","meta":{"footnotes":""},"categories":[66,60],"tags":[],"class_list":["post-10820","post","type-post","status-publish","format-standard","hentry","category-ferias-realizadas","category-ferias","count-0","even alt","author-","last"],"_links":{"self":[{"href":"http:\/\/cueroamerica.info\/wpnews\/wp-json\/wp\/v2\/posts\/10820","targetHints":{"allow":["GET"]}}],"collection":[{"href":"http:\/\/cueroamerica.info\/wpnews\/wp-json\/wp\/v2\/posts"}],"about":[{"href":"http:\/\/cueroamerica.info\/wpnews\/wp-json\/wp\/v2\/types\/post"}],"author":[{"embeddable":true,"href":"http:\/\/cueroamerica.info\/wpnews\/wp-json\/wp\/v2\/users\/4"}],"replies":[{"embeddable":true,"href":"http:\/\/cueroamerica.info\/wpnews\/wp-json\/wp\/v2\/comments?post=10820"}],"version-history":[{"count":18,"href":"http:\/\/cueroamerica.info\/wpnews\/wp-json\/wp\/v2\/posts\/10820\/revisions"}],"predecessor-version":[{"id":10838,"href":"http:\/\/cueroamerica.info\/wpnews\/wp-json\/wp\/v2\/posts\/10820\/revisions\/10838"}],"wp:attachment":[{"href":"http:\/\/cueroamerica.info\/wpnews\/wp-json\/wp\/v2\/media?parent=10820"}],"wp:term":[{"taxonomy":"category","embeddable":true,"href":"http:\/\/cueroamerica.info\/wpnews\/wp-json\/wp\/v2\/categories?post=10820"},{"taxonomy":"post_tag","embeddable":true,"href":"http:\/\/cueroamerica.info\/wpnews\/wp-json\/wp\/v2\/tags?post=10820"}],"curies":[{"name":"wp","href":"https:\/\/api.w.org\/{rel}","templated":true}]}}