{"id":10997,"date":"2017-04-13T14:46:32","date_gmt":"2017-04-13T14:46:32","guid":{"rendered":"http:\/\/cueroamerica.info\/wpnews\/?p=10997"},"modified":"2017-04-13T15:40:05","modified_gmt":"2017-04-13T15:40:05","slug":"baja-en-las-exportaciones-de-calzado-de-brasil-castigadas-por-la-valorizacion-del-real","status":"publish","type":"post","link":"http:\/\/cueroamerica.info\/wpnews\/2017\/04\/baja-en-las-exportaciones-de-calzado-de-brasil-castigadas-por-la-valorizacion-del-real\/","title":{"rendered":"Baja en las exportaciones de calzado de Brasil castigadas por la valorizaci\u00f3n del Real"},"content":{"rendered":"<p><a href=\"http:\/\/cueroamerica.info\/wpnews\/wp-content\/uploads\/2017\/04\/exportaciones-brasil.jpg\"><img loading=\"lazy\" decoding=\"async\" class=\"alignright  wp-image-10996\" src=\"http:\/\/cueroamerica.info\/wpnews\/wp-content\/uploads\/2017\/04\/exportaciones-brasil-300x179.jpg\" alt=\"\" width=\"238\" height=\"142\" srcset=\"http:\/\/cueroamerica.info\/wpnews\/wp-content\/uploads\/2017\/04\/exportaciones-brasil-300x179.jpg 300w, http:\/\/cueroamerica.info\/wpnews\/wp-content\/uploads\/2017\/04\/exportaciones-brasil.jpg 504w\" sizes=\"auto, (max-width: 238px) 100vw, 238px\" \/><\/a>En el primer trimestre de 2017 las exportaciones de calzado de Brasil bajaron un 1,6% en pares. De enero a marzo vendieron 31,33 millones de pares que generaron US$ 259 millones, un 14,2% m\u00e1s en d\u00f3lares, en comparaci\u00f3n con igual per\u00edodo de 2016. Un panorama complejo, marcado por la apreciaci\u00f3n del real. Por otra parte, el empresariado espera para este a\u00f1o una lenta pero consistente recuperaci\u00f3n del alica\u00eddo mercado dom\u00e9stico.<\/p>\n<p>Los informaci\u00f3n sobre las exportaciones de calzado de Brasil fue difundida por la Associa\u00e7\u00e3o Brasileira das Ind\u00fastrias de Cal\u00e7ados (Abical\u00e7ados) y cuyo trabajo fue elaborado en base a datos oficiales.<\/p>\n<div id=\"attachment_10991\" style=\"width: 245px\" class=\"wp-caption alignleft\"><a href=\"http:\/\/cueroamerica.info\/wpnews\/wp-content\/uploads\/2017\/04\/1-Heitor-Klein-presidente-ejecutivo-de-Abical\u00e7ados_-21.jpg\"><img loading=\"lazy\" decoding=\"async\" aria-describedby=\"caption-attachment-10991\" class=\" wp-image-10991\" src=\"http:\/\/cueroamerica.info\/wpnews\/wp-content\/uploads\/2017\/04\/1-Heitor-Klein-presidente-ejecutivo-de-Abical\u00e7ados_-21-300x294.jpg\" alt=\"\" width=\"235\" height=\"230\" srcset=\"http:\/\/cueroamerica.info\/wpnews\/wp-content\/uploads\/2017\/04\/1-Heitor-Klein-presidente-ejecutivo-de-Abical\u00e7ados_-21-300x294.jpg 300w, http:\/\/cueroamerica.info\/wpnews\/wp-content\/uploads\/2017\/04\/1-Heitor-Klein-presidente-ejecutivo-de-Abical\u00e7ados_-21.jpg 600w\" sizes=\"auto, (max-width: 235px) 100vw, 235px\" \/><\/a><p id=\"caption-attachment-10991\" class=\"wp-caption-text\">Heitor Klein, presidente ejecutivo de Abical\u00e7ados<\/p><\/div>\n<p>Para Heitor Klein, presidente ejecutivo de Abical\u00e7ados, por la apreciaci\u00f3n del real frente al d\u00f3lar, los precios de los productos brasileros de exportaci\u00f3n aumentaron un 16%. De un precio promedio de US$ 7,12 pasaron a US$ 8,27 por par.<\/p>\n<p>\u201cEn un primer momento, evaluando la cifra en d\u00f3lares, podemos llegar a La conclusi\u00f3n de que los embarques aumentaron, pero no es lo correcto. Nuestro calzado, en virtud de la ca\u00edda de la moneda norteamericana, quedaron m\u00e1s caros, pues nuestros costos son en reales, moneda hoy m\u00e1s fuerte\u201d, comenta.<\/p>\n<p>Destaca que en los \u00faltimos meses del a\u00f1o pasado -cuando las exportaciones aumentaron m\u00e1s del 30% &#8211; las colecciones se hab\u00edan negociado con un d\u00f3lar cercano a los R$ 3,60. \u201cLas colecciones que est\u00e1n apareciendo ahora nos pedidod fueron negociados en noviembre, diciembre o enero, con un d\u00f3lar a un nivel de R$ 3,10 a R$ 3,15. Por eso la ca\u00edda ya puede ser verificada\u201d, explica el directivo.<\/p>\n<p>Seg\u00fan Klein, como la moneda norteamericana esta estabilizada en niveles bajos, la tendencia puede ser de baja todav\u00eda mayor a lo largo del a\u00f1o. \u201cEl cambio, en un nivel favorable, es un compensador para el alto costo que tiene producir en Brasil y que, invariablemente, nos quita competitividad en el exterior. Cuando el cambio no ayuda, se genera una situaci\u00f3n realmente complicada\u201d, completa Klein.<\/p>\n<div id=\"attachment_10988\" style=\"width: 260px\" class=\"wp-caption alignright\"><a href=\"http:\/\/cueroamerica.info\/wpnews\/wp-content\/uploads\/2017\/04\/F\u00e1brica-de-calzado_14.jpg\"><img loading=\"lazy\" decoding=\"async\" aria-describedby=\"caption-attachment-10988\" class=\" wp-image-10988\" src=\"http:\/\/cueroamerica.info\/wpnews\/wp-content\/uploads\/2017\/04\/F\u00e1brica-de-calzado_14-300x132.jpg\" alt=\"\" width=\"250\" height=\"110\" srcset=\"http:\/\/cueroamerica.info\/wpnews\/wp-content\/uploads\/2017\/04\/F\u00e1brica-de-calzado_14-300x132.jpg 300w, http:\/\/cueroamerica.info\/wpnews\/wp-content\/uploads\/2017\/04\/F\u00e1brica-de-calzado_14.jpg 700w\" sizes=\"auto, (max-width: 250px) 100vw, 250px\" \/><\/a><p id=\"caption-attachment-10988\" class=\"wp-caption-text\">F\u00e1brica de calzado<\/p><\/div>\n<p>En los tres primeros meses de a\u00f1o, el principal destino del calzado brasilero fue El mercado de los Estados Unidos, hacia donde se embarcaron 3,16 millones de pares por US$ 48 millones, con bajas del 16% en pares y 3% en d\u00f3lares, en relaci\u00f3n con igual per\u00edodo del a\u00f1o pasado.<\/p>\n<p>En este mismo lapso, el segundo destino fue Argentina, pa\u00eds que import\u00f3 2 millones de pares por US$ 35,65 millones, con un aumento en volumen del 50% y 104,5% en d\u00f3lares.<\/p>\n<p>El tercer comprador del per\u00edodo fue Francia, que import\u00f3 1,8 mill\u00f3n de pares por US$ 15,3 millones, n\u00fameros inferiores tanto en pares (-55%) como en d\u00f3lares (-13,3%) en relaci\u00f3n con el 2016.<\/p>\n<p><a href=\"http:\/\/cueroamerica.info\/wpnews\/wp-content\/uploads\/2017\/04\/Exportaciones-Brasil_3.jpg\"><img loading=\"lazy\" decoding=\"async\" class=\"alignleft  wp-image-10995\" src=\"http:\/\/cueroamerica.info\/wpnews\/wp-content\/uploads\/2017\/04\/Exportaciones-Brasil_3-300x225.jpg\" alt=\"\" width=\"236\" height=\"177\" srcset=\"http:\/\/cueroamerica.info\/wpnews\/wp-content\/uploads\/2017\/04\/Exportaciones-Brasil_3-300x225.jpg 300w, http:\/\/cueroamerica.info\/wpnews\/wp-content\/uploads\/2017\/04\/Exportaciones-Brasil_3.jpg 640w\" sizes=\"auto, (max-width: 236px) 100vw, 236px\" \/><\/a>La baja del d\u00f3lar en Brasil perjudica las exportaciones y beneficia a l\u00e3s importaciones. \u201cCon El d\u00f3lar desvalorizado, los productos importados quedan m\u00e1s baratos, aumentando la presencia en el comercio minorista\u201d, explica Klein. Despu\u00e9s de haber ca\u00eddo m\u00e1s del 30% el a\u00f1o pasado, la entrada de calzado aument\u00f3 r\u00e1pidamente en los primeros meses. Entre enero y marzo fueron importados 8 millones de pares por valor de US$ 100 millones, n\u00fameros todav\u00eda inferiores tanto en pares (-3,3%) como en d\u00f3lares -(0,9%) en comparaci\u00f3n con 2016.<\/p>\n<p>Las principales or\u00edgenes de las importaciones fueron Vietnam (3 millones de pares por US$ 56,5 millones, incrementos de 0,8% e 4,3%, respectivamente), Indonesia (1,12 millones de pares por US$ 19,4 millones, con bajas de 9,4% y 11,5%, respectivamente) y China (3,15 millones de pares por US$ 11,2 millones, y bajas de 14,7% y 55,5%, respectivamente).<\/p>\n<p>En materia de partes de calzados -capelladas, plantillas, suelas, tacos, etc.- las importaciones del trimestre tambi\u00e9n cayeron. En el per\u00edodo mencionado, ingresaron a Brasil el equivalente a US$ 3,18 millones de estos materiales, con una baja de 34,7% en relaci\u00f3n con el a\u00f1o pasado. Los principales pa\u00edses de origen de los componentes fueron China, Vietnam y Paraguay.<\/p>\n<p>Pero la industria del calzado de Brasil no solo sufre una situaci\u00f3n compleja en el mercado internacional. Su mercado dom\u00e9stico, que ha ca\u00eddo como toda la econom\u00eda del pa\u00eds, sufre una situaci\u00f3n de incertidumbre. La dirigencia tanto pol\u00edtica como del sector empresario cree que ya pas\u00f3 lo peor de la crisis y que este a\u00f1o el consumo comenzar\u00e1 a crecer.<\/p>\n<p>La economista Patricia Palermo sostiene que la econom\u00eda brasilera volver\u00e1 a crecer en 2017. \u201cLo que veremos es que el escenario est\u00e1 basado en un tr\u00edpode: incerteza pol\u00edtica; crecimiento fr\u00e1gil, d\u00e9bil y lento y deflaci\u00f3n\u201d, comenta la profesional.<\/p>\n<p><a href=\"http:\/\/cueroamerica.info\/wpnews\/wp-content\/uploads\/2017\/04\/Fabrica-Franca.jpg\"><img loading=\"lazy\" decoding=\"async\" class=\"alignright  wp-image-10987\" src=\"http:\/\/cueroamerica.info\/wpnews\/wp-content\/uploads\/2017\/04\/Fabrica-Franca-300x225.jpg\" alt=\"\" width=\"248\" height=\"186\" srcset=\"http:\/\/cueroamerica.info\/wpnews\/wp-content\/uploads\/2017\/04\/Fabrica-Franca-300x225.jpg 300w, http:\/\/cueroamerica.info\/wpnews\/wp-content\/uploads\/2017\/04\/Fabrica-Franca.jpg 750w\" sizes=\"auto, (max-width: 248px) 100vw, 248px\" \/><\/a>\u201cDesde el punto de vista de la econom\u00eda brasilera, el a\u00f1o 2017 puede marcar la recuperaci\u00f3n, pero en forma diferente de otros momentos. La recuperaci\u00f3n ser\u00e1 lenta, en virtud de la situaci\u00f3n financiera actual de las empresas y el alto grado de ociosidad en las empresas. El punto positivo que cabe ser mencionado es el proceso de desinflaci\u00f3n por cual pasa Brasil, que posibilita un proceso de reducci\u00f3n de tasas de inter\u00e9s bancario, lo que ciertamente contribuir\u00e1 al crecimiento del corto plazo\u201d, asegura Palermo.<\/p>\n<p>La industria del calzado, representada por Abical\u00e7ados, que tiene en el mercado interno m\u00e1s del 85% de sus ventas, est\u00e1 esperando una posible recuperaci\u00f3n que, todav\u00eda d\u00e9bil, debe traer alg\u00fan aliento para los negocios.<\/p>\n<p>Seg\u00fan Patricia Palermo, Brasil probablemente crecer\u00e1 en torno del 0,5% en 2017, siendo que tanto el consumo como la inversi\u00f3n contribuir\u00e1n a la expansi\u00f3n de la econom\u00eda. \u201cA pesar del nivel de ociosidad elevado en la econom\u00eda, la depreciaci\u00f3n del capital promueve la necesidad de inversiones de reposici\u00f3n. Adem\u00e1s de esto, cuestiones como el aumento de la confianza del empresariado, o el crecimiento reciente de la producci\u00f3n industrial es la expectativa de inflaci\u00f3n controlada para 2017 y 2018, lo que promueve reducci\u00f3n de los intereses y crean un ambiente m\u00e1s propicio a las inversiones\u201d, analiza la economista.<br \/>\n&#8212;&#8212;&#8212;&#8212;&#8212;&#8212;&#8212;&#8212;&#8212;&#8212;&#8212;&#8212;&#8212;<br \/>\nAbical\u00e7ados \/ CueroAm\u00e9rica<\/p>\n<p dir=\"ltr\">\u2014\u2014\u2014\u2014\u2014\u2014\u2014\u2014\u2014\u2014\u2014\u2014\u2014\u2014\u2014\u2014\u2014\u2014\u2014\u2014\u2014\u2014\u2014\u2014\u2014\u2014\u2014\u2014\u2014\u2014\u2014\u2014\u2014\u2014\u2014\u2014\u2014\u2014\u2014\u2014\u2014\u2014\u2014\u2014<\/p>\n<p dir=\"ltr\">Para comunicarse con CueroAm\u00e9rica: <span style=\"color: #3366ff;\"><a style=\"color: #3366ff;\" href=\"mailto:contacto@cueroamerica.com\">contacto@cueroamerica.com<\/a><\/span><\/p>\n<table border=\"0\" width=\"460\">\n<tbody>\n<tr>\n<td width=\"300\"><a href=\"http:\/\/www.francal.com.br\/2017\/es-es\/\" target=\"_blank\"><img loading=\"lazy\" decoding=\"async\" src=\"\/img\/publicidad\/bnn_francal2017_300x200_esp.jpg\" width=\"300\" height=\"200\" \/><\/a><\/td>\n<td width=\"171\"><a href=\"http:\/\/www.smitzoon.com\/\" target=\"_blank\"><img loading=\"lazy\" decoding=\"async\" src=\"\/img\/publicidad\/Banner-advertisement-300x200-pixels.gif\" alt=\"\" width=\"300\" height=\"200\" \/><\/a>\n<\/td>\n<\/tr>\n<\/tbody>\n<\/table>\n","protected":false},"excerpt":{"rendered":"<p>En el primer trimestre de 2017 las exportaciones de calzado de Brasil bajaron un 1,6% en pares. De enero a marzo vendieron 31,33 millones de pares que generaron US$ 259 millones, un 14,2% m\u00e1s en d\u00f3lares, en comparaci\u00f3n con igual per\u00edodo de 2016. Un panorama complejo, marcado por la apreciaci\u00f3n del real. Por otra parte, [&hellip;]<\/p>\n","protected":false},"author":4,"featured_media":0,"comment_status":"closed","ping_status":"closed","sticky":false,"template":"","format":"standard","meta":{"footnotes":""},"categories":[43,61],"tags":[],"class_list":["post-10997","post","type-post","status-publish","format-standard","hentry","category-industrias","category-noticias-de-america-latina","count-0","even alt","author-","last"],"_links":{"self":[{"href":"http:\/\/cueroamerica.info\/wpnews\/wp-json\/wp\/v2\/posts\/10997","targetHints":{"allow":["GET"]}}],"collection":[{"href":"http:\/\/cueroamerica.info\/wpnews\/wp-json\/wp\/v2\/posts"}],"about":[{"href":"http:\/\/cueroamerica.info\/wpnews\/wp-json\/wp\/v2\/types\/post"}],"author":[{"embeddable":true,"href":"http:\/\/cueroamerica.info\/wpnews\/wp-json\/wp\/v2\/users\/4"}],"replies":[{"embeddable":true,"href":"http:\/\/cueroamerica.info\/wpnews\/wp-json\/wp\/v2\/comments?post=10997"}],"version-history":[{"count":3,"href":"http:\/\/cueroamerica.info\/wpnews\/wp-json\/wp\/v2\/posts\/10997\/revisions"}],"predecessor-version":[{"id":11011,"href":"http:\/\/cueroamerica.info\/wpnews\/wp-json\/wp\/v2\/posts\/10997\/revisions\/11011"}],"wp:attachment":[{"href":"http:\/\/cueroamerica.info\/wpnews\/wp-json\/wp\/v2\/media?parent=10997"}],"wp:term":[{"taxonomy":"category","embeddable":true,"href":"http:\/\/cueroamerica.info\/wpnews\/wp-json\/wp\/v2\/categories?post=10997"},{"taxonomy":"post_tag","embeddable":true,"href":"http:\/\/cueroamerica.info\/wpnews\/wp-json\/wp\/v2\/tags?post=10997"}],"curies":[{"name":"wp","href":"https:\/\/api.w.org\/{rel}","templated":true}]}}