{"id":11952,"date":"2017-09-28T14:28:06","date_gmt":"2017-09-28T14:28:06","guid":{"rendered":"http:\/\/cueroamerica.info\/wpnews\/?p=11952"},"modified":"2017-09-29T15:36:52","modified_gmt":"2017-09-29T15:36:52","slug":"adidas-despide-al-personal-de-su-planta-de-argentina-y-opta-por-importar-de-asia","status":"publish","type":"post","link":"http:\/\/cueroamerica.info\/wpnews\/2017\/09\/adidas-despide-al-personal-de-su-planta-de-argentina-y-opta-por-importar-de-asia\/","title":{"rendered":"Adidas despide al personal de su planta de Argentina y opta por importar de Asia"},"content":{"rendered":"<div id=\"attachment_11948\" style=\"width: 254px\" class=\"wp-caption alignright\"><a href=\"http:\/\/cueroamerica.info\/wpnews\/wp-content\/uploads\/2017\/09\/Los-despidos-generaron-la-protesta-de-los-trabajadores._2.jpg\"><img loading=\"lazy\" decoding=\"async\" aria-describedby=\"caption-attachment-11948\" class=\" wp-image-11948\" src=\"http:\/\/cueroamerica.info\/wpnews\/wp-content\/uploads\/2017\/09\/Los-despidos-generaron-la-protesta-de-los-trabajadores._2-300x232.jpg\" alt=\"\" width=\"244\" height=\"189\" srcset=\"http:\/\/cueroamerica.info\/wpnews\/wp-content\/uploads\/2017\/09\/Los-despidos-generaron-la-protesta-de-los-trabajadores._2-300x232.jpg 300w, http:\/\/cueroamerica.info\/wpnews\/wp-content\/uploads\/2017\/09\/Los-despidos-generaron-la-protesta-de-los-trabajadores._2.jpg 745w\" sizes=\"auto, (max-width: 244px) 100vw, 244px\" \/><\/a><p id=\"caption-attachment-11948\" class=\"wp-caption-text\">Los despidos generaron la protesta de los trabajadores<\/p><\/div>\n<p>La filial Argentina de la empresa Adidas despidi\u00f3 a 112 trabajadores y es probable que tome la misma decisi\u00f3n con otros 300. El lunes 18 de septiembre, Fernando Gray intendente del municipio en el que se encuentra la planta de la compa\u00f1\u00eda alemana, inform\u00f3 que \u00absi no se toman medidas frente a la importaci\u00f3n de zapatillas, la planta no tiene futuro\u00bb.<\/p>\n<p>La fabrica de Adidas, que en Argentina gira bajo el nombre Extreme Gear, responde a la pol\u00edtica de apertura indiscriminada de importaci\u00f3n de calzado trayendo producci\u00f3n de las f\u00e1bricas de Oriente, a menos precio logrando una mayor rentabilidad. De esta forma mejoran su ecuaci\u00f3n dado que la generalizada ca\u00edda del consumo produjo una fuerte baja en las ventas.<\/p>\n<div id=\"attachment_11950\" style=\"width: 176px\" class=\"wp-caption alignleft\"><a href=\"http:\/\/cueroamerica.info\/wpnews\/wp-content\/uploads\/2017\/09\/Fernando-Gray-intendente-del-distrito-de-Esteban-Echeverr\u00eda_2.jpg\"><img loading=\"lazy\" decoding=\"async\" aria-describedby=\"caption-attachment-11950\" class=\" wp-image-11950\" src=\"http:\/\/cueroamerica.info\/wpnews\/wp-content\/uploads\/2017\/09\/Fernando-Gray-intendente-del-distrito-de-Esteban-Echeverr\u00eda_2-211x300.jpg\" alt=\"\" width=\"166\" height=\"236\" srcset=\"http:\/\/cueroamerica.info\/wpnews\/wp-content\/uploads\/2017\/09\/Fernando-Gray-intendente-del-distrito-de-Esteban-Echeverr\u00eda_2-211x300.jpg 211w, http:\/\/cueroamerica.info\/wpnews\/wp-content\/uploads\/2017\/09\/Fernando-Gray-intendente-del-distrito-de-Esteban-Echeverr\u00eda_2.jpg 481w\" sizes=\"auto, (max-width: 166px) 100vw, 166px\" \/><\/a><p id=\"caption-attachment-11950\" class=\"wp-caption-text\">Fernando-Gray, intendente del distrito de Esteban Echeverr\u00eda<\/p><\/div>\n<p>Seg\u00fan el alcalde Fernando Gray, la apertura irrestricta de la importaci\u00f3n realizada por las autoridades gubernamentales genera estos problemas. Sostuvo que Argentina no puede competir con los costos laborales de China y otros pa\u00edses de esa regi\u00f3n. \u201cEn China las zapatillas son m\u00e1s baratas que las argentinas porque el costo laboral y las condiciones son otras. Un trabajador de China o Vietnam gana 80 d\u00f3lares y uno argentino, unos 800 d\u00f3lares, aunque ese dinero aqu\u00ed no alcanza para vivir\u201d, dijo el intendente Fernando Gray, en declaraciones radiales.<\/p>\n<p>Seg\u00fan funcionario, la f\u00e1brica lleg\u00f3 a tener 480 trabajadores. Pero con los despidos de los \u00faltimos meses, la dotaci\u00f3n de operarios hab\u00eda disminuido a 400. Los recientes 112 despidos redujeron a\u00fan m\u00e1s las fuentes de trabajo, y todav\u00eda no se sabe qu\u00e9 pasar\u00e1 con el resto de los trabajadores. \u201cHace un par de a\u00f1os los due\u00f1os de Adidas hab\u00eda comprado unos terrenos muy grandes porque pretend\u00edan concentrar m\u00e1s producci\u00f3n en nuestro distrito pero, honestamente, ahora les resulta imposible competir\u201d, remarc\u00f3.<br \/>\n&#8212;&#8212;&#8212;&#8212;&#8212;&#8212;&#8212;&#8212;&#8212;&#8212;&#8212;-<br \/>\nRadio 10 \/ CueroAm\u00e9rica<\/p>\n<p dir=\"ltr\">\u2014\u2014\u2014\u2014\u2014\u2014\u2014\u2014\u2014\u2014\u2014\u2014\u2014\u2014\u2014\u2014\u2014\u2014\u2014\u2014\u2014\u2014\u2014\u2014\u2014\u2014\u2014\u2014\u2014\u2014\u2014\u2014\u2014\u2014\u2014\u2014\u2014\u2014\u2014\u2014\u2014\u2014\u2014\u2014<\/p>\n<p dir=\"ltr\">Para comunicarse con CueroAm\u00e9rica: <span style=\"color: #3366ff;\"><a style=\"color: #3366ff;\" href=\"mailto:contacto@cueroamerica.com\">contacto@cueroamerica.com<\/a><\/span><\/p>\n<table border=\"0\" width=\"460\">\n<tbody>\n<tr>\n<td width=\"300\"><a href=\"http:\/\/bit.ly\/2pK7Osm\" target=\"_blank\"><img loading=\"lazy\" decoding=\"async\" src=\"\/sponsors\/units_300x200.gif\" alt=\"\" width=\"300\" border=\"0\" height=\"200\"><\/a><\/td>\n<td width=\"171\"><a href=\"http:\/\/bit.ly\/2pJGRot\" target=\"_blank\"><img loading=\"lazy\" decoding=\"async\" src=\"\/img\/publicidad\/300x200_v2-lanxess.gif\" width=\"300\" height=\"200\" \/><\/a><\/td>\n<\/tr>\n<\/tbody>\n<\/table>\n","protected":false},"excerpt":{"rendered":"<p>La filial Argentina de la empresa Adidas despidi\u00f3 a 112 trabajadores y es probable que tome la misma decisi\u00f3n con otros 300. El lunes 18 de septiembre, Fernando Gray intendente del municipio en el que se encuentra la planta de la compa\u00f1\u00eda alemana, inform\u00f3 que \u00absi no se toman medidas frente a la importaci\u00f3n de [&hellip;]<\/p>\n","protected":false},"author":4,"featured_media":0,"comment_status":"closed","ping_status":"closed","sticky":false,"template":"","format":"standard","meta":{"footnotes":""},"categories":[8,61],"tags":[],"class_list":["post-11952","post","type-post","status-publish","format-standard","hentry","category-empresas-y-negocios","category-noticias-de-america-latina","count-0","even alt","author-","last"],"_links":{"self":[{"href":"http:\/\/cueroamerica.info\/wpnews\/wp-json\/wp\/v2\/posts\/11952","targetHints":{"allow":["GET"]}}],"collection":[{"href":"http:\/\/cueroamerica.info\/wpnews\/wp-json\/wp\/v2\/posts"}],"about":[{"href":"http:\/\/cueroamerica.info\/wpnews\/wp-json\/wp\/v2\/types\/post"}],"author":[{"embeddable":true,"href":"http:\/\/cueroamerica.info\/wpnews\/wp-json\/wp\/v2\/users\/4"}],"replies":[{"embeddable":true,"href":"http:\/\/cueroamerica.info\/wpnews\/wp-json\/wp\/v2\/comments?post=11952"}],"version-history":[{"count":4,"href":"http:\/\/cueroamerica.info\/wpnews\/wp-json\/wp\/v2\/posts\/11952\/revisions"}],"predecessor-version":[{"id":11960,"href":"http:\/\/cueroamerica.info\/wpnews\/wp-json\/wp\/v2\/posts\/11952\/revisions\/11960"}],"wp:attachment":[{"href":"http:\/\/cueroamerica.info\/wpnews\/wp-json\/wp\/v2\/media?parent=11952"}],"wp:term":[{"taxonomy":"category","embeddable":true,"href":"http:\/\/cueroamerica.info\/wpnews\/wp-json\/wp\/v2\/categories?post=11952"},{"taxonomy":"post_tag","embeddable":true,"href":"http:\/\/cueroamerica.info\/wpnews\/wp-json\/wp\/v2\/tags?post=11952"}],"curies":[{"name":"wp","href":"https:\/\/api.w.org\/{rel}","templated":true}]}}