{"id":12202,"date":"2017-11-09T15:24:29","date_gmt":"2017-11-09T15:24:29","guid":{"rendered":"http:\/\/cueroamerica.info\/wpnews\/?p=12202"},"modified":"2017-11-09T15:24:29","modified_gmt":"2017-11-09T15:24:29","slug":"themicam-con-buen-numero-de-visitantes-y-promesas-del-gobierno-de-ayudar-al-sector","status":"publish","type":"post","link":"http:\/\/cueroamerica.info\/wpnews\/2017\/11\/themicam-con-buen-numero-de-visitantes-y-promesas-del-gobierno-de-ayudar-al-sector\/","title":{"rendered":"TheMicam con buen n\u00famero de visitantes y promesas del gobierno de ayudar al sector"},"content":{"rendered":"<p><a href=\"http:\/\/cueroamerica.info\/wpnews\/wp-content\/uploads\/2017\/11\/veduta_corso-italia-1.jpg\"><img loading=\"lazy\" decoding=\"async\" class=\" wp-image-12199 alignright\" src=\"http:\/\/cueroamerica.info\/wpnews\/wp-content\/uploads\/2017\/11\/veduta_corso-italia-1-300x201.jpg\" alt=\"\" width=\"240\" height=\"161\" srcset=\"http:\/\/cueroamerica.info\/wpnews\/wp-content\/uploads\/2017\/11\/veduta_corso-italia-1-300x201.jpg 300w, http:\/\/cueroamerica.info\/wpnews\/wp-content\/uploads\/2017\/11\/veduta_corso-italia-1-768x515.jpg 768w, http:\/\/cueroamerica.info\/wpnews\/wp-content\/uploads\/2017\/11\/veduta_corso-italia-1-1024x687.jpg 1024w, http:\/\/cueroamerica.info\/wpnews\/wp-content\/uploads\/2017\/11\/veduta_corso-italia-1.jpg 1253w\" sizes=\"auto, (max-width: 240px) 100vw, 240px\" \/><\/a>Los organizadores de la feria del calzado theMicam, realizada entre el 17 y 20 de septiembre en Mil\u00e1n, informaron que el evento convoc\u00f3 a 47.187 visitantes, un 6% m\u00e1s que la misma edici\u00f3n de 2016. Durante el encuentro, el Primer Ministro de Italia Paolo Gentiloni prometi\u00f3 que el gobierno apoyar\u00e1 a la industria del calzado del pa\u00eds.<\/p>\n<p>TheMicam es organizada dos veces por a\u00f1o por Assocalzaturifici, la asociaci\u00f3n de fabricantes de calzado de Italia, que destac\u00f3 que la cantidad de visitantes creci\u00f3 6% en comparaci\u00f3n a la edici\u00f3n de septiembre de 2016.<\/p>\n<p>La cantidad de compradores rusos creci\u00f3 un 32% en comparaci\u00f3n a septiembre de 2016, seguidos por una mejora del 15% en los compradores de Estados Unidos y una suba del 7% en los llegados de China y Hong Kong. En cuanto a los mercados europeos, la llegada de visitantes de Francia se increment\u00f3 6,7% y de Alemania mejor\u00f3 4%.<\/p>\n<p><a href=\"http:\/\/cueroamerica.info\/wpnews\/wp-content\/uploads\/2017\/11\/milan-september-12-i-love-moschino-stand-during-micam-shoes-trade-HNHBE7.jpg\"><img loading=\"lazy\" decoding=\"async\" class=\"alignleft wp-image-12201\" src=\"http:\/\/cueroamerica.info\/wpnews\/wp-content\/uploads\/2017\/11\/milan-september-12-i-love-moschino-stand-during-micam-shoes-trade-HNHBE7-300x221.jpg\" alt=\"\" width=\"244\" height=\"180\" srcset=\"http:\/\/cueroamerica.info\/wpnews\/wp-content\/uploads\/2017\/11\/milan-september-12-i-love-moschino-stand-during-micam-shoes-trade-HNHBE7-300x221.jpg 300w, http:\/\/cueroamerica.info\/wpnews\/wp-content\/uploads\/2017\/11\/milan-september-12-i-love-moschino-stand-during-micam-shoes-trade-HNHBE7-768x565.jpg 768w, http:\/\/cueroamerica.info\/wpnews\/wp-content\/uploads\/2017\/11\/milan-september-12-i-love-moschino-stand-during-micam-shoes-trade-HNHBE7-1024x753.jpg 1024w, http:\/\/cueroamerica.info\/wpnews\/wp-content\/uploads\/2017\/11\/milan-september-12-i-love-moschino-stand-during-micam-shoes-trade-HNHBE7.jpg 1100w\" sizes=\"auto, (max-width: 244px) 100vw, 244px\" \/><\/a>Entre las marcas que se acercaron por primera vez se cuentan Giorgio Armani, Jimmy Choo, Dolce&amp;Gabbana, Sergio Rossi y Ermenegildo Zegna. Por segunda vez fueron empresas de alta gama como Fendi, Salvatore Ferragamo, Gucci, Prada y Tod\u2019s.<\/p>\n<p>Annarita Pilotti, presidenta de Assocalzaturifici, declar\u00f3 que \u201clogramos dos objetivos esenciales: traer marcas importantes de la moda italiana al evento por segunda vez consecutiva, y obtener una nueva posici\u00f3n en el calendario de las ferias comerciales, logrando por primera vez que el \u00faltimo d\u00eda de theMicam coincida con el comienzo de Fashion Week de Mil\u00e1n\u201d.<\/p>\n<p>Paolo Gentiloni, primer ministro de Italia, afirm\u00f3 que los indicadores muestran una mejora en la actividad econ\u00f3mica del pa\u00eds en los primeros seis meses de 2017 \u201cpero ciertamente no volvimos a los niveles previos a la crisis\u201d.<\/p>\n<p><a href=\"http:\/\/cueroamerica.info\/wpnews\/wp-content\/uploads\/2017\/11\/maxresdefault.jpg\"><img loading=\"lazy\" decoding=\"async\" class=\"alignright  wp-image-12200\" src=\"http:\/\/cueroamerica.info\/wpnews\/wp-content\/uploads\/2017\/11\/maxresdefault-300x169.jpg\" alt=\"\" width=\"245\" height=\"138\" srcset=\"http:\/\/cueroamerica.info\/wpnews\/wp-content\/uploads\/2017\/11\/maxresdefault-300x169.jpg 300w, http:\/\/cueroamerica.info\/wpnews\/wp-content\/uploads\/2017\/11\/maxresdefault-768x432.jpg 768w, http:\/\/cueroamerica.info\/wpnews\/wp-content\/uploads\/2017\/11\/maxresdefault-1024x576.jpg 1024w, http:\/\/cueroamerica.info\/wpnews\/wp-content\/uploads\/2017\/11\/maxresdefault.jpg 1280w\" sizes=\"auto, (max-width: 245px) 100vw, 245px\" \/><\/a>El funcionario afirm\u00f3 que \u201cpara proteger a la industria del calzado, en el pr\u00f3ximo presupuesto vamos a incluir un paquete de medidas para facilitar las innovaciones en las empresas y, sobre todo, implementar el sistema de industria 4.0\u201d.<\/p>\n<p>A su vez, Gentiloni afirm\u00f3 que \u201cel objetivo del gobierno es promover la destreza de los trabajadores, las habilidades y la industria del calzado a trav\u00e9s de incentivos de mercado\u201d.<\/p>\n<p>La pr\u00f3xima edici\u00f3n de theMicam tendr\u00e1 lugar del 11 al 14 de febrero en Mil\u00e1n, Italia.<br \/>\n&#8212;&#8212;&#8212;&#8212;&#8212;&#8212;&#8212;&#8212;&#8212;&#8212;&#8212;&#8212;&#8212;&#8212;&#8212;&#8212;&#8212;&#8212;&#8212;&#8212;&#8212;<br \/>\nAssocalzaturifici \/ Footwearbiz \/ CueroAm\u00e9rica<\/p>\n<p dir=\"ltr\">\u2014\u2014\u2014\u2014\u2014\u2014\u2014\u2014\u2014\u2014\u2014\u2014\u2014\u2014\u2014\u2014\u2014\u2014\u2014\u2014\u2014\u2014\u2014\u2014\u2014\u2014\u2014\u2014\u2014\u2014\u2014\u2014\u2014\u2014\u2014\u2014\u2014\u2014\u2014\u2014\u2014\u2014\u2014\u2014<\/p>\n<p dir=\"ltr\">Para comunicarse con CueroAm\u00e9rica: <span style=\"color: #3366ff;\"><a style=\"color: #3366ff;\" href=\"mailto:contacto@cueroamerica.com\">contacto@cueroamerica.com<\/a><\/span><\/p>\n<table border=\"0\" width=\"460\">\n<tbody>\n<tr>\n<td width=\"300\"><a href=\"http:\/\/bit.ly\/2qIRyH9\" target=\"_blank\" rel=\"noopener noreferrer\"><img loading=\"lazy\" decoding=\"async\" src=\"\/img\/publicidad\/ACLE18_300x200_en-banner.jpg\" alt=\"\" width=\"300\" height=\"200\" border=\"0\" \/><\/a><\/td>\n<td width=\"171\"><a href=\"http:\/\/bit.ly\/2pCZjRd\" target=\"_blank\" rel=\"noopener noreferrer\"><img loading=\"lazy\" decoding=\"async\" src=\"\/img\/publicidad\/fa300x200-18.jpg\" width=\"300\" height=\"200\" \/><\/a><\/td>\n<\/tr>\n<\/tbody>\n<\/table>\n","protected":false},"excerpt":{"rendered":"<p>Los organizadores de la feria del calzado theMicam, realizada entre el 17 y 20 de septiembre en Mil\u00e1n, informaron que el evento convoc\u00f3 a 47.187 visitantes, un 6% m\u00e1s que la misma edici\u00f3n de 2016. Durante el encuentro, el Primer Ministro de Italia Paolo Gentiloni prometi\u00f3 que el gobierno apoyar\u00e1 a la industria del calzado [&hellip;]<\/p>\n","protected":false},"author":4,"featured_media":0,"comment_status":"closed","ping_status":"closed","sticky":false,"template":"","format":"standard","meta":{"footnotes":""},"categories":[66,60],"tags":[],"class_list":["post-12202","post","type-post","status-publish","format-standard","hentry","category-ferias-realizadas","category-ferias","count-0","even alt","author-","last"],"_links":{"self":[{"href":"http:\/\/cueroamerica.info\/wpnews\/wp-json\/wp\/v2\/posts\/12202","targetHints":{"allow":["GET"]}}],"collection":[{"href":"http:\/\/cueroamerica.info\/wpnews\/wp-json\/wp\/v2\/posts"}],"about":[{"href":"http:\/\/cueroamerica.info\/wpnews\/wp-json\/wp\/v2\/types\/post"}],"author":[{"embeddable":true,"href":"http:\/\/cueroamerica.info\/wpnews\/wp-json\/wp\/v2\/users\/4"}],"replies":[{"embeddable":true,"href":"http:\/\/cueroamerica.info\/wpnews\/wp-json\/wp\/v2\/comments?post=12202"}],"version-history":[{"count":1,"href":"http:\/\/cueroamerica.info\/wpnews\/wp-json\/wp\/v2\/posts\/12202\/revisions"}],"predecessor-version":[{"id":12203,"href":"http:\/\/cueroamerica.info\/wpnews\/wp-json\/wp\/v2\/posts\/12202\/revisions\/12203"}],"wp:attachment":[{"href":"http:\/\/cueroamerica.info\/wpnews\/wp-json\/wp\/v2\/media?parent=12202"}],"wp:term":[{"taxonomy":"category","embeddable":true,"href":"http:\/\/cueroamerica.info\/wpnews\/wp-json\/wp\/v2\/categories?post=12202"},{"taxonomy":"post_tag","embeddable":true,"href":"http:\/\/cueroamerica.info\/wpnews\/wp-json\/wp\/v2\/tags?post=12202"}],"curies":[{"name":"wp","href":"https:\/\/api.w.org\/{rel}","templated":true}]}}