{"id":12227,"date":"2017-11-13T19:38:49","date_gmt":"2017-11-13T19:38:49","guid":{"rendered":"http:\/\/cueroamerica.info\/wpnews\/?p=12227"},"modified":"2017-11-13T19:38:49","modified_gmt":"2017-11-13T19:38:49","slug":"lectra-mantiene-su-fuerte-participacion-en-el-sector-de-tapiceria-para-automoviles","status":"publish","type":"post","link":"http:\/\/cueroamerica.info\/wpnews\/2017\/11\/lectra-mantiene-su-fuerte-participacion-en-el-sector-de-tapiceria-para-automoviles\/","title":{"rendered":"Lectra mantiene su fuerte participaci\u00f3n en el sector de tapicer\u00eda para autom\u00f3viles"},"content":{"rendered":"<p>Lectra, la empresa de soluciones tecnol\u00f3gicas integradas para las industrias que utilizan tejidos, cueros, textiles t\u00e9cnicos y materiales compuestos, anunci\u00f3 que extender\u00e1 su asociaci\u00f3n con la autopartista francesa Faurecia. Mediante este acuerdo, Lectra seguir\u00e1 suministrando tecnolog\u00eda de cortado para la divisi\u00f3n de asientos para autos de esa compa\u00f1\u00eda.<\/p>\n<table>\n<tbody>\n<tr>\n<td><a href=\"http:\/\/cueroamerica.info\/wpnews\/wp-content\/uploads\/2017\/11\/Faurecia.jpg\"><img loading=\"lazy\" decoding=\"async\" class=\"aligncenter size-medium wp-image-12213\" src=\"http:\/\/cueroamerica.info\/wpnews\/wp-content\/uploads\/2017\/11\/Faurecia-300x212.jpg\" alt=\"\" width=\"300\" height=\"212\" srcset=\"http:\/\/cueroamerica.info\/wpnews\/wp-content\/uploads\/2017\/11\/Faurecia-300x212.jpg 300w, http:\/\/cueroamerica.info\/wpnews\/wp-content\/uploads\/2017\/11\/Faurecia.jpg 600w\" sizes=\"auto, (max-width: 300px) 100vw, 300px\" \/><\/a><\/td>\n<td><a href=\"http:\/\/cueroamerica.info\/wpnews\/wp-content\/uploads\/2017\/11\/Equipo-Lectra.png\"><img loading=\"lazy\" decoding=\"async\" class=\"aligncenter size-medium wp-image-12207\" src=\"http:\/\/cueroamerica.info\/wpnews\/wp-content\/uploads\/2017\/11\/Equipo-Lectra-300x199.png\" alt=\"\" width=\"300\" height=\"199\" srcset=\"http:\/\/cueroamerica.info\/wpnews\/wp-content\/uploads\/2017\/11\/Equipo-Lectra-300x199.png 300w, http:\/\/cueroamerica.info\/wpnews\/wp-content\/uploads\/2017\/11\/Equipo-Lectra-768x509.png 768w, http:\/\/cueroamerica.info\/wpnews\/wp-content\/uploads\/2017\/11\/Equipo-Lectra.png 800w\" sizes=\"auto, (max-width: 300px) 100vw, 300px\" \/><\/a><\/td>\n<\/tr>\n<\/tbody>\n<\/table>\n<p>Faurecia decidi\u00f3 extender el acuerdo porque aumentar\u00e1 su producci\u00f3n de tapizados para asiento, cabezales e interiores para autos. La empresa calcula que gracias a las avanzadas tecnolog\u00edas de producci\u00f3n \u2013entre ellas la que provee Lectra- podr\u00e1 duplicar su producci\u00f3n en las f\u00e1bricas que ya est\u00e1n operando, sin necesidad de abrir nuevas unidades productivas.<\/p>\n<div id=\"attachment_12211\" style=\"width: 238px\" class=\"wp-caption alignright\"><a href=\"http:\/\/cueroamerica.info\/wpnews\/wp-content\/uploads\/2017\/11\/Daniel-Harari-presidente-del-grupo-Lectra.-1.jpg\"><img loading=\"lazy\" decoding=\"async\" aria-describedby=\"caption-attachment-12211\" class=\" wp-image-12211\" src=\"http:\/\/cueroamerica.info\/wpnews\/wp-content\/uploads\/2017\/11\/Daniel-Harari-presidente-del-grupo-Lectra.-1-300x199.jpg\" alt=\"\" width=\"228\" height=\"151\" srcset=\"http:\/\/cueroamerica.info\/wpnews\/wp-content\/uploads\/2017\/11\/Daniel-Harari-presidente-del-grupo-Lectra.-1-300x199.jpg 300w, http:\/\/cueroamerica.info\/wpnews\/wp-content\/uploads\/2017\/11\/Daniel-Harari-presidente-del-grupo-Lectra.-1.jpg 574w\" sizes=\"auto, (max-width: 228px) 100vw, 228px\" \/><\/a><p id=\"caption-attachment-12211\" class=\"wp-caption-text\">Daniel Harari, presidente del grupo Lectra<\/p><\/div>\n<p>La empresa considera que su asociaci\u00f3n con Lectra la ayudar\u00e1 tambi\u00e9n en su objetivo de avanzar cada d\u00eda m\u00e1s hacia la implementaci\u00f3n de la Industria 4.0 en todas sus f\u00e1bricas.<\/p>\n<p>Entre las soluciones que Lectra proveer\u00e1 se cuenta la tecnolog\u00eda de cortado Vector, de la cual Faurecia ya tiene 60 de estas m\u00e1quinas funcionando en sus f\u00e1bricas de todo el mundo.<br \/>\n&#8212;&#8212;&#8212;&#8212;&#8212;&#8212;&#8212;&#8212;&#8212;&#8212;&#8212;&#8212;&#8212;&#8212;&#8212;&#8211;<br \/>\nLeatherbiz y APLF \/ CueroAm\u00e9rica<\/p>\n<p dir=\"ltr\">\u2014\u2014\u2014\u2014\u2014\u2014\u2014\u2014\u2014\u2014\u2014\u2014\u2014\u2014\u2014\u2014\u2014\u2014\u2014\u2014\u2014\u2014\u2014\u2014\u2014\u2014\u2014\u2014\u2014\u2014\u2014\u2014\u2014\u2014\u2014\u2014\u2014\u2014\u2014\u2014\u2014\u2014\u2014\u2014<\/p>\n<p dir=\"ltr\">Para comunicarse con CueroAm\u00e9rica: <span style=\"color: #3366ff;\"><a style=\"color: #3366ff;\" href=\"mailto:contacto@cueroamerica.com\">contacto@cueroamerica.com<\/a><\/span><\/p>\n<table border=\"0\" width=\"460\">\n<tbody>\n<tr>\n<td width=\"300\"><a href=\"http:\/\/bit.ly\/2pJGRot\" target=\"_blank\" rel=\"noopener noreferrer\"><img loading=\"lazy\" decoding=\"async\" src=\"\/img\/publicidad\/300x200_v2-lanxess.gif\" width=\"300\" height=\"200\" \/><\/a><\/td>\n<td width=\"171\"><a href=\"http:\/\/bit.ly\/2pK0gG1\" target=\"_blank\" rel=\"noopener noreferrer\"><img loading=\"lazy\" decoding=\"async\" src=\"\/img\/publicidad\/dfs2017.gif\" alt=\"\" width=\"300\" height=\"200\" border=\"0\" \/><\/a><\/td>\n<\/tr>\n<\/tbody>\n<\/table>\n","protected":false},"excerpt":{"rendered":"<p>Lectra, la empresa de soluciones tecnol\u00f3gicas integradas para las industrias que utilizan tejidos, cueros, textiles t\u00e9cnicos y materiales compuestos, anunci\u00f3 que extender\u00e1 su asociaci\u00f3n con la autopartista francesa Faurecia. Mediante este acuerdo, Lectra seguir\u00e1 suministrando tecnolog\u00eda de cortado para la divisi\u00f3n de asientos para autos de esa compa\u00f1\u00eda. Faurecia decidi\u00f3 extender el acuerdo porque aumentar\u00e1 [&hellip;]<\/p>\n","protected":false},"author":4,"featured_media":0,"comment_status":"closed","ping_status":"closed","sticky":false,"template":"","format":"standard","meta":{"footnotes":""},"categories":[8],"tags":[],"class_list":["post-12227","post","type-post","status-publish","format-standard","hentry","category-empresas-y-negocios","count-0","even alt","author-","last"],"_links":{"self":[{"href":"http:\/\/cueroamerica.info\/wpnews\/wp-json\/wp\/v2\/posts\/12227","targetHints":{"allow":["GET"]}}],"collection":[{"href":"http:\/\/cueroamerica.info\/wpnews\/wp-json\/wp\/v2\/posts"}],"about":[{"href":"http:\/\/cueroamerica.info\/wpnews\/wp-json\/wp\/v2\/types\/post"}],"author":[{"embeddable":true,"href":"http:\/\/cueroamerica.info\/wpnews\/wp-json\/wp\/v2\/users\/4"}],"replies":[{"embeddable":true,"href":"http:\/\/cueroamerica.info\/wpnews\/wp-json\/wp\/v2\/comments?post=12227"}],"version-history":[{"count":1,"href":"http:\/\/cueroamerica.info\/wpnews\/wp-json\/wp\/v2\/posts\/12227\/revisions"}],"predecessor-version":[{"id":12228,"href":"http:\/\/cueroamerica.info\/wpnews\/wp-json\/wp\/v2\/posts\/12227\/revisions\/12228"}],"wp:attachment":[{"href":"http:\/\/cueroamerica.info\/wpnews\/wp-json\/wp\/v2\/media?parent=12227"}],"wp:term":[{"taxonomy":"category","embeddable":true,"href":"http:\/\/cueroamerica.info\/wpnews\/wp-json\/wp\/v2\/categories?post=12227"},{"taxonomy":"post_tag","embeddable":true,"href":"http:\/\/cueroamerica.info\/wpnews\/wp-json\/wp\/v2\/tags?post=12227"}],"curies":[{"name":"wp","href":"https:\/\/api.w.org\/{rel}","templated":true}]}}