{"id":12689,"date":"2018-01-31T20:38:24","date_gmt":"2018-01-31T20:38:24","guid":{"rendered":"http:\/\/cueroamerica.info\/wpnews\/?p=12689"},"modified":"2018-01-31T21:17:20","modified_gmt":"2018-01-31T21:17:20","slug":"con-mas-compradores-y-una-oferta-atractiva-couromoda-celebro-45-anos-de-vigencia","status":"publish","type":"post","link":"http:\/\/cueroamerica.info\/wpnews\/2018\/01\/con-mas-compradores-y-una-oferta-atractiva-couromoda-celebro-45-anos-de-vigencia\/","title":{"rendered":"Con m\u00e1s compradores y una oferta atractiva Couromoda celebr\u00f3 45 a\u00f1os de vigencia"},"content":{"rendered":"<p>La 45\u00aa edici\u00f3n de la Couromoda, la feria de la industria del calzado y marroquiner\u00eda de Brasil, junto con celebrar un importante aniversario mostr\u00f3 su vitalidad y capacidad de convocatoria. La \u2018retoma\u2019 -recuperaci\u00f3n- largamente esperada por la industria brasilera comenz\u00f3 a cristalizarse con la llegada de mayor n\u00famero de visitantes, locales y extranjeros. El nivel de actividad gener\u00f3 optimismo.<\/p>\n<table>\n<tbody>\n<tr>\n<td><a href=\"http:\/\/cueroamerica.info\/wpnews\/wp-content\/uploads\/2018\/01\/5.jpg\"><img decoding=\"async\" class=\"aligncenter size-medium wp-image-12690\" src=\"http:\/\/cueroamerica.info\/wpnews\/wp-content\/uploads\/2018\/01\/5-300x225.jpg\" alt=\"\" width=\"auto\" height=\"140\" srcset=\"http:\/\/cueroamerica.info\/wpnews\/wp-content\/uploads\/2018\/01\/5-300x225.jpg 300w, http:\/\/cueroamerica.info\/wpnews\/wp-content\/uploads\/2018\/01\/5-768x576.jpg 768w, http:\/\/cueroamerica.info\/wpnews\/wp-content\/uploads\/2018\/01\/5-1024x768.jpg 1024w, http:\/\/cueroamerica.info\/wpnews\/wp-content\/uploads\/2018\/01\/5.jpg 1091w\" sizes=\"(max-width: 1091px) 100vw, 1091px\" \/><\/a><\/td>\n<td><a href=\"http:\/\/cueroamerica.info\/wpnews\/wp-content\/uploads\/2018\/01\/Giulia-Domna.jpg\"><img decoding=\"async\" class=\"aligncenter size-medium wp-image-12709\" src=\"http:\/\/cueroamerica.info\/wpnews\/wp-content\/uploads\/2018\/01\/Giulia-Domna-300x225.jpg\" alt=\"\" width=\"auto\" height=\"140\" srcset=\"http:\/\/cueroamerica.info\/wpnews\/wp-content\/uploads\/2018\/01\/Giulia-Domna-300x225.jpg 300w, http:\/\/cueroamerica.info\/wpnews\/wp-content\/uploads\/2018\/01\/Giulia-Domna-768x576.jpg 768w, http:\/\/cueroamerica.info\/wpnews\/wp-content\/uploads\/2018\/01\/Giulia-Domna.jpg 1024w\" sizes=\"(max-width: 300px) 100vw, 300px\" \/><\/a><\/td>\n<td><a href=\"http:\/\/cueroamerica.info\/wpnews\/wp-content\/uploads\/2018\/01\/4.jpg\"><img decoding=\"async\" class=\"aligncenter size-medium wp-image-12704\" src=\"http:\/\/cueroamerica.info\/wpnews\/wp-content\/uploads\/2018\/01\/4-300x225.jpg\" alt=\"\" width=\"auto\" height=\"140\" srcset=\"http:\/\/cueroamerica.info\/wpnews\/wp-content\/uploads\/2018\/01\/4-300x225.jpg 300w, http:\/\/cueroamerica.info\/wpnews\/wp-content\/uploads\/2018\/01\/4-768x576.jpg 768w, http:\/\/cueroamerica.info\/wpnews\/wp-content\/uploads\/2018\/01\/4-1024x768.jpg 1024w, http:\/\/cueroamerica.info\/wpnews\/wp-content\/uploads\/2018\/01\/4.jpg 1091w\" sizes=\"(max-width: 300px) 100vw, 300px\" \/><\/a><\/td>\n<\/tr>\n<\/tbody>\n<\/table>\n<p>Del 15 al 18 de enero en los pabellones el Expo Center Norte en San Pablo, las empresas de Brasil presentaron sus colecciones de calzados y accesorios para la temporada oto\u00f1o-invierno 2018.<\/p>\n<p>Dirigentes y empresarios se mostraron muy optimistas asegurando que existen datos sobre el comienzo de una recuperaci\u00f3n de la econom\u00eda brasilera. Confirmaron el aumento de la demanda interna y que esta edici\u00f3n la feria paulista tuvo un 5% m\u00e1s de visitantes y fue la mejor de los \u00faltimos cuatro a\u00f1os.<\/p>\n<table>\n<tbody>\n<tr>\n<td><a href=\"http:\/\/cueroamerica.info\/wpnews\/wp-content\/uploads\/2018\/01\/4-Kidy-030-0015-0278.jpg\"><img decoding=\"async\" class=\"aligncenter size-medium wp-image-12706\" src=\"http:\/\/cueroamerica.info\/wpnews\/wp-content\/uploads\/2018\/01\/4-Kidy-030-0015-0278-285x300.jpg\" alt=\"\" width=\"auto\" height=\"120\" srcset=\"http:\/\/cueroamerica.info\/wpnews\/wp-content\/uploads\/2018\/01\/4-Kidy-030-0015-0278-285x300.jpg 285w, http:\/\/cueroamerica.info\/wpnews\/wp-content\/uploads\/2018\/01\/4-Kidy-030-0015-0278-768x809.jpg 768w, http:\/\/cueroamerica.info\/wpnews\/wp-content\/uploads\/2018\/01\/4-Kidy-030-0015-0278.jpg 839w\" sizes=\"(max-width: 285px) 100vw, 285px\" \/><\/a><\/td>\n<td><a href=\"http:\/\/cueroamerica.info\/wpnews\/wp-content\/uploads\/2018\/01\/4-Cravo-e-Canela_3.jpg\"><img decoding=\"async\" class=\"aligncenter size-medium wp-image-12705\" src=\"http:\/\/cueroamerica.info\/wpnews\/wp-content\/uploads\/2018\/01\/4-Cravo-e-Canela_3-300x205.jpg\" alt=\"\" width=\"auto\" height=\"120\" srcset=\"http:\/\/cueroamerica.info\/wpnews\/wp-content\/uploads\/2018\/01\/4-Cravo-e-Canela_3-300x205.jpg 300w, http:\/\/cueroamerica.info\/wpnews\/wp-content\/uploads\/2018\/01\/4-Cravo-e-Canela_3-768x526.jpg 768w, http:\/\/cueroamerica.info\/wpnews\/wp-content\/uploads\/2018\/01\/4-Cravo-e-Canela_3-1024x701.jpg 1024w, http:\/\/cueroamerica.info\/wpnews\/wp-content\/uploads\/2018\/01\/4-Cravo-e-Canela_3.jpg 1100w\" sizes=\"(max-width: 300px) 100vw, 300px\" \/><\/a><\/td>\n<td><a href=\"http:\/\/cueroamerica.info\/wpnews\/wp-content\/uploads\/2018\/01\/15-Vizzano.jpg\"><img decoding=\"async\" class=\"aligncenter size-medium wp-image-12699\" src=\"http:\/\/cueroamerica.info\/wpnews\/wp-content\/uploads\/2018\/01\/15-Vizzano-300x296.jpg\" alt=\"\" width=\"auto\" height=\"120\" srcset=\"http:\/\/cueroamerica.info\/wpnews\/wp-content\/uploads\/2018\/01\/15-Vizzano-300x296.jpg 300w, http:\/\/cueroamerica.info\/wpnews\/wp-content\/uploads\/2018\/01\/15-Vizzano-768x758.jpg 768w, http:\/\/cueroamerica.info\/wpnews\/wp-content\/uploads\/2018\/01\/15-Vizzano-90x90.jpg 90w, http:\/\/cueroamerica.info\/wpnews\/wp-content\/uploads\/2018\/01\/15-Vizzano.jpg 907w\" sizes=\"(max-width: 300px) 100vw, 300px\" \/><\/a><\/td>\n<td><a href=\"http:\/\/cueroamerica.info\/wpnews\/wp-content\/uploads\/2018\/01\/1-Anzetutto-crosta-grigio-28591.jpg\"><img decoding=\"async\" class=\"aligncenter size-medium wp-image-12701\" src=\"http:\/\/cueroamerica.info\/wpnews\/wp-content\/uploads\/2018\/01\/1-Anzetutto-crosta-grigio-28591-221x300.jpg\" alt=\"\" width=\"auto\" height=\"120\" srcset=\"http:\/\/cueroamerica.info\/wpnews\/wp-content\/uploads\/2018\/01\/1-Anzetutto-crosta-grigio-28591-221x300.jpg 221w, http:\/\/cueroamerica.info\/wpnews\/wp-content\/uploads\/2018\/01\/1-Anzetutto-crosta-grigio-28591.jpg 707w\" sizes=\"(max-width: 221px) 100vw, 221px\" \/><\/a><\/td>\n<\/tr>\n<\/tbody>\n<\/table>\n<p>Heitor Klein, presidente ejecutivo de la Asociaci\u00f3n Brasilera de la Industria de Calzado (Abical\u00e7ados), destac\u00f3 que el crecimiento en la producci\u00f3n de calzado registrada a lo largo de 2017, un escaso de 3%, fue impulsado por la retoma de la demanda dom\u00e9stica y por las exportaciones de calzados, reflej\u00f3 positivamente en Couromoda. \u201cEl movimiento en estos cuatro d\u00edas fue superior al del a\u00f1o pasado, con negocios concretados, lo que apunta a\u00f1o de recuperaci\u00f3n del sector\u201d, explic\u00f3 el directivo.<\/p>\n<div id=\"attachment_12707\" style=\"width: 250px\" class=\"wp-caption alignleft\"><a href=\"http:\/\/cueroamerica.info\/wpnews\/wp-content\/uploads\/2018\/01\/Francisco-Santos-fundador-y-presidente-de-Couromoda-celebr\u00f3-los-45-aos-de-la-feria..jpg\"><img loading=\"lazy\" decoding=\"async\" aria-describedby=\"caption-attachment-12707\" class=\"wp-image-12707\" src=\"http:\/\/cueroamerica.info\/wpnews\/wp-content\/uploads\/2018\/01\/Francisco-Santos-fundador-y-presidente-de-Couromoda-celebr\u00f3-los-45-aos-de-la-feria.-300x225.jpg\" alt=\"\" width=\"240\" height=\"180\" srcset=\"http:\/\/cueroamerica.info\/wpnews\/wp-content\/uploads\/2018\/01\/Francisco-Santos-fundador-y-presidente-de-Couromoda-celebr\u00f3-los-45-aos-de-la-feria.-300x225.jpg 300w, http:\/\/cueroamerica.info\/wpnews\/wp-content\/uploads\/2018\/01\/Francisco-Santos-fundador-y-presidente-de-Couromoda-celebr\u00f3-los-45-aos-de-la-feria.-768x576.jpg 768w, http:\/\/cueroamerica.info\/wpnews\/wp-content\/uploads\/2018\/01\/Francisco-Santos-fundador-y-presidente-de-Couromoda-celebr\u00f3-los-45-aos-de-la-feria.-1024x768.jpg 1024w, http:\/\/cueroamerica.info\/wpnews\/wp-content\/uploads\/2018\/01\/Francisco-Santos-fundador-y-presidente-de-Couromoda-celebr\u00f3-los-45-aos-de-la-feria..jpg 1091w\" sizes=\"auto, (max-width: 240px) 100vw, 240px\" \/><\/a><p id=\"caption-attachment-12707\" class=\"wp-caption-text\">Francisco Santos, fundador y presidente de Couromoda celebr\u00f3 los 45 a\u00f1os de la feria<\/p><\/div>\n<p>Por su parte el director general da feria, Jeferson Santos, destac\u00f3 la visita de importantes compradores brasileiros y de Am\u00e9rica Latina. \u201cTuvimos un aumento de entre el 8% y el 10% en las visitas de comerciantes minoristas, lo que es muy importante y ya se puede prever un a\u00f1o m\u00e1s positivo para el sector\u201d, asegur\u00f3.<\/p>\n<p>Seg\u00fan Santos, recibieron m\u00e1s de dos mil compradores extranjeros provenientes de 55 pa\u00edses, la mayor parte de ellos de Am\u00e9rica Latina, que cerraron negocios a pesar de que en este momento el calzado brasilero tiene un precio m\u00e1s elevado debido a la oscilaci\u00f3n local en la cotizaci\u00f3n del d\u00f3lar.<\/p>\n<p>Santos se refiri\u00f3 tambi\u00e9n a la fuerte presencia de micro y peque\u00f1as empresas de calzado, que representaron casi el 40% del total de expositores.<\/p>\n<p>\u201cEso demuestra la importancia del trabajo das entidades del sector y especialmente del Sebrae\u201d, destaca. Para el ejecutivo, el \u00e9xito de Couromoda 2018 debe ser dividido entre todos los que participan, especialmente las empresas. \u201cEstas se adaptan a la nueva realidad del mercado, con un nuevo posicionamiento de marca impulsada por los cambios en el comportamiento del consumidor\u201d, dijo Santos.<\/p>\n<p>\u201cEsta fue la mejor Couromoda de los \u00faltimos cuatro a\u00f1os, porque adem\u00e1s de los negocios generados mostr\u00f3 el perfeccionamiento de los expositores, cada vez m\u00e1s adaptados e innovadores en busca de un consumidor m\u00e1s consciente\u201d, destac\u00f3 Santos.<\/p>\n<p>El presidente de la empresa Bibi, Marlin Kohlrausch, destac\u00f3 que la feria fue \u201cmuy superior a la del a\u00f1o pasado\u201d, con comerciantes m\u00e1s optimistas para el a\u00f1o, lo que gener\u00f3 una mayor cantidad de pedidos en el stand. \u201cCreemos en la recuperaci\u00f3n de la econom\u00eda a lo largo de 2018, con un crecimiento del PIB de entre el 3% y el 4%, incremento que se encaminar\u00e1, sobretodo, al aumento progresivo del consumo\u201d, prev\u00e9 el empresario. Bibi, que tiene una producci\u00f3n anual de 2,6 millones de pares, de los cuales el 20% son exportados principalmente para a Am\u00e9rica Latina y Asia, tiene proyectado crecer entre 10% y 12% en 2018.<\/p>\n<table>\n<tbody>\n<tr>\n<td><a href=\"http:\/\/cueroamerica.info\/wpnews\/wp-content\/uploads\/2018\/01\/6-Anzetutto-camur\u00e7a-rosso-.jpg\"><img decoding=\"async\" class=\"aligncenter size-medium wp-image-12692\" src=\"http:\/\/cueroamerica.info\/wpnews\/wp-content\/uploads\/2018\/01\/6-Anzetutto-camur\u00e7a-rosso--300x243.jpg\" alt=\"\" width=\"auto\" height=\"150\" srcset=\"http:\/\/cueroamerica.info\/wpnews\/wp-content\/uploads\/2018\/01\/6-Anzetutto-camur\u00e7a-rosso--300x243.jpg 300w, http:\/\/cueroamerica.info\/wpnews\/wp-content\/uploads\/2018\/01\/6-Anzetutto-camur\u00e7a-rosso--768x622.jpg 768w, http:\/\/cueroamerica.info\/wpnews\/wp-content\/uploads\/2018\/01\/6-Anzetutto-camur\u00e7a-rosso-.jpg 920w\" sizes=\"(max-width: 300px) 100vw, 300px\" \/><\/a><\/td>\n<td><a href=\"http:\/\/cueroamerica.info\/wpnews\/wp-content\/uploads\/2018\/01\/2-Carrano-_1.jpg\"><img decoding=\"async\" class=\"aligncenter size-medium wp-image-12702\" src=\"http:\/\/cueroamerica.info\/wpnews\/wp-content\/uploads\/2018\/01\/2-Carrano-_1-300x220.jpg\" alt=\"\" width=\"auto\" height=\"150\" srcset=\"http:\/\/cueroamerica.info\/wpnews\/wp-content\/uploads\/2018\/01\/2-Carrano-_1-300x220.jpg 300w, http:\/\/cueroamerica.info\/wpnews\/wp-content\/uploads\/2018\/01\/2-Carrano-_1-768x563.jpg 768w, http:\/\/cueroamerica.info\/wpnews\/wp-content\/uploads\/2018\/01\/2-Carrano-_1-1024x750.jpg 1024w, http:\/\/cueroamerica.info\/wpnews\/wp-content\/uploads\/2018\/01\/2-Carrano-_1.jpg 1100w\" sizes=\"(max-width: 300px) 100vw, 300px\" \/><\/a><\/td>\n<td><a href=\"http:\/\/cueroamerica.info\/wpnews\/wp-content\/uploads\/2018\/01\/5-Anzetutto-larosh-multi-verde.jpg\"><img decoding=\"async\" class=\"aligncenter size-medium wp-image-12691\" src=\"http:\/\/cueroamerica.info\/wpnews\/wp-content\/uploads\/2018\/01\/5-Anzetutto-larosh-multi-verde-300x237.jpg\" alt=\"\" width=\"auto\" height=\"150\" srcset=\"http:\/\/cueroamerica.info\/wpnews\/wp-content\/uploads\/2018\/01\/5-Anzetutto-larosh-multi-verde-300x237.jpg 300w, http:\/\/cueroamerica.info\/wpnews\/wp-content\/uploads\/2018\/01\/5-Anzetutto-larosh-multi-verde-768x608.jpg 768w, http:\/\/cueroamerica.info\/wpnews\/wp-content\/uploads\/2018\/01\/5-Anzetutto-larosh-multi-verde.jpg 939w\" sizes=\"(max-width: 300px) 100vw, 300px\" \/><\/a><\/td>\n<\/tr>\n<\/tbody>\n<\/table>\n<p>Aderson Lara es gerente comercial de la marca Invoice, una de las peque\u00f1as empresas que tuvieron en Couromoda una plataforma de crecimiento. La compa\u00f1\u00eda naci\u00f3 en 2012 y desde 2013 participa en la feria paulista. \u201cHasta 2015 participamos en un stand colectivo y a partir de ese a\u00f1o pasamos a tener stand propio\u201d. El ejecutivo destac\u00f3 que \u201caunque quiz\u00e1s esta vez hayamos tenido menos visitantes, los compradores estuvieron enfocados en concretar pedidos. \u201cQuien ingres\u00f3 al stand, vino para comprar\u201d, explic\u00f3. Con una capacidad productiva de 2.500 pares diarios, Invoice proyecta crecer un 8% a lo largo de 2018. Esperan aumentar el porcentaje de exportaci\u00f3n del actual 10% al 15%.<\/p>\n<table>\n<tbody>\n<tr>\n<td><a href=\"http:\/\/cueroamerica.info\/wpnews\/wp-content\/uploads\/2018\/01\/12-Kildare-BK6501-AN.WAXY-MALTE.jpg\"><img decoding=\"async\" class=\"aligncenter size-medium wp-image-12697\" src=\"http:\/\/cueroamerica.info\/wpnews\/wp-content\/uploads\/2018\/01\/12-Kildare-BK6501-AN.WAXY-MALTE-300x225.jpg\" alt=\"\" width=\"auto\" height=\"136\" srcset=\"http:\/\/cueroamerica.info\/wpnews\/wp-content\/uploads\/2018\/01\/12-Kildare-BK6501-AN.WAXY-MALTE-300x225.jpg 300w, http:\/\/cueroamerica.info\/wpnews\/wp-content\/uploads\/2018\/01\/12-Kildare-BK6501-AN.WAXY-MALTE-768x576.jpg 768w, http:\/\/cueroamerica.info\/wpnews\/wp-content\/uploads\/2018\/01\/12-Kildare-BK6501-AN.WAXY-MALTE.jpg 1024w\" sizes=\"(max-width: 300px) 100vw, 300px\" \/><\/a><\/td>\n<td><a href=\"http:\/\/cueroamerica.info\/wpnews\/wp-content\/uploads\/2018\/01\/3-Cravo-e-Canela-_2.jpg\"><img decoding=\"async\" class=\"aligncenter size-medium wp-image-12703\" src=\"http:\/\/cueroamerica.info\/wpnews\/wp-content\/uploads\/2018\/01\/3-Cravo-e-Canela-_2-300x244.jpg\" alt=\"\" width=\"auto\" height=\"136\" srcset=\"http:\/\/cueroamerica.info\/wpnews\/wp-content\/uploads\/2018\/01\/3-Cravo-e-Canela-_2-300x244.jpg 300w, http:\/\/cueroamerica.info\/wpnews\/wp-content\/uploads\/2018\/01\/3-Cravo-e-Canela-_2-768x626.jpg 768w, http:\/\/cueroamerica.info\/wpnews\/wp-content\/uploads\/2018\/01\/3-Cravo-e-Canela-_2-1024x834.jpg 1024w, http:\/\/cueroamerica.info\/wpnews\/wp-content\/uploads\/2018\/01\/3-Cravo-e-Canela-_2.jpg 1100w\" sizes=\"(max-width: 300px) 100vw, 300px\" \/><\/a><\/td>\n<td><a href=\"http:\/\/cueroamerica.info\/wpnews\/wp-content\/uploads\/2018\/01\/14-Cravo-e-Canela.jpg\"><img decoding=\"async\" class=\"aligncenter size-medium wp-image-12698\" src=\"http:\/\/cueroamerica.info\/wpnews\/wp-content\/uploads\/2018\/01\/14-Cravo-e-Canela-300x172.jpg\" alt=\"\" width=\"auto\" height=\"136\" srcset=\"http:\/\/cueroamerica.info\/wpnews\/wp-content\/uploads\/2018\/01\/14-Cravo-e-Canela-300x172.jpg 300w, http:\/\/cueroamerica.info\/wpnews\/wp-content\/uploads\/2018\/01\/14-Cravo-e-Canela-768x441.jpg 768w, http:\/\/cueroamerica.info\/wpnews\/wp-content\/uploads\/2018\/01\/14-Cravo-e-Canela-1024x588.jpg 1024w, http:\/\/cueroamerica.info\/wpnews\/wp-content\/uploads\/2018\/01\/14-Cravo-e-Canela.jpg 1100w\" sizes=\"(max-width: 300px) 100vw, 300px\" \/><\/a><\/td>\n<\/tr>\n<\/tbody>\n<\/table>\n<p>Abical\u00e7ados, como es habitual, particip\u00f3 de Couromoda con acciones de promoci\u00f3n comercial y de imagen, adem\u00e1s de aportar panelistas al F\u00f3rum Couromoda. En el primero, el \u2018Proyecto Comprador Vip\u2019 invit\u00f3 a compradores de \u2018Calzado Sibony\u2019 y de \u2018JCT Empresarial\u2019, ambos de Colombia.<\/p>\n<p>Adem\u00e1s Abical\u00e7ados concret\u00f3 el \u2018Proyecto Imagen\u2019, que en esta edici\u00f3n invit\u00f3 a 11 periodistas extranjeros, de algunos de los principales medios de comunicaci\u00f3n del mundo, vinculados al sector. Estuvieron los editores de CueroAm\u00e9rica, Serma (Argentina), Style America, ADN y Publimetro (Colombia), Global Fashion (Espa\u00f1a), Chausser, Le Cuir y otras (Francia), Moda Pelle y Edizioni AF (Italia), Fashion Trend (China) y Sourcing Journal (Estados Unidos).<\/p>\n<table>\n<tbody>\n<tr>\n<td><a href=\"http:\/\/cueroamerica.info\/wpnews\/wp-content\/uploads\/2018\/01\/9-Kidy-097-0120-3975.jpg\"><img decoding=\"async\" class=\"aligncenter size-medium wp-image-12695\" src=\"http:\/\/cueroamerica.info\/wpnews\/wp-content\/uploads\/2018\/01\/9-Kidy-097-0120-3975-300x197.jpg\" alt=\"\" width=\"auto\" height=\"140\" srcset=\"http:\/\/cueroamerica.info\/wpnews\/wp-content\/uploads\/2018\/01\/9-Kidy-097-0120-3975-300x197.jpg 300w, http:\/\/cueroamerica.info\/wpnews\/wp-content\/uploads\/2018\/01\/9-Kidy-097-0120-3975-768x506.jpg 768w, http:\/\/cueroamerica.info\/wpnews\/wp-content\/uploads\/2018\/01\/9-Kidy-097-0120-3975-1024x674.jpg 1024w, http:\/\/cueroamerica.info\/wpnews\/wp-content\/uploads\/2018\/01\/9-Kidy-097-0120-3975.jpg 1147w\" sizes=\"(max-width: 300px) 100vw, 300px\" \/><\/a><\/td>\n<td><a href=\"http:\/\/cueroamerica.info\/wpnews\/wp-content\/uploads\/2018\/01\/8-Kidy-031-0020-4025ar.jpg\"><img decoding=\"async\" class=\"aligncenter size-medium wp-image-12694\" src=\"http:\/\/cueroamerica.info\/wpnews\/wp-content\/uploads\/2018\/01\/8-Kidy-031-0020-4025ar-300x255.jpg\" alt=\"\" width=\"auto\" height=\"140\" srcset=\"http:\/\/cueroamerica.info\/wpnews\/wp-content\/uploads\/2018\/01\/8-Kidy-031-0020-4025ar-300x255.jpg 300w, http:\/\/cueroamerica.info\/wpnews\/wp-content\/uploads\/2018\/01\/8-Kidy-031-0020-4025ar-768x652.jpg 768w, http:\/\/cueroamerica.info\/wpnews\/wp-content\/uploads\/2018\/01\/8-Kidy-031-0020-4025ar.jpg 1024w\" sizes=\"(max-width: 300px) 100vw, 300px\" \/><\/a><\/td>\n<td><a href=\"http:\/\/cueroamerica.info\/wpnews\/wp-content\/uploads\/2018\/01\/7-Kidy-059-0016-0017.jpg\"><img decoding=\"async\" class=\"aligncenter size-medium wp-image-12693\" src=\"http:\/\/cueroamerica.info\/wpnews\/wp-content\/uploads\/2018\/01\/7-Kidy-059-0016-0017-300x205.jpg\" alt=\"\" width=\"auto\" height=\"140\" srcset=\"http:\/\/cueroamerica.info\/wpnews\/wp-content\/uploads\/2018\/01\/7-Kidy-059-0016-0017-300x205.jpg 300w, http:\/\/cueroamerica.info\/wpnews\/wp-content\/uploads\/2018\/01\/7-Kidy-059-0016-0017-768x526.jpg 768w, http:\/\/cueroamerica.info\/wpnews\/wp-content\/uploads\/2018\/01\/7-Kidy-059-0016-0017-1024x701.jpg 1024w, http:\/\/cueroamerica.info\/wpnews\/wp-content\/uploads\/2018\/01\/7-Kidy-059-0016-0017.jpg 1227w\" sizes=\"(max-width: 300px) 100vw, 300px\" \/><\/a><\/td>\n<\/tr>\n<\/tbody>\n<\/table>\n<p>Ambos proyectos fueron creados en el \u00e1mbito del Brazilian Footwear, programa de apoyo a las exportaciones de calzado desarrollado por Abical\u00e7ados en conjunto con la Agencia Brasilera de Promoci\u00f3n de las Exportaciones e Inversiones (Apex-Brasil).<\/p>\n<p>Junto a Couromoda, bajo el mismo techo, se realiz\u00f3 la feria S\u00e3o Paulo Pr\u00eat-\u00e0-Porter, que present\u00f3 una amplia gama de confecciones, completando el panorama de la moda oto\u00f1o invierno 2018.<\/p>\n<p>Las pr\u00f3ximas ediciones de Couromoda y S\u00e3o Paulo Pr\u00eat-\u00e0-Porter se realizar\u00e1n los d\u00edas 14 al 17 de enero, en el mismo confortable espacio del Expo Center Norte de la ciudad de San Pablo.<br \/>\n&#8212;&#8212;&#8212;&#8212;&#8212;&#8212;&#8211;<br \/>\nCueroAm\u00e9rica<\/p>\n<p dir=\"ltr\">\u2014\u2014\u2014\u2014\u2014\u2014\u2014\u2014\u2014\u2014\u2014\u2014\u2014\u2014\u2014\u2014\u2014\u2014\u2014\u2014\u2014\u2014\u2014\u2014\u2014\u2014\u2014\u2014\u2014\u2014\u2014\u2014\u2014\u2014\u2014\u2014\u2014\u2014\u2014\u2014\u2014\u2014\u2014\u2014<\/p>\n<p dir=\"ltr\">Para comunicarse con CueroAm\u00e9rica: <span style=\"color: #3366ff;\"><a style=\"color: #3366ff;\" href=\"mailto:contacto@cueroamerica.com\">contacto@cueroamerica.com<\/a><\/span><\/p>\n<table border=\"0\" width=\"460\">\n<tbody>\n<tr>\n<td width=\"300\"><a href=\"http:\/\/bit.ly\/2p9UM5w\" target=\"_blank\" rel=\"noopener noreferrer\"><img loading=\"lazy\" decoding=\"async\" src=\"\/img\/publicidad\/aplf300x200-18.jpg\" width=\"300\" height=\"200\" \/><\/a><\/td>\n<td width=\"171\"><a href=\"http:\/\/www.porto2018.uitic.org\" target=\"_blank\" rel=\"noopener noreferrer\"><img loading=\"lazy\" decoding=\"async\" src=\"\/img\/publicidad\/20171212 bannerUITIC.png\" alt=\"\" width=\"300\" height=\"200\" \/><\/a><\/td>\n<\/tr>\n<\/tbody>\n<\/table>\n","protected":false},"excerpt":{"rendered":"<p>La 45\u00aa edici\u00f3n de la Couromoda, la feria de la industria del calzado y marroquiner\u00eda de Brasil, junto con celebrar un importante aniversario mostr\u00f3 su vitalidad y capacidad de convocatoria. La \u2018retoma\u2019 -recuperaci\u00f3n- largamente esperada por la industria brasilera comenz\u00f3 a cristalizarse con la llegada de mayor n\u00famero de visitantes, locales y extranjeros. El nivel [&hellip;]<\/p>\n","protected":false},"author":4,"featured_media":0,"comment_status":"closed","ping_status":"closed","sticky":false,"template":"","format":"standard","meta":{"footnotes":""},"categories":[66,60],"tags":[],"class_list":["post-12689","post","type-post","status-publish","format-standard","hentry","category-ferias-realizadas","category-ferias","count-0","even alt","author-","last"],"_links":{"self":[{"href":"http:\/\/cueroamerica.info\/wpnews\/wp-json\/wp\/v2\/posts\/12689","targetHints":{"allow":["GET"]}}],"collection":[{"href":"http:\/\/cueroamerica.info\/wpnews\/wp-json\/wp\/v2\/posts"}],"about":[{"href":"http:\/\/cueroamerica.info\/wpnews\/wp-json\/wp\/v2\/types\/post"}],"author":[{"embeddable":true,"href":"http:\/\/cueroamerica.info\/wpnews\/wp-json\/wp\/v2\/users\/4"}],"replies":[{"embeddable":true,"href":"http:\/\/cueroamerica.info\/wpnews\/wp-json\/wp\/v2\/comments?post=12689"}],"version-history":[{"count":20,"href":"http:\/\/cueroamerica.info\/wpnews\/wp-json\/wp\/v2\/posts\/12689\/revisions"}],"predecessor-version":[{"id":12728,"href":"http:\/\/cueroamerica.info\/wpnews\/wp-json\/wp\/v2\/posts\/12689\/revisions\/12728"}],"wp:attachment":[{"href":"http:\/\/cueroamerica.info\/wpnews\/wp-json\/wp\/v2\/media?parent=12689"}],"wp:term":[{"taxonomy":"category","embeddable":true,"href":"http:\/\/cueroamerica.info\/wpnews\/wp-json\/wp\/v2\/categories?post=12689"},{"taxonomy":"post_tag","embeddable":true,"href":"http:\/\/cueroamerica.info\/wpnews\/wp-json\/wp\/v2\/tags?post=12689"}],"curies":[{"name":"wp","href":"https:\/\/api.w.org\/{rel}","templated":true}]}}