{"id":13024,"date":"2018-03-29T13:26:57","date_gmt":"2018-03-29T13:26:57","guid":{"rendered":"http:\/\/cueroamerica.info\/wpnews\/?p=13024"},"modified":"2018-06-25T20:57:46","modified_gmt":"2018-06-25T20:57:46","slug":"francal-celebrara-su-edicion-50-con-un-salon-actualizado-con-encanto-y-muy-inspirador","status":"publish","type":"post","link":"http:\/\/cueroamerica.info\/wpnews\/2018\/03\/francal-celebrara-su-edicion-50-con-un-salon-actualizado-con-encanto-y-muy-inspirador\/","title":{"rendered":"Francal prepara su edici\u00f3n 50\u00ba con nuevos conceptos, encanto, mucho contenido informativo y muy inspirador"},"content":{"rendered":"<p><a href=\"http:\/\/cueroamerica.info\/wpnews\/wp-content\/uploads\/2018\/03\/5_o.jpg\"><img loading=\"lazy\" decoding=\"async\" class=\"alignright wp-image-13004\" src=\"http:\/\/cueroamerica.info\/wpnews\/wp-content\/uploads\/2018\/03\/5_o-300x169.jpg\" alt=\"\" width=\"245\" height=\"138\" srcset=\"http:\/\/cueroamerica.info\/wpnews\/wp-content\/uploads\/2018\/03\/5_o-300x169.jpg 300w, http:\/\/cueroamerica.info\/wpnews\/wp-content\/uploads\/2018\/03\/5_o-768x432.jpg 768w, http:\/\/cueroamerica.info\/wpnews\/wp-content\/uploads\/2018\/03\/5_o.jpg 913w\" sizes=\"auto, (max-width: 245px) 100vw, 245px\" \/><\/a>Francal llega a la edici\u00f3n n\u00famero 50 en sinton\u00eda con los cambios globales del mercado minorista y dispone una serie de innovaciones para el 2018. Incorpora en esta oportunidad modernos conceptos del visual merchandising y del marketing sensorial, actuales opciones de stands, ambientaci\u00f3n con referencias de moda y oferta de contenido inspirador e informativo.<\/p>\n<p>Programada del 16 al 19 de julio, en el Expo Center Norte, en S\u00e3o Paulo, la feria Francal llega a la 50\u00aa edici\u00f3n iluminada, con color e inspiradora. El concepto \u201cferia con cara de shopping y estands con cara de tienda\u201d es a gu\u00eda de todas las novedades a partir de esta edici\u00f3n.<\/p>\n<p>Seg\u00fan informan los organizadores, el objetivo es ofrecer a los comerciantes m\u00e1s oportunidades para realizar negocios, renovar sus vidrieras con lanzamientos del Verano 2019 de las principales marcas brasileras de calzados y accesorios adem\u00e1s de una experiencia completa e innovadora.<\/p>\n<table>\n<tbody>\n<tr>\n<td><a href=\"http:\/\/cueroamerica.info\/wpnews\/wp-content\/uploads\/2018\/03\/dsc6534_35634606596_o.jpg\"><img decoding=\"async\" class=\"aligncenter size-medium wp-image-13013\" src=\"http:\/\/cueroamerica.info\/wpnews\/wp-content\/uploads\/2018\/03\/dsc6534_35634606596_o-300x200.jpg\" alt=\"\" width=\"auto\" height=\"136\" srcset=\"http:\/\/cueroamerica.info\/wpnews\/wp-content\/uploads\/2018\/03\/dsc6534_35634606596_o-300x200.jpg 300w, http:\/\/cueroamerica.info\/wpnews\/wp-content\/uploads\/2018\/03\/dsc6534_35634606596_o-768x512.jpg 768w, http:\/\/cueroamerica.info\/wpnews\/wp-content\/uploads\/2018\/03\/dsc6534_35634606596_o.jpg 939w\" sizes=\"(max-width: 300px) 100vw, 300px\" \/><\/a><\/td>\n<td><a href=\"http:\/\/cueroamerica.info\/wpnews\/wp-content\/uploads\/2018\/03\/6_o.jpg\"><img decoding=\"async\" class=\"aligncenter size-medium wp-image-13005\" src=\"http:\/\/cueroamerica.info\/wpnews\/wp-content\/uploads\/2018\/03\/6_o-300x240.jpg\" alt=\"\" width=\"auto\" height=\"136\" srcset=\"http:\/\/cueroamerica.info\/wpnews\/wp-content\/uploads\/2018\/03\/6_o-300x240.jpg 300w, http:\/\/cueroamerica.info\/wpnews\/wp-content\/uploads\/2018\/03\/6_o-768x614.jpg 768w, http:\/\/cueroamerica.info\/wpnews\/wp-content\/uploads\/2018\/03\/6_o.jpg 783w\" sizes=\"(max-width: 300px) 100vw, 300px\" \/><\/a><\/td>\n<td><a href=\"http:\/\/cueroamerica.info\/wpnews\/wp-content\/uploads\/2018\/03\/mg_6485_35676904395_o.jpg\"><img decoding=\"async\" class=\"aligncenter size-medium wp-image-13015\" src=\"http:\/\/cueroamerica.info\/wpnews\/wp-content\/uploads\/2018\/03\/mg_6485_35676904395_o-300x200.jpg\" alt=\"\" width=\"auto\" height=\"136\" srcset=\"http:\/\/cueroamerica.info\/wpnews\/wp-content\/uploads\/2018\/03\/mg_6485_35676904395_o-300x200.jpg 300w, http:\/\/cueroamerica.info\/wpnews\/wp-content\/uploads\/2018\/03\/mg_6485_35676904395_o-768x512.jpg 768w, http:\/\/cueroamerica.info\/wpnews\/wp-content\/uploads\/2018\/03\/mg_6485_35676904395_o.jpg 939w\" sizes=\"(max-width: 300px) 100vw, 300px\" \/><\/a><\/td>\n<\/tr>\n<\/tbody>\n<\/table>\n<p>Francal da comienzo a los negocios de la temporada m\u00e1s vendedora del a\u00f1o para el sector de calzados, la primavera-verano, sirviendo tambi\u00e9n de inspiraci\u00f3n y actualizaci\u00f3n para los comerciantes, aport\u00e1ndoles nuevas ideas, lenguajes y movimientos, que podr\u00e1n traducir en sus puntos de venta.<\/p>\n<p>Una de esas iniciativas es la Francal Talks, que trae especialistas de moda y comercializaci\u00f3n minorista para compartir conocimiento sobre las tendencias m\u00e1s actuales en calzados y accesorios. Otra iniciativa de exitosa es el F\u00f3rum Francal, en el que el prestigioso dise\u00f1ador brasile\u00f1o Walter Rodrigues anticipa las inspiraciones de la estaci\u00f3n y prepara al mercado minorista para la nova temporada de ventas.<\/p>\n<p><a href=\"http:\/\/cueroamerica.info\/wpnews\/wp-content\/uploads\/2018\/03\/img_7976_35718487865_o.jpg\"><img loading=\"lazy\" decoding=\"async\" class=\" wp-image-13009 alignleft\" src=\"http:\/\/cueroamerica.info\/wpnews\/wp-content\/uploads\/2018\/03\/img_7976_35718487865_o-300x200.jpg\" alt=\"\" width=\"243\" height=\"162\" srcset=\"http:\/\/cueroamerica.info\/wpnews\/wp-content\/uploads\/2018\/03\/img_7976_35718487865_o-300x200.jpg 300w, http:\/\/cueroamerica.info\/wpnews\/wp-content\/uploads\/2018\/03\/img_7976_35718487865_o-768x512.jpg 768w, http:\/\/cueroamerica.info\/wpnews\/wp-content\/uploads\/2018\/03\/img_7976_35718487865_o.jpg 939w\" sizes=\"auto, (max-width: 243px) 100vw, 243px\" \/><\/a>La planta m\u00e1s din\u00e1mica refleja el alineamiento de Francal con los principales movimientos del comercio al por menor en el mundo. Hay modernas opciones de proyectos de estands que Francal pondr\u00e1 a disposici\u00f3n de las marcas para mantener un lenguaje m\u00e1s alineado con las tendencias actuales: Terraza Mall, Galer\u00eda Francal, Exporta + y el Sal\u00f3n del Emprendedor, por ejemplo.<\/p>\n<p>Los proyectos proporcionar\u00e1n mejores resultados y mejor costo\/beneficio para las marcas y har\u00e1n a la feria todav\u00eda m\u00e1s atractiva, vibrante, democr\u00e1tica y accesible para las empresas de todos los tama\u00f1os.<\/p>\n<p>El car\u00e1cter innovador de la 50\u00aa edici\u00f3n de Francal se ver\u00e1 desde la entrada a la feria. En el lobby de acreditaci\u00f3n, los comerciantes y dem\u00e1s visitantes se ver\u00e1n impactados por las nuevas formas de exposici\u00f3n de productos y por paneles digitales con las inspiraciones y referencias de colores, materiales, conceptos e informaciones de la moda Verano 2019.<\/p>\n<p><a href=\"http:\/\/cueroamerica.info\/wpnews\/wp-content\/uploads\/2018\/03\/img_7443_34836006324_o.jpg\"><img loading=\"lazy\" decoding=\"async\" class=\"alignright wp-image-13008\" src=\"http:\/\/cueroamerica.info\/wpnews\/wp-content\/uploads\/2018\/03\/img_7443_34836006324_o-300x200.jpg\" alt=\"\" width=\"242\" height=\"161\" srcset=\"http:\/\/cueroamerica.info\/wpnews\/wp-content\/uploads\/2018\/03\/img_7443_34836006324_o-300x200.jpg 300w, http:\/\/cueroamerica.info\/wpnews\/wp-content\/uploads\/2018\/03\/img_7443_34836006324_o-768x512.jpg 768w, http:\/\/cueroamerica.info\/wpnews\/wp-content\/uploads\/2018\/03\/img_7443_34836006324_o.jpg 939w\" sizes=\"auto, (max-width: 242px) 100vw, 242px\" \/><\/a>Dentro del clima de Francal 2018, un conjunto de Alamedas seguir\u00e1 el concepto \u201cMall\u201d, con modernas instalaciones de visual merchandising, referencias visuales de la moda Verano 2019 y t\u00f3tems con exposici\u00f3n virtual de las colecciones de las empresas expositoras para la temporada m\u00e1s c\u00e1lida y glamorosa del a\u00f1o.<\/p>\n<p>Otra gran innovaci\u00f3n de Francal 2018 fue pensada especialmente para las marcas de calzados infantiles. Francal Kids es un proyecto in\u00e9dito en las ferias de calzados, y posicionar\u00e1 al segmento en el punto de atenci\u00f3n ampliando los negocios durante la feria. La propuesta: proporcionar una experiencia audaz y completa para los expositores y comerciantes en un espacio \u00fanico, que une negocios, contenido y nuevos conceptos del universo del mercado minorista.<\/p>\n<p><a href=\"http:\/\/cueroamerica.info\/wpnews\/wp-content\/uploads\/2018\/03\/4_o.jpg\"><img loading=\"lazy\" decoding=\"async\" class=\"alignleft wp-image-13003\" src=\"http:\/\/cueroamerica.info\/wpnews\/wp-content\/uploads\/2018\/03\/4_o-300x211.jpg\" alt=\"\" width=\"243\" height=\"171\" srcset=\"http:\/\/cueroamerica.info\/wpnews\/wp-content\/uploads\/2018\/03\/4_o-300x211.jpg 300w, http:\/\/cueroamerica.info\/wpnews\/wp-content\/uploads\/2018\/03\/4_o-768x540.jpg 768w, http:\/\/cueroamerica.info\/wpnews\/wp-content\/uploads\/2018\/03\/4_o.jpg 852w\" sizes=\"auto, (max-width: 243px) 100vw, 243px\" \/><\/a>Preview Verano 2019 Las celebraciones de la 50\u00aa edici\u00f3n de Francal comienzan de una forma conmovedora el 17 de abril, con la realizaci\u00f3n de un gran evento para el mercado, el Preview Verano 2019, en el Hotel Unique, en S\u00e3o Paulo, elegido el mejor hotel de Am\u00e9rica del Sul y escenario de importantes eventos de moda de la capital paulista.<\/p>\n<p>La productora Patrizia Ramalho, experta con trabajos realizados para la revista Vogue, es la responsable del casting, producci\u00f3n de moda y el desfile, realizado en una moderna instalaci\u00f3n.<\/p>\n<p><a href=\"http:\/\/cueroamerica.info\/wpnews\/wp-content\/uploads\/2018\/03\/lgf4385_35656180776_o.jpg\"><img loading=\"lazy\" decoding=\"async\" class=\"alignright wp-image-13014\" src=\"http:\/\/cueroamerica.info\/wpnews\/wp-content\/uploads\/2018\/03\/lgf4385_35656180776_o-300x200.jpg\" alt=\"\" width=\"242\" height=\"161\" srcset=\"http:\/\/cueroamerica.info\/wpnews\/wp-content\/uploads\/2018\/03\/lgf4385_35656180776_o-300x200.jpg 300w, http:\/\/cueroamerica.info\/wpnews\/wp-content\/uploads\/2018\/03\/lgf4385_35656180776_o-768x513.jpg 768w, http:\/\/cueroamerica.info\/wpnews\/wp-content\/uploads\/2018\/03\/lgf4385_35656180776_o.jpg 939w\" sizes=\"auto, (max-width: 242px) 100vw, 242px\" \/><\/a>Durante el evento, las empresas expositoras podr\u00e1n activar su branding con exposici\u00f3n de productos, y relacionarse con importantes comerciantes de todo Brasil. En el desfile, las marcas adelantar\u00e1n los prelanzamientos del Verano 2019, parte de la colecci\u00f3n completa que se presentar\u00e1 en Francal 2018, en julio, y anticipar\u00e1n sus principales apuestas para la temporada m\u00e1s c\u00e1lida y rentable del a\u00f1o.<\/p>\n<p>La muestra de productos y un cat\u00e1logo digital dar\u00e1n una visi\u00f3n m\u00e1s profunda de estos prelanzamientos a los comerciantes, que tendr\u00e1n en esta ocasi\u00f3n el primer y exclusivo contacto con las referencias y tendencias del Verano 2019.<\/p>\n<p>Datos Clave:<br \/>\nFeria: <strong>FRANCAL 50 A\u00d1OS \u2013 50\u00aa Feria Internacional de la Moda en Calzados y Accesorios<\/strong><br \/>\nFecha: <strong>Del 16 al 19 de julio de 2018<\/strong><br \/>\nLugar: <strong>Expo Center Norte, San Pablo. Brasil<\/strong><br \/>\nPromoci\u00f3n\/Organizaci\u00f3n: <strong>Francal Feiras<\/strong><br \/>\nP\u00e1gina web: <a href=\"http:\/\/www.francal.com.br\" target=\"_blank\" rel=\"noopener noreferrer\">www.francal.com.br<\/a><\/p>\n<p dir=\"ltr\">\u2014\u2014\u2014\u2014\u2014\u2014\u2014\u2014\u2014\u2014\u2014\u2014\u2014\u2014\u2014\u2014\u2014\u2014\u2014\u2014\u2014\u2014\u2014\u2014\u2014\u2014\u2014\u2014\u2014\u2014\u2014\u2014\u2014\u2014\u2014\u2014\u2014\u2014\u2014\u2014\u2014\u2014\u2014\u2014<\/p>\n<p dir=\"ltr\">Para comunicarse con CueroAm\u00e9rica: <span style=\"color: #3366ff;\"><a style=\"color: #3366ff;\" href=\"mailto:contacto@cueroamerica.com\">contacto@cueroamerica.com<\/a><\/span><\/p>\n<table border=\"0\" width=\"460\">\n<tbody>\n<tr>\n<td width=\"300\"><a href=\"http:\/\/www.francal.com.br\/\" target=\"_blank\" rel=\"noopener noreferrer\"><img loading=\"lazy\" decoding=\"async\" src=\"\/img\/publicidad\/bnn_francal2018_300x200-fio_esp.jpg\" width=\"300\" height=\"200\" \/><\/a><\/td>\n<td width=\"171\"><a href=\"http:\/\/bit.ly\/2qIRyH9\" target=\"_blank\" rel=\"noopener noreferrer\"><img loading=\"lazy\" decoding=\"async\" src=\"\/img\/publicidad\/ACLE18_300x200_en-banner.jpg\" alt=\"\" width=\"300\" height=\"200\" border=\"0\" \/><\/a><\/td>\n<\/tr>\n<\/tbody>\n<\/table>\n","protected":false},"excerpt":{"rendered":"<p>Francal llega a la edici\u00f3n n\u00famero 50 en sinton\u00eda con los cambios globales del mercado minorista y dispone una serie de innovaciones para el 2018. Incorpora en esta oportunidad modernos conceptos del visual merchandising y del marketing sensorial, actuales opciones de stands, ambientaci\u00f3n con referencias de moda y oferta de contenido inspirador e informativo. Programada [&hellip;]<\/p>\n","protected":false},"author":4,"featured_media":0,"comment_status":"closed","ping_status":"closed","sticky":false,"template":"","format":"standard","meta":{"footnotes":""},"categories":[65,60],"tags":[],"class_list":["post-13024","post","type-post","status-publish","format-standard","hentry","category-ferias-proximas","category-ferias","count-0","even alt","author-","last"],"_links":{"self":[{"href":"http:\/\/cueroamerica.info\/wpnews\/wp-json\/wp\/v2\/posts\/13024","targetHints":{"allow":["GET"]}}],"collection":[{"href":"http:\/\/cueroamerica.info\/wpnews\/wp-json\/wp\/v2\/posts"}],"about":[{"href":"http:\/\/cueroamerica.info\/wpnews\/wp-json\/wp\/v2\/types\/post"}],"author":[{"embeddable":true,"href":"http:\/\/cueroamerica.info\/wpnews\/wp-json\/wp\/v2\/users\/4"}],"replies":[{"embeddable":true,"href":"http:\/\/cueroamerica.info\/wpnews\/wp-json\/wp\/v2\/comments?post=13024"}],"version-history":[{"count":8,"href":"http:\/\/cueroamerica.info\/wpnews\/wp-json\/wp\/v2\/posts\/13024\/revisions"}],"predecessor-version":[{"id":13434,"href":"http:\/\/cueroamerica.info\/wpnews\/wp-json\/wp\/v2\/posts\/13024\/revisions\/13434"}],"wp:attachment":[{"href":"http:\/\/cueroamerica.info\/wpnews\/wp-json\/wp\/v2\/media?parent=13024"}],"wp:term":[{"taxonomy":"category","embeddable":true,"href":"http:\/\/cueroamerica.info\/wpnews\/wp-json\/wp\/v2\/categories?post=13024"},{"taxonomy":"post_tag","embeddable":true,"href":"http:\/\/cueroamerica.info\/wpnews\/wp-json\/wp\/v2\/tags?post=13024"}],"curies":[{"name":"wp","href":"https:\/\/api.w.org\/{rel}","templated":true}]}}