{"id":13588,"date":"2018-07-16T20:47:07","date_gmt":"2018-07-16T20:47:07","guid":{"rendered":"http:\/\/cueroamerica.info\/wpnews\/?p=13588"},"modified":"2018-07-16T20:47:07","modified_gmt":"2018-07-16T20:47:07","slug":"utech-europa-puso-el-foco-en-los-recursos-renovables","status":"publish","type":"post","link":"http:\/\/cueroamerica.info\/wpnews\/2018\/07\/utech-europa-puso-el-foco-en-los-recursos-renovables\/","title":{"rendered":"UTECH Europa puso el foco en los recursos renovables"},"content":{"rendered":"<p><a href=\"http:\/\/cueroamerica.info\/wpnews\/wp-content\/uploads\/2018\/07\/Logo_1-.png\"><img loading=\"lazy\" decoding=\"async\" class=\"alignright wp-image-13575\" src=\"http:\/\/cueroamerica.info\/wpnews\/wp-content\/uploads\/2018\/07\/Logo_1-.png\" alt=\"\" width=\"200\" height=\"145\" \/><\/a>Entre el 29 y 31 de mayo de este a\u00f1o se realiz\u00f3 la \u00faltima edici\u00f3n UTECH Europa, la feria y conferencia internacional bienal destinada a la industria global de los poliuretanos. El principal tema de la conferencia fue el uso de recursos renovables en la producci\u00f3n de poliuretanos.<\/p>\n<p>El evento se realiza tuvo lugar en Maastricht, Pa\u00edses Bajos y en esta \u00faltima edici\u00f3n recibi\u00f3 El n\u00famero de asistentes \u00fanicos aument\u00f3 en un 13% a 5.239 personas. A su vez, 206 expositores mostraron sus productos y las nuevas. En total UTECH tuvo la presencia de empresarios y profesionales provenientes de 94 pa\u00edses.<\/p>\n<p>Los organizadores enfatizaron que el programa de la conferencia incluy\u00f3 15 charlas enfocadas espec\u00edficamente en el uso de recursos renovables en la producci\u00f3n de poliuretanos.<\/p>\n<table>\n<tbody>\n<tr>\n<td><a href=\"http:\/\/cueroamerica.info\/wpnews\/wp-content\/uploads\/2018\/07\/UTECH-Europe.jpg\"><img decoding=\"async\" class=\"aligncenter size-medium wp-image-13580\" src=\"http:\/\/cueroamerica.info\/wpnews\/wp-content\/uploads\/2018\/07\/UTECH-Europe-300x200.jpg\" alt=\"\" width=\"auto\" height=\"130\" srcset=\"http:\/\/cueroamerica.info\/wpnews\/wp-content\/uploads\/2018\/07\/UTECH-Europe-300x200.jpg 300w, http:\/\/cueroamerica.info\/wpnews\/wp-content\/uploads\/2018\/07\/UTECH-Europe-768x512.jpg 768w, http:\/\/cueroamerica.info\/wpnews\/wp-content\/uploads\/2018\/07\/UTECH-Europe.jpg 900w\" sizes=\"(max-width: 300px) 100vw, 300px\" \/><\/a><\/td>\n<td><a href=\"http:\/\/cueroamerica.info\/wpnews\/wp-content\/uploads\/2018\/07\/UTECH-Europe_3.jpg\"><img decoding=\"async\" class=\"aligncenter size-medium wp-image-13578\" src=\"http:\/\/cueroamerica.info\/wpnews\/wp-content\/uploads\/2018\/07\/UTECH-Europe_3-300x200.jpg\" alt=\"\" width=\"auto\" height=\"130\" srcset=\"http:\/\/cueroamerica.info\/wpnews\/wp-content\/uploads\/2018\/07\/UTECH-Europe_3-300x200.jpg 300w, http:\/\/cueroamerica.info\/wpnews\/wp-content\/uploads\/2018\/07\/UTECH-Europe_3-768x511.jpg 768w, http:\/\/cueroamerica.info\/wpnews\/wp-content\/uploads\/2018\/07\/UTECH-Europe_3.jpg 900w\" sizes=\"(max-width: 300px) 100vw, 300px\" \/><\/a><\/td>\n<td><a href=\"http:\/\/cueroamerica.info\/wpnews\/wp-content\/uploads\/2018\/07\/UTECH-Europe_2.jpg\"><img decoding=\"async\" class=\"aligncenter size-medium wp-image-13579\" src=\"http:\/\/cueroamerica.info\/wpnews\/wp-content\/uploads\/2018\/07\/UTECH-Europe_2-300x199.jpg\" alt=\"\" width=\"auto\" height=\"130\" srcset=\"http:\/\/cueroamerica.info\/wpnews\/wp-content\/uploads\/2018\/07\/UTECH-Europe_2-300x199.jpg 300w, http:\/\/cueroamerica.info\/wpnews\/wp-content\/uploads\/2018\/07\/UTECH-Europe_2-768x509.jpg 768w, http:\/\/cueroamerica.info\/wpnews\/wp-content\/uploads\/2018\/07\/UTECH-Europe_2.jpg 900w\" sizes=\"(max-width: 300px) 100vw, 300px\" \/><\/a><\/td>\n<\/tr>\n<\/tbody>\n<\/table>\n<p>La conferencia principal estuvo a cargo de Patrick Thomas, CEO de Covestro. Robert Outram, vicedirector de la consultora global de la industria de los qu\u00edmicos IAL, present\u00f3 un panorama del mercado actual de los poliuretanos.<\/p>\n<p>Entre los otros panelistas estuvieron Marc Fricke y Frank Fechner de BASF Polyurethanes, Alberto Mercati y Paul Cookson de Dow Polyurethanes, Martin Glos de Evonik, Kristof Dedecker y Geert Dries de Huntsman y Jon Penrice de Dow Chemical.<\/p>\n<div id=\"attachment_13577\" style=\"width: 181px\" class=\"wp-caption alignleft\"><a href=\"http:\/\/cueroamerica.info\/wpnews\/wp-content\/uploads\/2018\/07\/Debbie-Hershfield-directora-de-la-feria-UTECH.-_3.jpg\"><img loading=\"lazy\" decoding=\"async\" aria-describedby=\"caption-attachment-13577\" class=\" wp-image-13577\" src=\"http:\/\/cueroamerica.info\/wpnews\/wp-content\/uploads\/2018\/07\/Debbie-Hershfield-directora-de-la-feria-UTECH.-_3-233x300.jpg\" alt=\"\" width=\"171\" height=\"220\" srcset=\"http:\/\/cueroamerica.info\/wpnews\/wp-content\/uploads\/2018\/07\/Debbie-Hershfield-directora-de-la-feria-UTECH.-_3-233x300.jpg 233w, http:\/\/cueroamerica.info\/wpnews\/wp-content\/uploads\/2018\/07\/Debbie-Hershfield-directora-de-la-feria-UTECH.-_3.jpg 504w\" sizes=\"auto, (max-width: 171px) 100vw, 171px\" \/><\/a><p id=\"caption-attachment-13577\" class=\"wp-caption-text\">Debbie Hershfield, directora de la feria UTECH.<\/p><\/div>\n<p>Debbie Hershfield, directora de la feria UTECH destac\u00f3 que \u201cal finalizar el encuentro, m\u00e1s del 85% de nuestros expositores ya hab\u00edan hecho su reserva para el 2021&#8243;. Asimismo dijo que esperan \u00abpoder llevar este \u00e9xito a nuestros pr\u00f3ximos eventos de UTECH en China, Norteam\u00e9rica y M\u00e9xico\u00bb.<\/p>\n<p>UTECH Europe regresar\u00e1 a Maastricht en la primavera de 2021. El pr\u00f3ximo UTECH PU show en el calendario global de poliuretanos es PU China 2018 que tendr\u00e1 lugar en Shanghai World Expo, China, del 1 al 3 de agosto de 2018. La exposici\u00f3n y conferencia UTECH EE.UU. ser\u00e1 en Charlotte, Carolina del Norte, Estados Unidos, del 11 al 13 de septiembre de 2018. UTECH Am\u00e9ricas regresa al Centro Banamex, Ciudad de M\u00e9xico, del 10 al 12 de abril de 2019.<br \/>\n&#8212;&#8212;&#8212;&#8212;&#8212;&#8212;&#8212;&#8212;&#8212;&#8212;&#8212;&#8212;&#8212;<br \/>\nFootwearbiz \/ CueroAm\u00e9rica<\/p>\n<p dir=\"ltr\">\u2014\u2014\u2014\u2014\u2014\u2014\u2014\u2014\u2014\u2014\u2014\u2014\u2014\u2014\u2014\u2014\u2014\u2014\u2014\u2014\u2014\u2014\u2014\u2014\u2014\u2014\u2014\u2014\u2014\u2014\u2014\u2014\u2014\u2014\u2014\u2014\u2014\u2014\u2014\u2014\u2014\u2014\u2014\u2014<\/p>\n<p dir=\"ltr\">Para comunicarse con CueroAm\u00e9rica: <span style=\"color: #3366ff;\"><a style=\"color: #3366ff;\" href=\"mailto:contacto@cueroamerica.com\">contacto@cueroamerica.com<\/a><\/span><\/p>\n<table border=\"0\" width=\"460\">\n<tbody>\n<tr>\n<td width=\"300\"><a href=\"http:\/\/bit.ly\/2pJGRot\" target=\"_blank\"><img loading=\"lazy\" decoding=\"async\" src=\"\/img\/publicidad\/300x200_v2-lanxess.gif\" width=\"300\" height=\"200\" \/><\/a><\/td>\n<td width=\"171\"><a href=\"http:\/\/bit.ly\/2pK0gG1\" target=\"_blank\"><img loading=\"lazy\" decoding=\"async\" src=\"\/img\/publicidad\/dfs2017.gif\" alt=\"\" width=\"300\" height=\"200\" border=\"0\" \/><\/a> <\/td>\n<\/tr>\n<\/tbody>\n<\/table>\n","protected":false},"excerpt":{"rendered":"<p>Entre el 29 y 31 de mayo de este a\u00f1o se realiz\u00f3 la \u00faltima edici\u00f3n UTECH Europa, la feria y conferencia internacional bienal destinada a la industria global de los poliuretanos. El principal tema de la conferencia fue el uso de recursos renovables en la producci\u00f3n de poliuretanos. El evento se realiza tuvo lugar en [&hellip;]<\/p>\n","protected":false},"author":4,"featured_media":0,"comment_status":"closed","ping_status":"closed","sticky":false,"template":"","format":"standard","meta":{"footnotes":""},"categories":[66,60],"tags":[],"class_list":["post-13588","post","type-post","status-publish","format-standard","hentry","category-ferias-realizadas","category-ferias","count-0","even alt","author-","last"],"_links":{"self":[{"href":"http:\/\/cueroamerica.info\/wpnews\/wp-json\/wp\/v2\/posts\/13588","targetHints":{"allow":["GET"]}}],"collection":[{"href":"http:\/\/cueroamerica.info\/wpnews\/wp-json\/wp\/v2\/posts"}],"about":[{"href":"http:\/\/cueroamerica.info\/wpnews\/wp-json\/wp\/v2\/types\/post"}],"author":[{"embeddable":true,"href":"http:\/\/cueroamerica.info\/wpnews\/wp-json\/wp\/v2\/users\/4"}],"replies":[{"embeddable":true,"href":"http:\/\/cueroamerica.info\/wpnews\/wp-json\/wp\/v2\/comments?post=13588"}],"version-history":[{"count":8,"href":"http:\/\/cueroamerica.info\/wpnews\/wp-json\/wp\/v2\/posts\/13588\/revisions"}],"predecessor-version":[{"id":13596,"href":"http:\/\/cueroamerica.info\/wpnews\/wp-json\/wp\/v2\/posts\/13588\/revisions\/13596"}],"wp:attachment":[{"href":"http:\/\/cueroamerica.info\/wpnews\/wp-json\/wp\/v2\/media?parent=13588"}],"wp:term":[{"taxonomy":"category","embeddable":true,"href":"http:\/\/cueroamerica.info\/wpnews\/wp-json\/wp\/v2\/categories?post=13588"},{"taxonomy":"post_tag","embeddable":true,"href":"http:\/\/cueroamerica.info\/wpnews\/wp-json\/wp\/v2\/tags?post=13588"}],"curies":[{"name":"wp","href":"https:\/\/api.w.org\/{rel}","templated":true}]}}