{"id":13628,"date":"2018-07-27T13:01:59","date_gmt":"2018-07-27T13:01:59","guid":{"rendered":"http:\/\/cueroamerica.info\/wpnews\/?p=13628"},"modified":"2018-07-27T13:01:59","modified_gmt":"2018-07-27T13:01:59","slug":"por-el-cierre-de-70-fabricas-y-la-perdida-de-3000-puestos-el-sector-marroquinero-exige-cambio-de-politica-economica","status":"publish","type":"post","link":"http:\/\/cueroamerica.info\/wpnews\/2018\/07\/por-el-cierre-de-70-fabricas-y-la-perdida-de-3000-puestos-el-sector-marroquinero-exige-cambio-de-politica-economica\/","title":{"rendered":"Por el cierre de 70 f\u00e1bricas y la p\u00e9rdida de 3000 puestos, el sector marroquinero exige cambio de pol\u00edtica econ\u00f3mica"},"content":{"rendered":"<div id=\"attachment_13618\" style=\"width: 259px\" class=\"wp-caption alignright\"><a href=\"http:\/\/cueroamerica.info\/wpnews\/wp-content\/uploads\/2018\/07\/Ariel-Aguilar-presidente-de-la-C\u00e1mara-Industrial-de-las-Manufacturas-Argentinas-del-Cuero-y-Afines_11.jpg\"><img loading=\"lazy\" decoding=\"async\" aria-describedby=\"caption-attachment-13618\" class=\" wp-image-13618\" src=\"http:\/\/cueroamerica.info\/wpnews\/wp-content\/uploads\/2018\/07\/Ariel-Aguilar-presidente-de-la-C\u00e1mara-Industrial-de-las-Manufacturas-Argentinas-del-Cuero-y-Afines_11-300x169.jpg\" alt=\"\" width=\"249\" height=\"140\" srcset=\"http:\/\/cueroamerica.info\/wpnews\/wp-content\/uploads\/2018\/07\/Ariel-Aguilar-presidente-de-la-C\u00e1mara-Industrial-de-las-Manufacturas-Argentinas-del-Cuero-y-Afines_11-300x169.jpg 300w, http:\/\/cueroamerica.info\/wpnews\/wp-content\/uploads\/2018\/07\/Ariel-Aguilar-presidente-de-la-C\u00e1mara-Industrial-de-las-Manufacturas-Argentinas-del-Cuero-y-Afines_11-768x432.jpg 768w, http:\/\/cueroamerica.info\/wpnews\/wp-content\/uploads\/2018\/07\/Ariel-Aguilar-presidente-de-la-C\u00e1mara-Industrial-de-las-Manufacturas-Argentinas-del-Cuero-y-Afines_11-1024x576.jpg 1024w, http:\/\/cueroamerica.info\/wpnews\/wp-content\/uploads\/2018\/07\/Ariel-Aguilar-presidente-de-la-C\u00e1mara-Industrial-de-las-Manufacturas-Argentinas-del-Cuero-y-Afines_11.jpg 1033w\" sizes=\"auto, (max-width: 249px) 100vw, 249px\" \/><\/a><p id=\"caption-attachment-13618\" class=\"wp-caption-text\">Ariel Aguilar, presidente de la C\u00e1mara Industrial de las Manufacturas Argentinas del Cuero y Afines.<\/p><\/div>\n<p>El presidente de la C\u00e1mara de Manufacturas del Cuero y Afines (CIMA), Ariel Aguilar, denunci\u00f3 que \u00abla ca\u00edda del consumo, el aumento de las importaciones, la suba de tarifas y las tasas de inter\u00e9s, hacen inviable cualquier proyecto productivo, y ya generaron la p\u00e9rdida de m\u00e1s de 3.000 puestos de trabajo y el cierre de 70 f\u00e1bricas\u00bb.<\/p>\n<p>En el primer semestre de 2018, las unidades importadas de productos del sector aumentaron un 49,89% con respecto a igual per\u00edodo de un a\u00f1o antes seg\u00fan inform\u00f3 CIMA. Asimismo, las compras en el exterior de carteras de cuero y otros materiales, billeteras, cinturones, bolsos, mochilas, ropa de cuero y dem\u00e1s ya hab\u00edan aumentado un 75% en los dos \u00faltimos a\u00f1os, en relaci\u00f3n a 2015.<\/p>\n<p>\u00abEn el contexto actual, con una ca\u00edda del consumo del mercado interno de un promedio del 30%, esta suba profundiza a\u00fan m\u00e1s la crisis de nuestro sector. Lo m\u00e1s preocupante es que una de las condiciones de la firma del acuerdo con el FMI plantea m\u00e1s apertura comercial y claramente en nuestro sector esto se confirma\u00bb, destac\u00f3 Aguilar.<\/p>\n<p><a href=\"http:\/\/cueroamerica.info\/wpnews\/wp-content\/uploads\/2018\/07\/F\u00e1brica-_2.jpg\"><img loading=\"lazy\" decoding=\"async\" class=\"alignleft wp-image-13613\" src=\"http:\/\/cueroamerica.info\/wpnews\/wp-content\/uploads\/2018\/07\/F\u00e1brica-_2-257x300.jpg\" alt=\"\" width=\"213\" height=\"249\" srcset=\"http:\/\/cueroamerica.info\/wpnews\/wp-content\/uploads\/2018\/07\/F\u00e1brica-_2-257x300.jpg 257w, http:\/\/cueroamerica.info\/wpnews\/wp-content\/uploads\/2018\/07\/F\u00e1brica-_2.jpg 567w\" sizes=\"auto, (max-width: 213px) 100vw, 213px\" \/><\/a>En toda la cadena de valor (curtido, calzado y marroquiner\u00eda), las p\u00e9rdidas de puestos de trabajo ascendieron a m\u00e1s de 13.000 trabajadores.<\/p>\n<p>En este sentido, el dirigente precis\u00f3 que \u00abotro dato relevante que marca la decisi\u00f3n pol\u00edtica de profundizar esta apertura es que la cantidad de importadores de marroquiner\u00eda paso de 470 en 2015 a 1420 en 2017\u00bb.<\/p>\n<p>Aguilar sostuvo que el sector \u00abno plantea un cierre de importaciones sino que, de hecho, siempre convivi\u00f3 con productos importados\u201d. Pero reclama un esquema de administraci\u00f3n responsable del comercio exterior.<\/p>\n<p>El presidente se mostr\u00f3 preocupado por las declaraciones del nuevo ministro de Producci\u00f3n, Dante Sica. Este afirm\u00f3 que no busca limitar las importaciones sino que las empresas deben ser m\u00e1s competitivas y exportar m\u00e1s, pero no reconoci\u00f3 que los mayores costos los genera el estado.<\/p>\n<p>\u00abNuestro sector hist\u00f3ricamente ha sido exportador. El problema es que la estructura productiva argentina, a excepci\u00f3n de los salarios, esta dolarizada. El cuero, en nuestro caso tiene valor d\u00f3lar ya que el 90% se exporta en estado terminado o semiterminado y los costos log\u00edsticos tienen relaci\u00f3n directa con los combustibles y tambi\u00e9n est\u00e1n dolarizados\u00bb, explic\u00f3 Aguilar.<\/p>\n<p><a href=\"http:\/\/cueroamerica.info\/wpnews\/wp-content\/uploads\/2018\/07\/F\u00e1brica.jpg\"><img loading=\"lazy\" decoding=\"async\" class=\"alignright wp-image-13620\" src=\"http:\/\/cueroamerica.info\/wpnews\/wp-content\/uploads\/2018\/07\/F\u00e1brica-300x200.jpg\" alt=\"\" width=\"246\" height=\"164\" srcset=\"http:\/\/cueroamerica.info\/wpnews\/wp-content\/uploads\/2018\/07\/F\u00e1brica-300x200.jpg 300w, http:\/\/cueroamerica.info\/wpnews\/wp-content\/uploads\/2018\/07\/F\u00e1brica-768x512.jpg 768w, http:\/\/cueroamerica.info\/wpnews\/wp-content\/uploads\/2018\/07\/F\u00e1brica.jpg 1000w\" sizes=\"auto, (max-width: 246px) 100vw, 246px\" \/><\/a>Durante los \u00faltimos dos a\u00f1os y medio, las pol\u00edticas de suba del m\u00e1s de 1.000% de tarifas de los servicios p\u00fablicos, el combustible y la devaluaci\u00f3n de la moneda produjeron una muy fuerte ca\u00edda del consumo interno. Sumado a eso, el incremento del cr\u00e9dito, la presi\u00f3n impositiva y especialmente la apertura indiscriminada de importaciones, generaron el cierre de m\u00e1s de 7.500 PYMEs y la p\u00e9rdida de m\u00e1s de 70.000 puestos de trabajo en diversos sectores industriales.<\/p>\n<p>Por esto la c\u00e1mara de las manufacturas de cuero denunci\u00f3 que \u00ablos t\u00e9rminos en que se plantea la cuesti\u00f3n de competitividad es falsa, ya que el 80% de los costos de los productos tiene que ver con cuestiones que debe regular el Gobierno, como las tarifas\u00bb.<\/p>\n<p>El empresario advirti\u00f3 las medidas de pol\u00edtica econ\u00f3mica gubernamentales est\u00e1n provocando que \u201csostener una empresa de calzado, textil o cuero, hoy sea inviable en Argentina\u201d. Como ejemplo se\u00f1al\u00f3 que los due\u00f1os de las PyMEs para poder pagar los salarios \u201cest\u00e1n cambiado cheques con una tasa de inter\u00e9s del 43% anual\u201d.<\/p>\n<p>Tambi\u00e9n puntualiz\u00f3 que \u00abdisminuir los derechos que pagan la exportaci\u00f3n de cueros crudos, dejar\u00eda con menos materia prima al mercado interno, en un claro sesgo de primarizaci\u00f3n de nuestra cadena de valor\u00bb.<br \/>\n&#8212;&#8212;&#8212;&#8212;&#8212;&#8212;&#8212;&#8212;&#8212;&#8212;&#8212;&#8212;&#8212;&#8212;&#8212;<br \/>\nAmbito Financiero \/ CueroAm\u00e9rica<\/p>\n<p dir=\"ltr\">\u2014\u2014\u2014\u2014\u2014\u2014\u2014\u2014\u2014\u2014\u2014\u2014\u2014\u2014\u2014\u2014\u2014\u2014\u2014\u2014\u2014\u2014\u2014\u2014\u2014\u2014\u2014\u2014\u2014\u2014\u2014\u2014\u2014\u2014\u2014\u2014\u2014\u2014\u2014\u2014\u2014\u2014\u2014\u2014<\/p>\n<p dir=\"ltr\">Para comunicarse con CueroAm\u00e9rica: <span style=\"color: #3366ff;\"><a style=\"color: #3366ff;\" href=\"mailto:contacto@cueroamerica.com\">contacto@cueroamerica.com<\/a><\/span><\/p>\n<table border=\"0\" width=\"460\">\n<tbody>\n<tr>\n<td width=\"300\"><a href=\"http:\/\/bit.ly\/2q2HjkA\" target=\"_blank\" rel=\"noopener noreferrer\"><img loading=\"lazy\" decoding=\"async\" src=\"\/img\/publicidad\/banner_jn-082016.gif\" width=\"300\" height=\"200\" \/><\/a><\/td>\n<td width=\"171\"><a href=\"http:\/\/bit.ly\/2pK0gG1\" target=\"_blank\" rel=\"noopener noreferrer\"><img loading=\"lazy\" decoding=\"async\" src=\"\/img\/publicidad\/dfs2017.gif\" alt=\"\" width=\"300\" height=\"200\" border=\"0\" \/><\/a><\/td>\n<\/tr>\n<\/tbody>\n<\/table>\n","protected":false},"excerpt":{"rendered":"<p>El presidente de la C\u00e1mara de Manufacturas del Cuero y Afines (CIMA), Ariel Aguilar, denunci\u00f3 que \u00abla ca\u00edda del consumo, el aumento de las importaciones, la suba de tarifas y las tasas de inter\u00e9s, hacen inviable cualquier proyecto productivo, y ya generaron la p\u00e9rdida de m\u00e1s de 3.000 puestos de trabajo y el cierre de [&hellip;]<\/p>\n","protected":false},"author":4,"featured_media":0,"comment_status":"closed","ping_status":"closed","sticky":false,"template":"","format":"standard","meta":{"footnotes":""},"categories":[88,61],"tags":[],"class_list":["post-13628","post","type-post","status-publish","format-standard","hentry","category-argentina","category-noticias-de-america-latina","count-0","even alt","author-","last"],"_links":{"self":[{"href":"http:\/\/cueroamerica.info\/wpnews\/wp-json\/wp\/v2\/posts\/13628","targetHints":{"allow":["GET"]}}],"collection":[{"href":"http:\/\/cueroamerica.info\/wpnews\/wp-json\/wp\/v2\/posts"}],"about":[{"href":"http:\/\/cueroamerica.info\/wpnews\/wp-json\/wp\/v2\/types\/post"}],"author":[{"embeddable":true,"href":"http:\/\/cueroamerica.info\/wpnews\/wp-json\/wp\/v2\/users\/4"}],"replies":[{"embeddable":true,"href":"http:\/\/cueroamerica.info\/wpnews\/wp-json\/wp\/v2\/comments?post=13628"}],"version-history":[{"count":2,"href":"http:\/\/cueroamerica.info\/wpnews\/wp-json\/wp\/v2\/posts\/13628\/revisions"}],"predecessor-version":[{"id":13630,"href":"http:\/\/cueroamerica.info\/wpnews\/wp-json\/wp\/v2\/posts\/13628\/revisions\/13630"}],"wp:attachment":[{"href":"http:\/\/cueroamerica.info\/wpnews\/wp-json\/wp\/v2\/media?parent=13628"}],"wp:term":[{"taxonomy":"category","embeddable":true,"href":"http:\/\/cueroamerica.info\/wpnews\/wp-json\/wp\/v2\/categories?post=13628"},{"taxonomy":"post_tag","embeddable":true,"href":"http:\/\/cueroamerica.info\/wpnews\/wp-json\/wp\/v2\/tags?post=13628"}],"curies":[{"name":"wp","href":"https:\/\/api.w.org\/{rel}","templated":true}]}}