{"id":13639,"date":"2018-07-27T14:00:03","date_gmt":"2018-07-27T14:00:03","guid":{"rendered":"http:\/\/cueroamerica.info\/wpnews\/?p=13639"},"modified":"2018-07-27T14:00:03","modified_gmt":"2018-07-27T14:00:03","slug":"en-alemania-el-consumo-de-calzado-estan-impulsado-por-el-deportivo-y-la-venta-online","status":"publish","type":"post","link":"http:\/\/cueroamerica.info\/wpnews\/2018\/07\/en-alemania-el-consumo-de-calzado-estan-impulsado-por-el-deportivo-y-la-venta-online\/","title":{"rendered":"En Alemania el consumo de calzado est\u00e1n impulsado por el deportivo y la venta online"},"content":{"rendered":"<p>Las zapatillas y las ventas en l\u00ednea impulsan el consumo de calzado en Alemania, donde, en 2017, se consumieron 9.846 millones de euros en calzado (+1,3% en 2016).<\/p>\n<table>\n<tbody>\n<tr>\n<td><a href=\"http:\/\/cueroamerica.info\/wpnews\/wp-content\/uploads\/2018\/07\/Tienda-de-Adidas-en-Alemania.jpg\"><img loading=\"lazy\" decoding=\"async\" class=\"aligncenter size-medium wp-image-13632\" src=\"http:\/\/cueroamerica.info\/wpnews\/wp-content\/uploads\/2018\/07\/Tienda-de-Adidas-en-Alemania-300x142.jpg\" alt=\"\" width=\"300\" height=\"142\" srcset=\"http:\/\/cueroamerica.info\/wpnews\/wp-content\/uploads\/2018\/07\/Tienda-de-Adidas-en-Alemania-300x142.jpg 300w, http:\/\/cueroamerica.info\/wpnews\/wp-content\/uploads\/2018\/07\/Tienda-de-Adidas-en-Alemania-768x364.jpg 768w, http:\/\/cueroamerica.info\/wpnews\/wp-content\/uploads\/2018\/07\/Tienda-de-Adidas-en-Alemania.jpg 900w\" sizes=\"auto, (max-width: 300px) 100vw, 300px\" \/><\/a><\/td>\n<td><a href=\"http:\/\/cueroamerica.info\/wpnews\/wp-content\/uploads\/2018\/07\/Fab.-calzado-.jpg\"><img decoding=\"async\" class=\"aligncenter size-medium wp-image-13633\" src=\"http:\/\/cueroamerica.info\/wpnews\/wp-content\/uploads\/2018\/07\/Fab.-calzado--300x237.jpg\" alt=\"\" width=\"auto\" height=\"142\" srcset=\"http:\/\/cueroamerica.info\/wpnews\/wp-content\/uploads\/2018\/07\/Fab.-calzado--300x237.jpg 300w, http:\/\/cueroamerica.info\/wpnews\/wp-content\/uploads\/2018\/07\/Fab.-calzado-.jpg 450w\" sizes=\"(max-width: 300px) 100vw, 300px\" \/><\/a><\/td>\n<\/tr>\n<\/tbody>\n<\/table>\n<div id=\"attachment_13636\" style=\"width: 174px\" class=\"wp-caption alignright\"><a href=\"http:\/\/cueroamerica.info\/wpnews\/wp-content\/uploads\/2018\/07\/Informe-de-IFH-Cologne-y-BBE-Handelsberatung.jpg\"><img loading=\"lazy\" decoding=\"async\" aria-describedby=\"caption-attachment-13636\" class=\" wp-image-13636\" src=\"http:\/\/cueroamerica.info\/wpnews\/wp-content\/uploads\/2018\/07\/Informe-de-IFH-Cologne-y-BBE-Handelsberatung-212x300.jpg\" alt=\"\" width=\"164\" height=\"232\" srcset=\"http:\/\/cueroamerica.info\/wpnews\/wp-content\/uploads\/2018\/07\/Informe-de-IFH-Cologne-y-BBE-Handelsberatung-212x300.jpg 212w, http:\/\/cueroamerica.info\/wpnews\/wp-content\/uploads\/2018\/07\/Informe-de-IFH-Cologne-y-BBE-Handelsberatung.jpg 424w\" sizes=\"auto, (max-width: 164px) 100vw, 164px\" \/><\/a><p id=\"caption-attachment-13636\" class=\"wp-caption-text\">Informe de IFH Cologne y BBE Handelsberatung<\/p><\/div>\n<div id=\"attachment_13638\" style=\"width: 151px\" class=\"wp-caption alignright\"><a href=\"http:\/\/cueroamerica.info\/wpnews\/wp-content\/uploads\/2018\/07\/Manfred-Junkert-director-general-de-la-Asociaci\u00f3n-Alemana-de-la-Industria-Calzado-y-Art\u00edculos-de-Cuero-HDS-L.jpg\"><img loading=\"lazy\" decoding=\"async\" aria-describedby=\"caption-attachment-13638\" class=\" wp-image-13638\" src=\"http:\/\/cueroamerica.info\/wpnews\/wp-content\/uploads\/2018\/07\/Manfred-Junkert-director-general-de-la-Asociaci\u00f3n-Alemana-de-la-Industria-Calzado-y-Art\u00edculos-de-Cuero-HDS-L-182x300.jpg\" alt=\"\" width=\"141\" height=\"232\" srcset=\"http:\/\/cueroamerica.info\/wpnews\/wp-content\/uploads\/2018\/07\/Manfred-Junkert-director-general-de-la-Asociaci\u00f3n-Alemana-de-la-Industria-Calzado-y-Art\u00edculos-de-Cuero-HDS-L-182x300.jpg 182w, http:\/\/cueroamerica.info\/wpnews\/wp-content\/uploads\/2018\/07\/Manfred-Junkert-director-general-de-la-Asociaci\u00f3n-Alemana-de-la-Industria-Calzado-y-Art\u00edculos-de-Cuero-HDS-L.jpg 295w\" sizes=\"auto, (max-width: 141px) 100vw, 141px\" \/><\/a><p id=\"caption-attachment-13638\" class=\"wp-caption-text\">Manfred Junkert director general de la Asociaci\u00f3n Alemana de la Industria Calzado y Art\u00edculos de Cuero HDS L<\/p><\/div>\n<p>Estos son datos est\u00e1n contenidos en el estudio \u00abBranchenfokus Schuhe\u00bb preparado por las consultoras IFH Cologne y BBE Handelsberatung. Las ventas en l\u00ednea aumentan constantemente y, como resultado, los minoristas han perdido un 7% del mercado entre 2011 y 2017, alcanzando el 63,5%. Seg\u00fan el estudio, este n\u00famero est\u00e1 destinado a disminuir a\u00fan m\u00e1s en los pr\u00f3ximos a\u00f1os.<\/p>\n<p>\u00abEspecialmente a los peque\u00f1os minoristas les resulta dif\u00edcil sobrevivir en el mercado y unirse a plataformas como Zalando, Otto y Amazon para no perder clientes. Adem\u00e1s, los minoristas de ropa est\u00e1n ganando cuota de mercado vendiendo zapatos y convirti\u00e9ndose en competidores\u00bb, se\u00f1ala Hansj\u00fcrgen Heinick de IFH Cologne.<\/p>\n<p>El otro motor de crecimiento para el mercado alem\u00e1n est\u00e1 representado por las zapatillas que llegaron a ser una tercera parte de todo el calzado que se vendi\u00f3 en el 2017.<br \/>\n&#8212;&#8212;&#8212;&#8212;&#8212;&#8212;&#8212;&#8212;&#8212;&#8212;&#8212;&#8212;&#8212;&#8212;&#8212;<br \/>\nFashionNetwork \/ CueroAm\u00e9rica<\/p>\n<p dir=\"ltr\">\u2014\u2014\u2014\u2014\u2014\u2014\u2014\u2014\u2014\u2014\u2014\u2014\u2014\u2014\u2014\u2014\u2014\u2014\u2014\u2014\u2014\u2014\u2014\u2014\u2014\u2014\u2014\u2014\u2014\u2014\u2014\u2014\u2014\u2014\u2014\u2014\u2014\u2014\u2014\u2014\u2014\u2014\u2014\u2014<\/p>\n<p dir=\"ltr\">Para comunicarse con CueroAm\u00e9rica: <span style=\"color: #3366ff;\"><a style=\"color: #3366ff;\" href=\"mailto:contacto@cueroamerica.com\">contacto@cueroamerica.com<\/a><\/span><\/p>\n<table border=\"0\" width=\"460\">\n<tbody>\n<tr>\n<td width=\"300\"><a href=\"http:\/\/bit.ly\/2pJGRot\" target=\"_blank\" rel=\"noopener noreferrer\"><img loading=\"lazy\" decoding=\"async\" src=\"\/img\/publicidad\/300x200_v2-lanxess.gif\" width=\"300\" height=\"200\" \/><\/a><\/td>\n<td width=\"171\"><a href=\"http:\/\/bit.ly\/2qIRyH9\" target=\"_blank\" rel=\"noopener noreferrer\"><img loading=\"lazy\" decoding=\"async\" src=\"\/img\/publicidad\/ACLE18_300x200_en-banner.jpg\" alt=\"\" width=\"300\" height=\"200\" border=\"0\" \/><\/a><\/td>\n<\/tr>\n<\/tbody>\n<\/table>\n","protected":false},"excerpt":{"rendered":"<p>Las zapatillas y las ventas en l\u00ednea impulsan el consumo de calzado en Alemania, donde, en 2017, se consumieron 9.846 millones de euros en calzado (+1,3% en 2016). Estos son datos est\u00e1n contenidos en el estudio \u00abBranchenfokus Schuhe\u00bb preparado por las consultoras IFH Cologne y BBE Handelsberatung. Las ventas en l\u00ednea aumentan constantemente y, como [&hellip;]<\/p>\n","protected":false},"author":4,"featured_media":0,"comment_status":"closed","ping_status":"closed","sticky":false,"template":"","format":"standard","meta":{"footnotes":""},"categories":[9,70],"tags":[],"class_list":["post-13639","post","type-post","status-publish","format-standard","hentry","category-deportivo","category-mercados","count-0","even alt","author-","last"],"_links":{"self":[{"href":"http:\/\/cueroamerica.info\/wpnews\/wp-json\/wp\/v2\/posts\/13639","targetHints":{"allow":["GET"]}}],"collection":[{"href":"http:\/\/cueroamerica.info\/wpnews\/wp-json\/wp\/v2\/posts"}],"about":[{"href":"http:\/\/cueroamerica.info\/wpnews\/wp-json\/wp\/v2\/types\/post"}],"author":[{"embeddable":true,"href":"http:\/\/cueroamerica.info\/wpnews\/wp-json\/wp\/v2\/users\/4"}],"replies":[{"embeddable":true,"href":"http:\/\/cueroamerica.info\/wpnews\/wp-json\/wp\/v2\/comments?post=13639"}],"version-history":[{"count":10,"href":"http:\/\/cueroamerica.info\/wpnews\/wp-json\/wp\/v2\/posts\/13639\/revisions"}],"predecessor-version":[{"id":13649,"href":"http:\/\/cueroamerica.info\/wpnews\/wp-json\/wp\/v2\/posts\/13639\/revisions\/13649"}],"wp:attachment":[{"href":"http:\/\/cueroamerica.info\/wpnews\/wp-json\/wp\/v2\/media?parent=13639"}],"wp:term":[{"taxonomy":"category","embeddable":true,"href":"http:\/\/cueroamerica.info\/wpnews\/wp-json\/wp\/v2\/categories?post=13639"},{"taxonomy":"post_tag","embeddable":true,"href":"http:\/\/cueroamerica.info\/wpnews\/wp-json\/wp\/v2\/tags?post=13639"}],"curies":[{"name":"wp","href":"https:\/\/api.w.org\/{rel}","templated":true}]}}