{"id":13666,"date":"2018-07-27T14:46:49","date_gmt":"2018-07-27T14:46:49","guid":{"rendered":"http:\/\/cueroamerica.info\/wpnews\/?p=13666"},"modified":"2018-07-27T15:49:37","modified_gmt":"2018-07-27T15:49:37","slug":"la-edicion-50o-de-francal-dio-senales-de-recuperacion-a-la-industria-calzadista-de-brasil","status":"publish","type":"post","link":"http:\/\/cueroamerica.info\/wpnews\/2018\/07\/la-edicion-50o-de-francal-dio-senales-de-recuperacion-a-la-industria-calzadista-de-brasil\/","title":{"rendered":"La edici\u00f3n 50\u00ba de Francal dio se\u00f1ales de recuperaci\u00f3n a la industria calzadista de Brasil"},"content":{"rendered":"<p>La 50\u00aa edici\u00f3n de Francal, la feria del calzado realizada del 16 y 19 de julio en San Pablo, Brasil, que reuni\u00f3 a m\u00e1s de 450 expositores para presentar las colecciones de primavera-verano. Seg\u00fan las empresas, las ventas y contactos alientan la posibilidad de recuperaci\u00f3n de las ventas del sector en el pa\u00eds, tras un primer semestre por debajo de las expectativas.<\/p>\n<table>\n<tbody>\n<tr>\n<td><a href=\"http:\/\/cueroamerica.info\/wpnews\/wp-content\/uploads\/2018\/07\/7.-.jpg\"><img loading=\"lazy\" decoding=\"async\" class=\"aligncenter size-medium wp-image-13663\" src=\"http:\/\/cueroamerica.info\/wpnews\/wp-content\/uploads\/2018\/07\/7.--300x168.jpg\" alt=\"\" width=\"300\" height=\"168\" srcset=\"http:\/\/cueroamerica.info\/wpnews\/wp-content\/uploads\/2018\/07\/7.--300x168.jpg 300w, http:\/\/cueroamerica.info\/wpnews\/wp-content\/uploads\/2018\/07\/7.--768x429.jpg 768w, http:\/\/cueroamerica.info\/wpnews\/wp-content\/uploads\/2018\/07\/7.--1024x572.jpg 1024w, http:\/\/cueroamerica.info\/wpnews\/wp-content\/uploads\/2018\/07\/7.-.jpg 1097w\" sizes=\"auto, (max-width: 300px) 100vw, 300px\" \/><\/a><\/td>\n<td><a href=\"http:\/\/cueroamerica.info\/wpnews\/wp-content\/uploads\/2018\/07\/11..jpg\"><img decoding=\"async\" class=\"aligncenter size-medium wp-image-13655\" src=\"http:\/\/cueroamerica.info\/wpnews\/wp-content\/uploads\/2018\/07\/11.-300x194.jpg\" alt=\"\" width=\"auto\" height=\"168\" srcset=\"http:\/\/cueroamerica.info\/wpnews\/wp-content\/uploads\/2018\/07\/11.-300x194.jpg 300w, http:\/\/cueroamerica.info\/wpnews\/wp-content\/uploads\/2018\/07\/11..jpg 610w\" sizes=\"(max-width: 300px) 100vw, 300px\" \/><\/a><\/td>\n<\/tr>\n<\/tbody>\n<\/table>\n<p>Heitor Klein, presidente ejecutivo de la Asociaci\u00f3n Brasile\u00f1a de las Industrias de Calzados (Abical\u00e7ados), explic\u00f3 que no se puede negar que el actual contexto del mercado dom\u00e9stico e internacional es negativo, de demanda reprimida y oscilaciones en las exportaciones, lo que hace que los compradores est\u00e9n asustados para asumir compromisos a medio y largo plazo.<\/p>\n<div id=\"attachment_13658\" style=\"width: 193px\" class=\"wp-caption alignright\"><a href=\"http:\/\/cueroamerica.info\/wpnews\/wp-content\/uploads\/2018\/07\/Heitor-Klein-presidente-ejecutivo-de-Abical\u00e7ados-aport\u00f3-su-visi\u00f3n-sobre-la-situaci\u00f3n-del-sector-calzado.-.jpg\"><img loading=\"lazy\" decoding=\"async\" aria-describedby=\"caption-attachment-13658\" class=\" wp-image-13658\" src=\"http:\/\/cueroamerica.info\/wpnews\/wp-content\/uploads\/2018\/07\/Heitor-Klein-presidente-ejecutivo-de-Abical\u00e7ados-aport\u00f3-su-visi\u00f3n-sobre-la-situaci\u00f3n-del-sector-calzado.--249x300.jpg\" alt=\"\" width=\"183\" height=\"220\" srcset=\"http:\/\/cueroamerica.info\/wpnews\/wp-content\/uploads\/2018\/07\/Heitor-Klein-presidente-ejecutivo-de-Abical\u00e7ados-aport\u00f3-su-visi\u00f3n-sobre-la-situaci\u00f3n-del-sector-calzado.--249x300.jpg 249w, http:\/\/cueroamerica.info\/wpnews\/wp-content\/uploads\/2018\/07\/Heitor-Klein-presidente-ejecutivo-de-Abical\u00e7ados-aport\u00f3-su-visi\u00f3n-sobre-la-situaci\u00f3n-del-sector-calzado.-.jpg 665w\" sizes=\"auto, (max-width: 183px) 100vw, 183px\" \/><\/a><p id=\"caption-attachment-13658\" class=\"wp-caption-text\">Heitor Klein, presidente ejecutivo de Abical\u00e7ados aport\u00f3 su visi\u00f3n sobre la situaci\u00f3n del sector calzado.<\/p><\/div>\n<p>\u00abPor otro lado -asegura-, Francal una vez m\u00e1s cumpli\u00f3 el papel de estimular la actividad para la temporada de ventas m\u00e1s importante para las f\u00e1bricas brasile\u00f1as, la temporada de verano. Esta representa cerca del 70% del volumen negociado por el segmento\u00bb.<\/p>\n<p>El directivo sostuvo que inicialmente la feria super\u00f3 las expectativas, con menor flujo de visitaci\u00f3n pero con mayor efectividad en los negocios. \u00abFue una muestra satisfactoria y un impulso fundamental que puede representar una reanudaci\u00f3n de las ventas a\u00fan en el segundo semestre\u00bb, a\u00f1adi\u00f3 Klein.<\/p>\n<p>Por su parte el presidente de Francal, Abdala Jamil Abdala, destac\u00f3 la importancia de la muestra, con el est\u00edmulo de los negocios incluso en un ambiente complejo, para el sector del calzado. \u00abEstamos con la sensaci\u00f3n de deber cumplido, no s\u00f3lo por esta edici\u00f3n, sino por las cinco d\u00e9cadas que celebramos. Francal creci\u00f3 y vio el mercado crecer juntos.<\/p>\n<div id=\"attachment_13660\" style=\"width: 177px\" class=\"wp-caption alignleft\"><a href=\"http:\/\/cueroamerica.info\/wpnews\/wp-content\/uploads\/2018\/07\/2.-Abdala-Jamil-Abdala-presidente-de-Francal-abri\u00f3-formalmente-la-feria..jpg\"><img loading=\"lazy\" decoding=\"async\" aria-describedby=\"caption-attachment-13660\" class=\"wp-image-13660 \" src=\"http:\/\/cueroamerica.info\/wpnews\/wp-content\/uploads\/2018\/07\/2.-Abdala-Jamil-Abdala-presidente-de-Francal-abri\u00f3-formalmente-la-feria.-210x300.jpg\" alt=\"\" width=\"167\" height=\"239\" srcset=\"http:\/\/cueroamerica.info\/wpnews\/wp-content\/uploads\/2018\/07\/2.-Abdala-Jamil-Abdala-presidente-de-Francal-abri\u00f3-formalmente-la-feria.-210x300.jpg 210w, http:\/\/cueroamerica.info\/wpnews\/wp-content\/uploads\/2018\/07\/2.-Abdala-Jamil-Abdala-presidente-de-Francal-abri\u00f3-formalmente-la-feria..jpg 560w\" sizes=\"auto, (max-width: 167px) 100vw, 167px\" \/><\/a><p id=\"caption-attachment-13660\" class=\"wp-caption-text\">Abdala Jamil Abdala, presidente de Francal abri\u00f3 formalmente la feria.<\/p><\/div>\n<p>Este a\u00f1o, realizamos una feria completamente diferente, no s\u00f3lo en t\u00e9rminos de fomento de los negocios, sino tambi\u00e9n en la oferta de experiencias que van a inspirar a los comerciantes en sus establecimientos y de mucho contenido sobre lo que hay de m\u00e1s moderno en comercio electr\u00f3nico, tecnolog\u00eda y consumo\u00bb, coment\u00f3 sobre la extensa programaci\u00f3n de contenido presentada durante el evento.<\/p>\n<p>Francal 2018 se destac\u00f3 por la performance en el mercado dom\u00e9stico, sorprendiendo a los expositores, que ten\u00edan sus expectativas puestas esencialmente en las exportaciones. De acuerdo a los empresarios, la sorpresa fue la demanda del mercado interno.<\/p>\n<p>En franca expansi\u00f3n, la marca Usaflex sali\u00f3 satisfecha de la muestra paulista, especialmente en funci\u00f3n de los negocios generados en el mercado interno. Eduardo Santos, gerente comercial de la empresa, evalu\u00f3 que a pesar del flujo menor de visitantes, los compradores fueron m\u00e1s efectivos en la concreci\u00f3n de negocios. La empresa registr\u00f3 un incremento en torno al 15% en el volumen negociado para el mercado interno.<\/p>\n<p>\u00abFrancal supo adaptarse al actual momento del mercado, yendo m\u00e1s all\u00e1 de las oportunidades de negocios y atrayendo a compradores calificados\u00bb, destaca Santos, resaltando que para el segundo semestre la expectativa de la empresa es crecer entre el 10% y el 12% en el mercado dom\u00e9stico, despu\u00e9s de una baja del 15% en el primer semestre.<\/p>\n<p><a href=\"http:\/\/cueroamerica.info\/wpnews\/wp-content\/uploads\/2018\/07\/6.-.jpg\"><img loading=\"lazy\" decoding=\"async\" class=\"alignright wp-image-13662\" src=\"http:\/\/cueroamerica.info\/wpnews\/wp-content\/uploads\/2018\/07\/6.--300x200.jpg\" alt=\"\" width=\"246\" height=\"164\" srcset=\"http:\/\/cueroamerica.info\/wpnews\/wp-content\/uploads\/2018\/07\/6.--300x200.jpg 300w, http:\/\/cueroamerica.info\/wpnews\/wp-content\/uploads\/2018\/07\/6.--768x512.jpg 768w, http:\/\/cueroamerica.info\/wpnews\/wp-content\/uploads\/2018\/07\/6.--1024x683.jpg 1024w, http:\/\/cueroamerica.info\/wpnews\/wp-content\/uploads\/2018\/07\/6.-.jpg 1200w\" sizes=\"auto, (max-width: 246px) 100vw, 246px\" \/><\/a>Por su parte Maur\u00edcio Avila, gerente de exportaciones de Radam\u00e9s, destaca que las ventas para el mercado interno fueron un 20% superiores a las registradas en la feria de 2017, superando en mucho las expectativas de la empresa. Seg\u00fan Avila la empresa tambi\u00e9n viene logrando buenos resultados en las exportaciones, con un crecimiento del 20% en la primera parte del a\u00f1o.<\/p>\n<p>Para Maribel Cristiane da Silva, directora comercial y de marketing de Beira Rio -una de los mayores fabricantes de calzados de Brasil-,<br \/>\n\u00abestar presente en ferias del porte de Francal es, por encima de todo, una necesidad de relaci\u00f3n con el mercado y el respeto a nuestro cliente\u201d.<\/p>\n<p><a href=\"http:\/\/cueroamerica.info\/wpnews\/wp-content\/uploads\/2018\/07\/3.-Stand-Dumond.jpg\"><img loading=\"lazy\" decoding=\"async\" class=\"alignleft wp-image-13661\" src=\"http:\/\/cueroamerica.info\/wpnews\/wp-content\/uploads\/2018\/07\/3.-Stand-Dumond-300x177.jpg\" alt=\"\" width=\"242\" height=\"143\" srcset=\"http:\/\/cueroamerica.info\/wpnews\/wp-content\/uploads\/2018\/07\/3.-Stand-Dumond-300x177.jpg 300w, http:\/\/cueroamerica.info\/wpnews\/wp-content\/uploads\/2018\/07\/3.-Stand-Dumond-768x453.jpg 768w, http:\/\/cueroamerica.info\/wpnews\/wp-content\/uploads\/2018\/07\/3.-Stand-Dumond-1024x604.jpg 1024w, http:\/\/cueroamerica.info\/wpnews\/wp-content\/uploads\/2018\/07\/3.-Stand-Dumond.jpg 1143w\" sizes=\"auto, (max-width: 242px) 100vw, 242px\" \/><\/a>Abical\u00e7ados particip\u00f3 de la feria paulista con acciones de promoci\u00f3n comercial y de imagen. Para esta edici\u00f3n, la entidad empresaria invit\u00f3 a compradores de uno de los mayores grupos de calzado y art\u00edculos infantiles de Rusia, el grupo Gulliver.<\/p>\n<p>Tambi\u00e9n fueron invitados a Brasil ocho medios period\u00edsticos, en su mayor\u00eda del sector, de los pa\u00edses que constituyen los principales mercados del calzado brasilero.<\/p>\n<p>Ambos proyectos fueron viabilizados por medio del Brazilian Footwear, programa de apoyo a las exportaciones de calzados que sostiene Abical\u00e7ados en asociaci\u00f3n con Apex-Brasil.<\/p>\n<p>De acuerdo a la demanda de anticipar las ventas de la temporada de verano, la promotora de Francal marc\u00f3 la pr\u00f3xima feria para los d\u00edas 3 al 5 de junio de 2019. La reducci\u00f3n del tiempo evento, de cuatro a tres d\u00edas, coincide tambi\u00e9n con la necesidad de reducci\u00f3n de costos y optimizaci\u00f3n del tiempo tanto para expositores y para los minoristas.<br \/>\n&#8212;&#8212;&#8212;&#8212;&#8212;&#8212;&#8212;&#8212;&#8212;&#8212;&#8212;&#8212;-<br \/>\nAbical\u00e7ados \/ CueroAm\u00e9rica<\/p>\n<p dir=\"ltr\">\u2014\u2014\u2014\u2014\u2014\u2014\u2014\u2014\u2014\u2014\u2014\u2014\u2014\u2014\u2014\u2014\u2014\u2014\u2014\u2014\u2014\u2014\u2014\u2014\u2014\u2014\u2014\u2014\u2014\u2014\u2014\u2014\u2014\u2014\u2014\u2014\u2014\u2014\u2014\u2014\u2014\u2014\u2014\u2014<\/p>\n<p dir=\"ltr\">Para comunicarse con CueroAm\u00e9rica: <span style=\"color: #3366ff;\"><a style=\"color: #3366ff;\" href=\"mailto:contacto@cueroamerica.com\">contacto@cueroamerica.com<\/a><\/span><\/p>\n<table border=\"0\" width=\"460\">\n<tbody>\n<tr>\n<td width=\"300\"><a href=\"http:\/\/bit.ly\/2qIRyH9\" target=\"_blank\" rel=\"noopener noreferrer\"><img loading=\"lazy\" decoding=\"async\" src=\"\/img\/publicidad\/ACLE18_300x200_en-banner.jpg\" alt=\"\" width=\"300\" height=\"200\" border=\"0\" \/><\/a><\/td>\n<td width=\"171\"><a href=\"http:\/\/bit.ly\/2pCZjRd\" target=\"_blank\" rel=\"noopener noreferrer\"><img loading=\"lazy\" decoding=\"async\" src=\"\/img\/publicidad\/fa2019banner300x200.jpg\" width=\"300\" height=\"200\" \/><\/a><\/td>\n<\/tr>\n<\/tbody>\n<\/table>\n","protected":false},"excerpt":{"rendered":"<p>La 50\u00aa edici\u00f3n de Francal, la feria del calzado realizada del 16 y 19 de julio en San Pablo, Brasil, que reuni\u00f3 a m\u00e1s de 450 expositores para presentar las colecciones de primavera-verano. Seg\u00fan las empresas, las ventas y contactos alientan la posibilidad de recuperaci\u00f3n de las ventas del sector en el pa\u00eds, tras un [&hellip;]<\/p>\n","protected":false},"author":4,"featured_media":0,"comment_status":"closed","ping_status":"closed","sticky":false,"template":"","format":"standard","meta":{"footnotes":""},"categories":[66,60],"tags":[],"class_list":["post-13666","post","type-post","status-publish","format-standard","hentry","category-ferias-realizadas","category-ferias","count-0","even alt","author-","last"],"_links":{"self":[{"href":"http:\/\/cueroamerica.info\/wpnews\/wp-json\/wp\/v2\/posts\/13666","targetHints":{"allow":["GET"]}}],"collection":[{"href":"http:\/\/cueroamerica.info\/wpnews\/wp-json\/wp\/v2\/posts"}],"about":[{"href":"http:\/\/cueroamerica.info\/wpnews\/wp-json\/wp\/v2\/types\/post"}],"author":[{"embeddable":true,"href":"http:\/\/cueroamerica.info\/wpnews\/wp-json\/wp\/v2\/users\/4"}],"replies":[{"embeddable":true,"href":"http:\/\/cueroamerica.info\/wpnews\/wp-json\/wp\/v2\/comments?post=13666"}],"version-history":[{"count":6,"href":"http:\/\/cueroamerica.info\/wpnews\/wp-json\/wp\/v2\/posts\/13666\/revisions"}],"predecessor-version":[{"id":13672,"href":"http:\/\/cueroamerica.info\/wpnews\/wp-json\/wp\/v2\/posts\/13666\/revisions\/13672"}],"wp:attachment":[{"href":"http:\/\/cueroamerica.info\/wpnews\/wp-json\/wp\/v2\/media?parent=13666"}],"wp:term":[{"taxonomy":"category","embeddable":true,"href":"http:\/\/cueroamerica.info\/wpnews\/wp-json\/wp\/v2\/categories?post=13666"},{"taxonomy":"post_tag","embeddable":true,"href":"http:\/\/cueroamerica.info\/wpnews\/wp-json\/wp\/v2\/tags?post=13666"}],"curies":[{"name":"wp","href":"https:\/\/api.w.org\/{rel}","templated":true}]}}