{"id":13699,"date":"2018-08-21T13:52:40","date_gmt":"2018-08-21T13:52:40","guid":{"rendered":"http:\/\/cueroamerica.info\/wpnews\/?p=13699"},"modified":"2018-08-21T13:52:40","modified_gmt":"2018-08-21T13:52:40","slug":"las-industrias-del-sector-en-colombia-esperan-un-mejor-resultado-durante-este-ano","status":"publish","type":"post","link":"http:\/\/cueroamerica.info\/wpnews\/2018\/08\/las-industrias-del-sector-en-colombia-esperan-un-mejor-resultado-durante-este-ano\/","title":{"rendered":"Las industrias del sector en Colombia esperan un mejor resultado durante este a\u00f1o"},"content":{"rendered":"<div id=\"attachment_13677\" style=\"width: 254px\" class=\"wp-caption alignright\"><a href=\"http:\/\/cueroamerica.info\/wpnews\/wp-content\/uploads\/2018\/08\/F\u00e1brica-de-calzado-en-Colombia.jpg\"><img loading=\"lazy\" decoding=\"async\" aria-describedby=\"caption-attachment-13677\" class=\" wp-image-13677\" src=\"http:\/\/cueroamerica.info\/wpnews\/wp-content\/uploads\/2018\/08\/F\u00e1brica-de-calzado-en-Colombia-300x155.jpg\" alt=\"\" width=\"244\" height=\"126\" srcset=\"http:\/\/cueroamerica.info\/wpnews\/wp-content\/uploads\/2018\/08\/F\u00e1brica-de-calzado-en-Colombia-300x155.jpg 300w, http:\/\/cueroamerica.info\/wpnews\/wp-content\/uploads\/2018\/08\/F\u00e1brica-de-calzado-en-Colombia.jpg 580w\" sizes=\"auto, (max-width: 244px) 100vw, 244px\" \/><\/a><p id=\"caption-attachment-13677\" class=\"wp-caption-text\">F\u00e1brica de calzado en Colombia.<\/p><\/div>\n<p>La Asociaci\u00f3n Colombiana de los Industriales del Cuero, el Calzado y sus Manufacturas (ACICAM) espera una mejora en la situaci\u00f3n de las industrias del sector. En el primer semestre las exportaciones crecieron un 16,2%. El sector reclama al nuevo gobierno la continuidad del control sobre el contrabando y la subfacturaci\u00f3n en los productos importados.<\/p>\n<p>Gustavo Fl\u00f3rez, presidente de ACICAM, declar\u00f3 que el sector del cuero del pa\u00eds lleg\u00f3 a punto de cambio importante. El directivo enfatiz\u00f3 que el comienzo de 2018 tambi\u00e9n present\u00f3 m\u00faltiples desaf\u00edos pero a comienzos de abril la situaci\u00f3n comenz\u00f3 a cambiar, al punto de que las expectativas para este cambiaron fuertemente.<\/p>\n<p>Fl\u00f3rez detall\u00f3 que en los primeros seis meses de 2018 los ingresos de las industrias del cuero y el calzado subieron 1,1% en comparaci\u00f3n al mismo per\u00edodo de 2017. A su vez, ACICAM inform\u00f3 tambi\u00e9n que las exportaciones crecieron, logrando un aument\u00f3 del 16,2%, al sumar US$ 17,5 millones en la primera mitad de este a\u00f1o.<\/p>\n<p><a href=\"http:\/\/cueroamerica.info\/wpnews\/wp-content\/uploads\/2018\/08\/F\u00e1brica-de-calzado-en-Colombia_7.jpg\"><img loading=\"lazy\" decoding=\"async\" class=\"alignleft wp-image-13680\" src=\"http:\/\/cueroamerica.info\/wpnews\/wp-content\/uploads\/2018\/08\/F\u00e1brica-de-calzado-en-Colombia_7-300x211.jpg\" alt=\"\" width=\"247\" height=\"174\" srcset=\"http:\/\/cueroamerica.info\/wpnews\/wp-content\/uploads\/2018\/08\/F\u00e1brica-de-calzado-en-Colombia_7-300x211.jpg 300w, http:\/\/cueroamerica.info\/wpnews\/wp-content\/uploads\/2018\/08\/F\u00e1brica-de-calzado-en-Colombia_7.jpg 370w\" sizes=\"auto, (max-width: 247px) 100vw, 247px\" \/><\/a>\u201cAqu\u00ed hay un peso espec\u00edfico que corresponde a los juguetes caninos que hacen parte de este subsector, con una participaci\u00f3n del 50%\u201d, expres\u00f3 el dirigente gremial, quien destac\u00f3 los esfuerzos que para aprovechar ese nicho han hecho fabricantes en diversas zonas del pa\u00eds.<\/p>\n<p>El cuero siente el buen momento cuando se ven las cifras sobre las ventas externas. Gracias a un aumento en la demanda de pa\u00edses como Estados Unidos, Guatemala, Panam\u00e1 y Emiratos \u00c1rabes, a abril de este a\u00f1o, la marroquiner\u00eda tuvo un incremento de 15,8 %.<\/p>\n<p>\u201cLo atractivo para estas naciones es que nuestros productores han encontrado un mercado de nicho. Pa\u00edses como Guatemala o Panam\u00e1 podr\u00edan estar consolid\u00e1ndose m\u00e1s, y lo que pase con Emiratos \u00c1rabes habr\u00eda que estudiarlo, pues es un mercado a\u00fan por explorar\u201d, asegur\u00f3 Luis Gustavo Fl\u00f3rez.<\/p>\n<p>Gran parte de ese impulso para productores locales est\u00e1 vinculado con la iniciativa del gobierno anterior que aplic\u00f3 un mayor un control sobre la subfacturaci\u00f3n en productos importados y el contrabando.<\/p>\n<p><a href=\"http:\/\/cueroamerica.info\/wpnews\/wp-content\/uploads\/2018\/08\/F\u00e1brica-de-calzado-en-Colombia_2.jpg\"><img loading=\"lazy\" decoding=\"async\" class=\"alignright wp-image-13679\" src=\"http:\/\/cueroamerica.info\/wpnews\/wp-content\/uploads\/2018\/08\/F\u00e1brica-de-calzado-en-Colombia_2-300x152.jpg\" alt=\"\" width=\"249\" height=\"126\" srcset=\"http:\/\/cueroamerica.info\/wpnews\/wp-content\/uploads\/2018\/08\/F\u00e1brica-de-calzado-en-Colombia_2-300x152.jpg 300w, http:\/\/cueroamerica.info\/wpnews\/wp-content\/uploads\/2018\/08\/F\u00e1brica-de-calzado-en-Colombia_2.jpg 630w\" sizes=\"auto, (max-width: 249px) 100vw, 249px\" \/><\/a>El Ministerio de Comercio, Industria y Turismo, junto a la Direcci\u00f3n de Impuestos y Aduanas Nacionales (Dian) y la Direcci\u00f3n de Gesti\u00f3n de Polic\u00eda Fiscal y Aduanera (Polfa) bajaron en ese per\u00edodo a 20 millones de pares el volumen de calzado importado.<\/p>\n<p>En los \u00faltimos a\u00f1os estos art\u00edculos -seg\u00fan ACICAM-, \u201ceran introducidos a Colombia a precios anormalmente bajos, por la v\u00eda de la subfacturaci\u00f3n y el contrabando. Estas operaciones irregulares deformaron y viciaron el mercado de calzado, ya que constituyen una competencia desleal para la producci\u00f3n nacional\u201d.<\/p>\n<p>Por esto los productores del sector han reclamado al gobierno que asumi\u00f3 recientemente la continuidad de esta pol\u00edtica. Aseguran que contar con un mercado justo y competitivo ser\u00e1 vital, m\u00e1s si se tiene en cuenta que seg\u00fan estimaciones de Acicam, el 92 % de los actores del sector pertenecen a micro, peque\u00f1as y medianas empresas.<br \/>\n&#8212;&#8212;&#8212;&#8212;&#8212;&#8212;&#8212;&#8212;&#8212;&#8212;&#8212;&#8212;&#8212;&#8212;&#8212;&#8212;&#8212;&#8212;<br \/>\nACICAM \/ El Colombiano \/ CueroAm\u00e9rica<\/p>\n<p dir=\"ltr\">\u2014\u2014\u2014\u2014\u2014\u2014\u2014\u2014\u2014\u2014\u2014\u2014\u2014\u2014\u2014\u2014\u2014\u2014\u2014\u2014\u2014\u2014\u2014\u2014\u2014\u2014\u2014\u2014\u2014\u2014\u2014\u2014\u2014\u2014\u2014\u2014\u2014\u2014\u2014\u2014\u2014\u2014\u2014\u2014<\/p>\n<p dir=\"ltr\">Para comunicarse con CueroAm\u00e9rica: <span style=\"color: #3366ff;\"><a style=\"color: #3366ff;\" href=\"mailto:contacto@cueroamerica.com\">contacto@cueroamerica.com<\/a><\/span><\/p>\n<table border=\"0\" width=\"460\">\n<tbody>\n<tr>\n<td width=\"300\"><a href=\"http:\/\/bit.ly\/2q2HjkA\" target=\"_blank\" rel=\"noopener noreferrer\"><img loading=\"lazy\" decoding=\"async\" src=\"\/img\/publicidad\/banner_jn-082016.gif\" width=\"300\" height=\"200\" \/><\/a><\/td>\n<td width=\"171\"><a href=\"https:\/\/www.smitzoon.com\/en\/\" target=\"_blank\" rel=\"noopener noreferrer\"><img decoding=\"async\" src=\"\/img\/publicidad\/sz300x200px-multiframe-01.gif\" alt=\"\" width=\"300\" height=\"auto\" \/><\/a><\/td>\n<\/tr>\n<\/tbody>\n<\/table>\n","protected":false},"excerpt":{"rendered":"<p>La Asociaci\u00f3n Colombiana de los Industriales del Cuero, el Calzado y sus Manufacturas (ACICAM) espera una mejora en la situaci\u00f3n de las industrias del sector. En el primer semestre las exportaciones crecieron un 16,2%. El sector reclama al nuevo gobierno la continuidad del control sobre el contrabando y la subfacturaci\u00f3n en los productos importados. Gustavo [&hellip;]<\/p>\n","protected":false},"author":4,"featured_media":0,"comment_status":"closed","ping_status":"closed","sticky":false,"template":"","format":"standard","meta":{"footnotes":""},"categories":[70,61],"tags":[],"class_list":["post-13699","post","type-post","status-publish","format-standard","hentry","category-mercados","category-noticias-de-america-latina","count-0","even alt","author-","last"],"_links":{"self":[{"href":"http:\/\/cueroamerica.info\/wpnews\/wp-json\/wp\/v2\/posts\/13699","targetHints":{"allow":["GET"]}}],"collection":[{"href":"http:\/\/cueroamerica.info\/wpnews\/wp-json\/wp\/v2\/posts"}],"about":[{"href":"http:\/\/cueroamerica.info\/wpnews\/wp-json\/wp\/v2\/types\/post"}],"author":[{"embeddable":true,"href":"http:\/\/cueroamerica.info\/wpnews\/wp-json\/wp\/v2\/users\/4"}],"replies":[{"embeddable":true,"href":"http:\/\/cueroamerica.info\/wpnews\/wp-json\/wp\/v2\/comments?post=13699"}],"version-history":[{"count":1,"href":"http:\/\/cueroamerica.info\/wpnews\/wp-json\/wp\/v2\/posts\/13699\/revisions"}],"predecessor-version":[{"id":13700,"href":"http:\/\/cueroamerica.info\/wpnews\/wp-json\/wp\/v2\/posts\/13699\/revisions\/13700"}],"wp:attachment":[{"href":"http:\/\/cueroamerica.info\/wpnews\/wp-json\/wp\/v2\/media?parent=13699"}],"wp:term":[{"taxonomy":"category","embeddable":true,"href":"http:\/\/cueroamerica.info\/wpnews\/wp-json\/wp\/v2\/categories?post=13699"},{"taxonomy":"post_tag","embeddable":true,"href":"http:\/\/cueroamerica.info\/wpnews\/wp-json\/wp\/v2\/tags?post=13699"}],"curies":[{"name":"wp","href":"https:\/\/api.w.org\/{rel}","templated":true}]}}