{"id":13710,"date":"2018-08-21T14:02:42","date_gmt":"2018-08-21T14:02:42","guid":{"rendered":"http:\/\/cueroamerica.info\/wpnews\/?p=13710"},"modified":"2018-08-21T16:15:22","modified_gmt":"2018-08-21T16:15:22","slug":"la-industria-de-ecuador-logro-un-nuevo-suceso-con-ficce","status":"publish","type":"post","link":"http:\/\/cueroamerica.info\/wpnews\/2018\/08\/la-industria-de-ecuador-logro-un-nuevo-suceso-con-ficce\/","title":{"rendered":"La industria de Ecuador tuvo un nuevo suceso con FICCE"},"content":{"rendered":"<p>La C\u00e1mara de Calzado de Tungurahua (Caltu) de Ecuador, realiz\u00f3 una nueva edici\u00f3n de FICCE, la feria que en Ambato re\u00fane a la industria del calzado del pa\u00eds, con la presencia de unos 6.000 asistentes.<\/p>\n<table>\n<tbody>\n<tr>\n<td><a href=\"http:\/\/cueroamerica.info\/wpnews\/wp-content\/uploads\/2018\/08\/2.jpg\"><img loading=\"lazy\" decoding=\"async\" class=\"aligncenter size-medium wp-image-13690\" src=\"http:\/\/cueroamerica.info\/wpnews\/wp-content\/uploads\/2018\/08\/2-300x169.jpg\" alt=\"\" width=\"300\" height=\"169\" srcset=\"http:\/\/cueroamerica.info\/wpnews\/wp-content\/uploads\/2018\/08\/2-300x169.jpg 300w, http:\/\/cueroamerica.info\/wpnews\/wp-content\/uploads\/2018\/08\/2-768x432.jpg 768w, http:\/\/cueroamerica.info\/wpnews\/wp-content\/uploads\/2018\/08\/2.jpg 960w\" sizes=\"auto, (max-width: 300px) 100vw, 300px\" \/><\/a><\/td>\n<td><a href=\"http:\/\/cueroamerica.info\/wpnews\/wp-content\/uploads\/2018\/08\/Stand-Eurom\u00e1quinas.jpg\"><img loading=\"lazy\" decoding=\"async\" class=\"aligncenter size-medium wp-image-13693\" src=\"http:\/\/cueroamerica.info\/wpnews\/wp-content\/uploads\/2018\/08\/Stand-Eurom\u00e1quinas-300x169.jpg\" alt=\"\" width=\"300\" height=\"169\" srcset=\"http:\/\/cueroamerica.info\/wpnews\/wp-content\/uploads\/2018\/08\/Stand-Eurom\u00e1quinas-300x169.jpg 300w, http:\/\/cueroamerica.info\/wpnews\/wp-content\/uploads\/2018\/08\/Stand-Eurom\u00e1quinas-768x432.jpg 768w, http:\/\/cueroamerica.info\/wpnews\/wp-content\/uploads\/2018\/08\/Stand-Eurom\u00e1quinas.jpg 960w\" sizes=\"auto, (max-width: 300px) 100vw, 300px\" \/><\/a><\/td>\n<\/tr>\n<\/tbody>\n<\/table>\n<p>Al comentar sobre los resultados de la realizaci\u00f3n del sal\u00f3n del calzado, Lilia Villavicencio -presidenta de Caltu-, se\u00f1al\u00f3 la importancia que esta actividad comercial tiene para la industria y el comercio del sector: \u201cEs un im\u00e1n para hacer negocios a mediano y largo plazo, dinamizando la econom\u00eda local y nacional.<\/p>\n<div id=\"attachment_13691\" style=\"width: 250px\" class=\"wp-caption alignleft\"><a href=\"http:\/\/cueroamerica.info\/wpnews\/wp-content\/uploads\/2018\/08\/Inauguraci\u00f3n-de-la-Feria.jpg\"><img loading=\"lazy\" decoding=\"async\" aria-describedby=\"caption-attachment-13691\" class=\" wp-image-13691\" src=\"http:\/\/cueroamerica.info\/wpnews\/wp-content\/uploads\/2018\/08\/Inauguraci\u00f3n-de-la-Feria-300x200.jpg\" alt=\"\" width=\"240\" height=\"160\" srcset=\"http:\/\/cueroamerica.info\/wpnews\/wp-content\/uploads\/2018\/08\/Inauguraci\u00f3n-de-la-Feria-300x200.jpg 300w, http:\/\/cueroamerica.info\/wpnews\/wp-content\/uploads\/2018\/08\/Inauguraci\u00f3n-de-la-Feria-768x511.jpg 768w, http:\/\/cueroamerica.info\/wpnews\/wp-content\/uploads\/2018\/08\/Inauguraci\u00f3n-de-la-Feria.jpg 960w\" sizes=\"auto, (max-width: 240px) 100vw, 240px\" \/><\/a><p id=\"caption-attachment-13691\" class=\"wp-caption-text\">Inauguraci\u00f3n de la Feria<\/p><\/div>\n<p>Asimismo destac\u00f3 que el compromiso de los empresarios asociados a Caltu es \u201cpermanente ser mejores en lo que fabricamos y comercializamos\u201d. Asimismo mencion\u00f3 que la feria permite ventas por m\u00e1s de US$ 7 millones, \u201cpor eso cada a\u00f1o se consolida con la participaci\u00f3n de los expositores de Colombia, Per\u00fa y Brasil\u201d.<\/p>\n<p>Durante la inauguraci\u00f3n de la FICCE el prefecto de Tungurahua, Fernando Naranjo, ratific\u00f3 la formaci\u00f3n del Centro de Fomento Productivo y Tecnol\u00f3gico del Cuero y Calzado. Este espacio estar\u00e1 equipado con alta tecnolog\u00eda. \u201cEs importante tener el apoyo de la academia para mejorar los productos y ser competitivos. La idea no es solo abastecer el mercado nacional, sino exportarlo con calidad y eficiencia\u201d.<\/p>\n<p>La ministra de Industrias, Eva Garc\u00eda, dijo que Ambato es la tierra del calzado, puesto que 24,8 de los 31 millones de pares se producen en Tungurahua. Esa genera 100.000 puestos de empleo directo e indirecto.<\/p>\n<div id=\"attachment_13692\" style=\"width: 257px\" class=\"wp-caption alignright\"><a href=\"http:\/\/cueroamerica.info\/wpnews\/wp-content\/uploads\/2018\/08\/Lilia-Villavicencio-presidenta-de-CALTU-en-su-stand-de-Calzados-Liwi.jpg\"><img loading=\"lazy\" decoding=\"async\" aria-describedby=\"caption-attachment-13692\" class=\" wp-image-13692\" src=\"http:\/\/cueroamerica.info\/wpnews\/wp-content\/uploads\/2018\/08\/Lilia-Villavicencio-presidenta-de-CALTU-en-su-stand-de-Calzados-Liwi-300x225.jpg\" alt=\"\" width=\"247\" height=\"185\" srcset=\"http:\/\/cueroamerica.info\/wpnews\/wp-content\/uploads\/2018\/08\/Lilia-Villavicencio-presidenta-de-CALTU-en-su-stand-de-Calzados-Liwi-300x225.jpg 300w, http:\/\/cueroamerica.info\/wpnews\/wp-content\/uploads\/2018\/08\/Lilia-Villavicencio-presidenta-de-CALTU-en-su-stand-de-Calzados-Liwi-768x576.jpg 768w, http:\/\/cueroamerica.info\/wpnews\/wp-content\/uploads\/2018\/08\/Lilia-Villavicencio-presidenta-de-CALTU-en-su-stand-de-Calzados-Liwi.jpg 960w\" sizes=\"auto, (max-width: 247px) 100vw, 247px\" \/><\/a><p id=\"caption-attachment-13692\" class=\"wp-caption-text\">Lilia Villavicencio, presidenta de CALTU, en su stand de Calzados Liwi.<\/p><\/div>\n<p>A esto se suma el comercio, la venta de veh\u00edculos, la venta al por mayor de alimentos y bebidas que son sus principales actividades econ\u00f3micas. Asegur\u00f3 que la industria del calzado tiene un alto impacto en la econom\u00eda porque a m\u00e1s de empleo esta genera divisas.<\/p>\n<p>La cadena productiva genera cerca de US$ 600 millones anuales. \u201cPor eso la Feria Internacional del Calzado tiene gran importancia y la estamos apoyando\u201d.<\/p>\n<p>Seg\u00fan Garc\u00eda, en este a\u00f1o, la C\u00e1mara de Calzado se uni\u00f3 al acuerdo por la producci\u00f3n y el empleo, de ese ministerio, que busca robustecer y potenciar la integraci\u00f3n nacional. El prop\u00f3sito es consolidar las pol\u00edticas de desarrollo productivo, fomento de las inversiones y generaci\u00f3n de empleo de calidad.<\/p>\n<p>Durante la feria se realiz\u00f3 una roda de negocios con la participaci\u00f3n de las m\u00e1s importantes cadenas de comercializaci\u00f3n. Tambi\u00e9n tuvo lugar un desfile de modas a cargo de los alumnos y catedr\u00e1ticos de la Facultad de Dise\u00f1o, Artes y Arquitectura de la Universidad T\u00e9cnica de Ambato (UTA).<br \/>\n&#8212;&#8212;&#8212;&#8212;&#8212;&#8212;&#8212;&#8212;&#8212;&#8212;&#8212;&#8212;&#8212;<br \/>\nEl Comercio \/ CueroAm\u00e9rica<\/p>\n<p dir=\"ltr\">\u2014\u2014\u2014\u2014\u2014\u2014\u2014\u2014\u2014\u2014\u2014\u2014\u2014\u2014\u2014\u2014\u2014\u2014\u2014\u2014\u2014\u2014\u2014\u2014\u2014\u2014\u2014\u2014\u2014\u2014\u2014\u2014\u2014\u2014\u2014\u2014\u2014\u2014\u2014\u2014\u2014\u2014\u2014\u2014<\/p>\n<p dir=\"ltr\">Para comunicarse con CueroAm\u00e9rica: <span style=\"color: #3366ff;\"><a style=\"color: #3366ff;\" href=\"mailto:contacto@cueroamerica.com\">contacto@cueroamerica.com<\/a><\/span><\/p>\n<table border=\"0\" width=\"460\">\n<tbody>\n<tr>\n<td width=\"300\"><a href=\"http:\/\/bit.ly\/2q2HjkA\" target=\"_blank\" rel=\"noopener noreferrer\"><img loading=\"lazy\" decoding=\"async\" src=\"\/img\/publicidad\/banner_jn-082016.gif\" width=\"300\" height=\"200\" \/><\/a><\/td>\n<td width=\"171\"><a href=\"http:\/\/bit.ly\/2qIRyH9\" target=\"_blank\" rel=\"noopener noreferrer\"><img loading=\"lazy\" decoding=\"async\" src=\"\/img\/publicidad\/ACLE18_300x200_en-banner.jpg\" alt=\"\" width=\"300\" height=\"200\" border=\"0\" \/><\/a><\/td>\n<\/tr>\n<\/tbody>\n<\/table>\n","protected":false},"excerpt":{"rendered":"<p>La C\u00e1mara de Calzado de Tungurahua (Caltu) de Ecuador, realiz\u00f3 una nueva edici\u00f3n de FICCE, la feria que en Ambato re\u00fane a la industria del calzado del pa\u00eds, con la presencia de unos 6.000 asistentes. Al comentar sobre los resultados de la realizaci\u00f3n del sal\u00f3n del calzado, Lilia Villavicencio -presidenta de Caltu-, se\u00f1al\u00f3 la importancia [&hellip;]<\/p>\n","protected":false},"author":4,"featured_media":0,"comment_status":"closed","ping_status":"closed","sticky":false,"template":"","format":"standard","meta":{"footnotes":""},"categories":[66,60],"tags":[],"class_list":["post-13710","post","type-post","status-publish","format-standard","hentry","category-ferias-realizadas","category-ferias","count-0","even alt","author-","last"],"_links":{"self":[{"href":"http:\/\/cueroamerica.info\/wpnews\/wp-json\/wp\/v2\/posts\/13710","targetHints":{"allow":["GET"]}}],"collection":[{"href":"http:\/\/cueroamerica.info\/wpnews\/wp-json\/wp\/v2\/posts"}],"about":[{"href":"http:\/\/cueroamerica.info\/wpnews\/wp-json\/wp\/v2\/types\/post"}],"author":[{"embeddable":true,"href":"http:\/\/cueroamerica.info\/wpnews\/wp-json\/wp\/v2\/users\/4"}],"replies":[{"embeddable":true,"href":"http:\/\/cueroamerica.info\/wpnews\/wp-json\/wp\/v2\/comments?post=13710"}],"version-history":[{"count":5,"href":"http:\/\/cueroamerica.info\/wpnews\/wp-json\/wp\/v2\/posts\/13710\/revisions"}],"predecessor-version":[{"id":13733,"href":"http:\/\/cueroamerica.info\/wpnews\/wp-json\/wp\/v2\/posts\/13710\/revisions\/13733"}],"wp:attachment":[{"href":"http:\/\/cueroamerica.info\/wpnews\/wp-json\/wp\/v2\/media?parent=13710"}],"wp:term":[{"taxonomy":"category","embeddable":true,"href":"http:\/\/cueroamerica.info\/wpnews\/wp-json\/wp\/v2\/categories?post=13710"},{"taxonomy":"post_tag","embeddable":true,"href":"http:\/\/cueroamerica.info\/wpnews\/wp-json\/wp\/v2\/tags?post=13710"}],"curies":[{"name":"wp","href":"https:\/\/api.w.org\/{rel}","templated":true}]}}