{"id":13790,"date":"2018-09-06T13:28:46","date_gmt":"2018-09-06T13:28:46","guid":{"rendered":"http:\/\/cueroamerica.info\/wpnews\/?p=13790"},"modified":"2018-09-06T13:28:46","modified_gmt":"2018-09-06T13:28:46","slug":"a-la-espera-de-que-el-nuevo-gobierno-otorgue-su-apoyo-al-sector-la-industria-mexicana-mostro-su-vigor-en-sapica","status":"publish","type":"post","link":"http:\/\/cueroamerica.info\/wpnews\/2018\/09\/a-la-espera-de-que-el-nuevo-gobierno-otorgue-su-apoyo-al-sector-la-industria-mexicana-mostro-su-vigor-en-sapica\/","title":{"rendered":"A la espera de que el nuevo gobierno otorgue su apoyo al sector, la industria mexicana mostr\u00f3 su vigor en SAPICA"},"content":{"rendered":"<p>Junto al balance sobre la \u00faltima edici\u00f3n de 79 del Sal\u00f3n de Piel y el Calzado, SAPICA, los directivos de la industria del calzado destacaron que el sector de la industria de la moda en M\u00e9xico conf\u00eda en que nuevo gobierno la considere prioritaria y la apoye con programas y recursos.<\/p>\n<table>\n<tbody>\n<tr>\n<td><a href=\"http:\/\/cueroamerica.info\/wpnews\/wp-content\/uploads\/2018\/09\/Vista-de-una-secci\u00f3n-de-Sapica.jpg\"><img decoding=\"async\" class=\"aligncenter size-medium wp-image-13793\" src=\"http:\/\/cueroamerica.info\/wpnews\/wp-content\/uploads\/2018\/09\/Vista-de-una-secci\u00f3n-de-Sapica-300x225.jpg\" alt=\"\" width=\"auto\" height=\"130\" srcset=\"http:\/\/cueroamerica.info\/wpnews\/wp-content\/uploads\/2018\/09\/Vista-de-una-secci\u00f3n-de-Sapica-300x225.jpg 300w, http:\/\/cueroamerica.info\/wpnews\/wp-content\/uploads\/2018\/09\/Vista-de-una-secci\u00f3n-de-Sapica-768x576.jpg 768w, http:\/\/cueroamerica.info\/wpnews\/wp-content\/uploads\/2018\/09\/Vista-de-una-secci\u00f3n-de-Sapica.jpg 1024w\" sizes=\"(max-width: 300px) 100vw, 300px\" \/><\/a><\/td>\n<td><a href=\"http:\/\/cueroamerica.info\/wpnews\/wp-content\/uploads\/2018\/09\/Stand_1.jpg\"><img decoding=\"async\" class=\"aligncenter size-medium wp-image-13786\" src=\"http:\/\/cueroamerica.info\/wpnews\/wp-content\/uploads\/2018\/09\/Stand_1-300x232.jpg\" alt=\"\" width=\"auto\" height=\"130\" srcset=\"http:\/\/cueroamerica.info\/wpnews\/wp-content\/uploads\/2018\/09\/Stand_1-300x232.jpg 300w, http:\/\/cueroamerica.info\/wpnews\/wp-content\/uploads\/2018\/09\/Stand_1-768x594.jpg 768w, http:\/\/cueroamerica.info\/wpnews\/wp-content\/uploads\/2018\/09\/Stand_1.jpg 1000w\" sizes=\"(max-width: 300px) 100vw, 300px\" \/><\/a><\/td>\n<td><a href=\"http:\/\/cueroamerica.info\/wpnews\/wp-content\/uploads\/2018\/09\/12.jpg\"><img decoding=\"async\" class=\"aligncenter size-medium wp-image-13776\" src=\"http:\/\/cueroamerica.info\/wpnews\/wp-content\/uploads\/2018\/09\/12-300x169.jpg\" alt=\"\" width=\"auto\" height=\"130\" srcset=\"http:\/\/cueroamerica.info\/wpnews\/wp-content\/uploads\/2018\/09\/12-300x169.jpg 300w, http:\/\/cueroamerica.info\/wpnews\/wp-content\/uploads\/2018\/09\/12-768x432.jpg 768w, http:\/\/cueroamerica.info\/wpnews\/wp-content\/uploads\/2018\/09\/12.jpg 960w\" sizes=\"(max-width: 300px) 100vw, 300px\" \/><\/a><\/td>\n<\/tr>\n<\/tbody>\n<\/table>\n<div id=\"attachment_13785\" style=\"width: 178px\" class=\"wp-caption alignright\"><a href=\"http:\/\/cueroamerica.info\/wpnews\/wp-content\/uploads\/2018\/09\/Raul-H\u00f6rner-presidente-de-SAPICA.-.jpg\"><img loading=\"lazy\" decoding=\"async\" aria-describedby=\"caption-attachment-13785\" class=\" wp-image-13785\" src=\"http:\/\/cueroamerica.info\/wpnews\/wp-content\/uploads\/2018\/09\/Raul-H\u00f6rner-presidente-de-SAPICA.--210x300.jpg\" alt=\"\" width=\"168\" height=\"240\" srcset=\"http:\/\/cueroamerica.info\/wpnews\/wp-content\/uploads\/2018\/09\/Raul-H\u00f6rner-presidente-de-SAPICA.--210x300.jpg 210w, http:\/\/cueroamerica.info\/wpnews\/wp-content\/uploads\/2018\/09\/Raul-H\u00f6rner-presidente-de-SAPICA.-.jpg 552w\" sizes=\"auto, (max-width: 168px) 100vw, 168px\" \/><\/a><p id=\"caption-attachment-13785\" class=\"wp-caption-text\">Raul H\u00f6rner, presidente de SAPICA.<\/p><\/div>\n<p>En conferencia de prensa Ra\u00fal H\u00f6rner, presidente de SAPICA, inform\u00f3 que en dos d\u00edas de actividades el Sal\u00f3n de la Piel y el Calzado recibi\u00f3 a un total de 2174 compradores nacionales y 165 del exterior, provenientes de 20 pa\u00edses. En este sentido asegur\u00f3 que se cumplieron satisfactoriamente las expectativas de los organizadores.<\/p>\n<p>Por su parte, Luis Gerardo Gonz\u00e1lez, presidente de la C\u00e1mara de la Industria del Calzado del Estado de Guanajuato, CICEG, asegur\u00f3 que tanto Andr\u00e9s Manuel L\u00f3pez Obrador como el pr\u00f3ximo Jefe de la Oficina de presidencia Alfonso Romo, han manifestado a los presidentes de las c\u00e1maras que, para su gobierno, el sector tendr\u00e1 suma importancia.<\/p>\n<p>Por esto, destac\u00f3, la industria mexicana de la moda, en especial la del calzado conf\u00eda en que el nuevo gobierno de M\u00e9xico concrete su apoyo. Adem\u00e1s, Gonz\u00e1lez reconoci\u00f3 que es el que m\u00e1s propuestas y programas de desarrollo tiene para su futuro.<\/p>\n<div id=\"attachment_13783\" style=\"width: 168px\" class=\"wp-caption alignleft\"><a href=\"http:\/\/cueroamerica.info\/wpnews\/wp-content\/uploads\/2018\/09\/Luis-Gerardo-Gonz\u00e1lez-presidente-de-CICEG.jpg\"><img loading=\"lazy\" decoding=\"async\" aria-describedby=\"caption-attachment-13783\" class=\" wp-image-13783\" src=\"http:\/\/cueroamerica.info\/wpnews\/wp-content\/uploads\/2018\/09\/Luis-Gerardo-Gonz\u00e1lez-presidente-de-CICEG-199x300.jpg\" alt=\"\" width=\"158\" height=\"238\" srcset=\"http:\/\/cueroamerica.info\/wpnews\/wp-content\/uploads\/2018\/09\/Luis-Gerardo-Gonz\u00e1lez-presidente-de-CICEG-199x300.jpg 199w, http:\/\/cueroamerica.info\/wpnews\/wp-content\/uploads\/2018\/09\/Luis-Gerardo-Gonz\u00e1lez-presidente-de-CICEG.jpg 347w\" sizes=\"auto, (max-width: 158px) 100vw, 158px\" \/><\/a><p id=\"caption-attachment-13783\" class=\"wp-caption-text\">Luis Gerardo Gonz\u00e1lez presidente de CICEG.<\/p><\/div>\n<p>\u201cTenemos confianza en que se concreten los programas y de ser posible los recursos por parte del Estado, para poder apoyar a nuestro sector\u201d, dijo el dirigente. \u201cEn este sentido, se ha venido trabajando en dos facetas, el defenderse d\u00e9 pr\u00e1cticas desleales de comercio y al mismo tiempo de hacer todos lo necesario para desarrollarse e integrar valor agregado a su producci\u00f3n\u201d.<\/p>\n<p>Por su parte Daniel Sep\u00falveda, gerente de Comercio Exterior de CICEG, informo que la industria mexicana del calzado ha aumentado el valor de sus exportaciones, ya que tuvo un crecimiento del 16.42% por su valor en d\u00f3lares con respecto al mismo per\u00edodo del a\u00f1o pasado.<\/p>\n<p>El ejecutivo afirm\u00f3 que el precio promedio del par de exportaci\u00f3n en este lapso fue de m\u00e1s de US$ 38, en donde destacan las ventas de calzado de piel. En materia de mercados, Estado Unidos como el principal comprador de los productos mexicanos.<\/p>\n<div id=\"attachment_13781\" style=\"width: 178px\" class=\"wp-caption alignright\"><a href=\"http:\/\/cueroamerica.info\/wpnews\/wp-content\/uploads\/2018\/09\/H\u00e9ctor-Hern\u00e1ndez-de-la-secretaria-de-Econom\u00eda-de-M\u00e9xico..jpg\"><img loading=\"lazy\" decoding=\"async\" aria-describedby=\"caption-attachment-13781\" class=\" wp-image-13781\" src=\"http:\/\/cueroamerica.info\/wpnews\/wp-content\/uploads\/2018\/09\/H\u00e9ctor-Hern\u00e1ndez-de-la-secretaria-de-Econom\u00eda-de-M\u00e9xico.-214x300.jpg\" alt=\"\" width=\"168\" height=\"236\" srcset=\"http:\/\/cueroamerica.info\/wpnews\/wp-content\/uploads\/2018\/09\/H\u00e9ctor-Hern\u00e1ndez-de-la-secretaria-de-Econom\u00eda-de-M\u00e9xico.-214x300.jpg 214w, http:\/\/cueroamerica.info\/wpnews\/wp-content\/uploads\/2018\/09\/H\u00e9ctor-Hern\u00e1ndez-de-la-secretaria-de-Econom\u00eda-de-M\u00e9xico..jpg 399w\" sizes=\"auto, (max-width: 168px) 100vw, 168px\" \/><\/a><p id=\"caption-attachment-13781\" class=\"wp-caption-text\">H\u00e9ctor Hern\u00e1ndez, de la secretaria de Econom\u00eda de M\u00e9xico.<\/p><\/div>\n<p>Dijo que bajo la marca pa\u00eds Shoes from M\u00e9xico y la consigna de que \u201cno hay ning\u00fan tipo de zapato que no se haga en M\u00e9xico\u201d, la estrategia de este organismo privado es realizar una labor integral de desarrollo, relaci\u00f3n y conexi\u00f3n entre compradores y fabricantes mexicanos.<\/p>\n<p>Explic\u00f3 que la promoci\u00f3n de la industria en el exterior tiene cinco ejes rectores que invitan a considerar a M\u00e9xico como un mercado proveedor de calzado: Capacidad y flexibilidad de manufactura, Cadena de valor, Acceso a mercados, Velocidad de respuesta e Identidad creativa.<\/p>\n<p>Por su parte Jacob Torres Espino, coordinador del sector cuero de la Coordinador de Comercio Exterior del Estado de Guanajuato, enumer\u00f3 el trabajo que ha llevado a cabo para fomentar la presencia de empresas compradoras en SAPICA y el potencial de compra que ten\u00edan \u00e9stas.<br \/>\n&#8212;&#8212;&#8212;&#8212;&#8212;&#8212;&#8212;&#8212;&#8212;&#8212;&#8212;-<br \/>\nSAPICA \/ CueroAm\u00e9rica<\/p>\n<p dir=\"ltr\">\u2014\u2014\u2014\u2014\u2014\u2014\u2014\u2014\u2014\u2014\u2014\u2014\u2014\u2014\u2014\u2014\u2014\u2014\u2014\u2014\u2014\u2014\u2014\u2014\u2014\u2014\u2014\u2014\u2014\u2014\u2014\u2014\u2014\u2014\u2014\u2014\u2014\u2014\u2014\u2014\u2014\u2014\u2014\u2014<\/p>\n<p dir=\"ltr\">Para comunicarse con CueroAm\u00e9rica: <span style=\"color: #3366ff;\"><a style=\"color: #3366ff;\" href=\"mailto:contacto@cueroamerica.com\">contacto@cueroamerica.com<\/a><\/span><\/p>\n<table border=\"0\" width=\"460\">\n<tbody>\n<tr>\n<td width=\"300\"><a href=\"https:\/\/www.smitzoon.com\/en\/\" target=\"_blank\" rel=\"noopener noreferrer\"><img loading=\"lazy\" decoding=\"async\" src=\"\/img\/publicidad\/sz300x200px-multiframe-01.gif\" alt=\"\" width=\"300\" height=\"200\" border=\"0\" \/><\/a><\/td>\n<td width=\"171\"><a href=\"http:\/\/bit.ly\/2pK7Osm\" target=\"_blank\" rel=\"noopener noreferrer\"><img loading=\"lazy\" decoding=\"async\" src=\"\/sponsors\/units_300x200.gif\" alt=\"\" width=\"300\" height=\"200\" border=\"0\" \/><\/a><\/td>\n<\/tr>\n<\/tbody>\n<\/table>\n","protected":false},"excerpt":{"rendered":"<p>Junto al balance sobre la \u00faltima edici\u00f3n de 79 del Sal\u00f3n de Piel y el Calzado, SAPICA, los directivos de la industria del calzado destacaron que el sector de la industria de la moda en M\u00e9xico conf\u00eda en que nuevo gobierno la considere prioritaria y la apoye con programas y recursos. En conferencia de prensa [&hellip;]<\/p>\n","protected":false},"author":4,"featured_media":0,"comment_status":"closed","ping_status":"closed","sticky":false,"template":"","format":"standard","meta":{"footnotes":""},"categories":[66,60],"tags":[],"class_list":["post-13790","post","type-post","status-publish","format-standard","hentry","category-ferias-realizadas","category-ferias","count-0","even alt","author-","last"],"_links":{"self":[{"href":"http:\/\/cueroamerica.info\/wpnews\/wp-json\/wp\/v2\/posts\/13790","targetHints":{"allow":["GET"]}}],"collection":[{"href":"http:\/\/cueroamerica.info\/wpnews\/wp-json\/wp\/v2\/posts"}],"about":[{"href":"http:\/\/cueroamerica.info\/wpnews\/wp-json\/wp\/v2\/types\/post"}],"author":[{"embeddable":true,"href":"http:\/\/cueroamerica.info\/wpnews\/wp-json\/wp\/v2\/users\/4"}],"replies":[{"embeddable":true,"href":"http:\/\/cueroamerica.info\/wpnews\/wp-json\/wp\/v2\/comments?post=13790"}],"version-history":[{"count":7,"href":"http:\/\/cueroamerica.info\/wpnews\/wp-json\/wp\/v2\/posts\/13790\/revisions"}],"predecessor-version":[{"id":13798,"href":"http:\/\/cueroamerica.info\/wpnews\/wp-json\/wp\/v2\/posts\/13790\/revisions\/13798"}],"wp:attachment":[{"href":"http:\/\/cueroamerica.info\/wpnews\/wp-json\/wp\/v2\/media?parent=13790"}],"wp:term":[{"taxonomy":"category","embeddable":true,"href":"http:\/\/cueroamerica.info\/wpnews\/wp-json\/wp\/v2\/categories?post=13790"},{"taxonomy":"post_tag","embeddable":true,"href":"http:\/\/cueroamerica.info\/wpnews\/wp-json\/wp\/v2\/tags?post=13790"}],"curies":[{"name":"wp","href":"https:\/\/api.w.org\/{rel}","templated":true}]}}