{"id":14068,"date":"2018-10-25T12:32:19","date_gmt":"2018-10-25T12:32:19","guid":{"rendered":"http:\/\/cueroamerica.info\/wpnews\/?p=14068"},"modified":"2018-10-25T12:32:19","modified_gmt":"2018-10-25T12:32:19","slug":"europa-crea-la-calificacion-de-experto-en-la-produccion-de-calzado-confort-y-saludable","status":"publish","type":"post","link":"http:\/\/cueroamerica.info\/wpnews\/2018\/10\/europa-crea-la-calificacion-de-experto-en-la-produccion-de-calzado-confort-y-saludable\/","title":{"rendered":"Europa crea la calificaci\u00f3n de Experto en la producci\u00f3n de calzado confort y saludable"},"content":{"rendered":"<p><a href=\"http:\/\/cueroamerica.info\/wpnews\/wp-content\/uploads\/2018\/10\/descarga.jpg\"><img loading=\"lazy\" decoding=\"async\" class=\"wp-image-14048 alignright\" src=\"http:\/\/cueroamerica.info\/wpnews\/wp-content\/uploads\/2018\/10\/descarga.jpg\" alt=\"\" width=\"245\" height=\"163\" \/><\/a>Los resultados del proyecto \u2018Erasmus+Fit2Com Skills Alliance para un calzado c\u00f3modo y saludable\u2019, se presentaron en un taller sobre \u00abHabilidades y competencias del futuro\u00bb el pasado 27 de septiembre en la Plaza de Innovaci\u00f3n en la feria Lineapelle de Mil\u00e1n.<\/p>\n<p>El principal resultado del proyecto ha sido el desarrollo de un nuevo perfil, el \u00abExperto en la fabricaci\u00f3n de calzado c\u00f3modo y saludable\u00bb, y el correspondiente programa de capacitaci\u00f3n para responder a la demanda de los consumidores de zapatos de moda m\u00e1s c\u00f3modos.<\/p>\n<p>El proyecto de tres a\u00f1os Fit to Comfort, financiado por el programa Erasmus+ de la Comisi\u00f3n Europea, se complet\u00f3 con \u00e9xito y sus resultados se presentaron en la Plaza de Innovaci\u00f3n de Lineapelle, por Carmen Arias, Secretaria General de la CEC y Rita Souto, Directora de Capacitaci\u00f3n de la CTCP.<\/p>\n<div id=\"attachment_14045\" style=\"width: 260px\" class=\"wp-caption alignleft\"><a href=\"http:\/\/cueroamerica.info\/wpnews\/wp-content\/uploads\/2018\/10\/Carmen-Arias-Secretaria-General-de-la-CEC-present\u00f3-el-proyecto-en-Lineapelle-2.jpg\"><img loading=\"lazy\" decoding=\"async\" aria-describedby=\"caption-attachment-14045\" class=\" wp-image-14045\" src=\"http:\/\/cueroamerica.info\/wpnews\/wp-content\/uploads\/2018\/10\/Carmen-Arias-Secretaria-General-de-la-CEC-present\u00f3-el-proyecto-en-Lineapelle-2-300x169.jpg\" alt=\"\" width=\"250\" height=\"141\" srcset=\"http:\/\/cueroamerica.info\/wpnews\/wp-content\/uploads\/2018\/10\/Carmen-Arias-Secretaria-General-de-la-CEC-present\u00f3-el-proyecto-en-Lineapelle-2-300x169.jpg 300w, http:\/\/cueroamerica.info\/wpnews\/wp-content\/uploads\/2018\/10\/Carmen-Arias-Secretaria-General-de-la-CEC-present\u00f3-el-proyecto-en-Lineapelle-2-768x433.jpg 768w, http:\/\/cueroamerica.info\/wpnews\/wp-content\/uploads\/2018\/10\/Carmen-Arias-Secretaria-General-de-la-CEC-present\u00f3-el-proyecto-en-Lineapelle-2-1024x577.jpg 1024w, http:\/\/cueroamerica.info\/wpnews\/wp-content\/uploads\/2018\/10\/Carmen-Arias-Secretaria-General-de-la-CEC-present\u00f3-el-proyecto-en-Lineapelle-2.jpg 1200w\" sizes=\"auto, (max-width: 250px) 100vw, 250px\" \/><\/a><p id=\"caption-attachment-14045\" class=\"wp-caption-text\">Carmen Arias, Secretaria General de la CEC, present\u00f3 el proyecto en Lineapelle.<\/p><\/div>\n<p>El objetivo del proyecto era apoyar a las PYMEs europeas para que introdujeran m\u00e1s comodidad y caracter\u00edsticas saludables en sus productos de moda con el fin de mejorar su competitividad y valor agregado.<\/p>\n<p>El proyecto asegura que en Europa la econom\u00eda y sociedad est\u00e1n cambiando r\u00e1pidamente debido principalmente a las nuevas tecnolog\u00edas, como la digitalizaci\u00f3n. \u201cLos consumidores se han vuelto m\u00e1s exigentes y tienen una esperanza de vida m\u00e1s larga: en general, tienen m\u00e1s conocimiento y son m\u00e1s conscientes del planeta, tambi\u00e9n son m\u00e1s selectivos, desean bienes y servicios personalizados y ponen gran \u00e9nfasis en llevar una vida saludable. Por lo tanto, buscan cada vez m\u00e1s caracter\u00edsticas sostenibles y saludables en los productos para lograr una vida m\u00e1s larga y saludable\u201d, explica.<\/p>\n<p>La importancia de las caracter\u00edsticas saludables y de comodidad en los zapatos tambi\u00e9n se destac\u00f3 en una encuesta lanzada en las primeras etapas del proyecto Fit2Com, para evaluar las necesidades de los consumidores.<\/p>\n<p><a href=\"http:\/\/cueroamerica.info\/wpnews\/wp-content\/uploads\/2018\/10\/project_item4.jpg\"><img loading=\"lazy\" decoding=\"async\" class=\"alignright wp-image-14060\" src=\"http:\/\/cueroamerica.info\/wpnews\/wp-content\/uploads\/2018\/10\/project_item4-300x200.jpg\" alt=\"\" width=\"245\" height=\"163\" srcset=\"http:\/\/cueroamerica.info\/wpnews\/wp-content\/uploads\/2018\/10\/project_item4-300x200.jpg 300w, http:\/\/cueroamerica.info\/wpnews\/wp-content\/uploads\/2018\/10\/project_item4.jpg 500w\" sizes=\"auto, (max-width: 245px) 100vw, 245px\" \/><\/a>Los resultados mostraron que los consumidores en Europa buscaron predominantemente la comodidad en los zapatos: el 96% de 681 encuestados seleccion\u00f3 la comodidad como uno de los cuatro aspectos que m\u00e1s valoran en los zapatos, por delante de la calidad (81%), el precio (69%) y el dise\u00f1o (68%).<\/p>\n<p>\u201cAdem\u00e1s -dice-, el hecho de que el 48% de los participantes en la encuesta afirmara que la principal raz\u00f3n por la que no encuentran zapatos es la falta de comodidad, muestra claramente la necesidad de una mayor incorporaci\u00f3n de caracter\u00edsticas de confort en la producci\u00f3n de calzado\u201d.<\/p>\n<p>Los socios del proyecto lanzaron tambi\u00e9n una segunda encuesta. El objetivo fue evaluar el enfoque de las empresas en cuanto a las caracter\u00edsticas de confort en su estrategia de negocios, y su disposici\u00f3n a incorporar caracter\u00edsticas de salud y comodidad en sus productos.<\/p>\n<p>\u00c9ste estudio confirm\u00f3 a\u00fan m\u00e1s la importancia de la comodidad en los zapatos. Estuvieron de acuerdo en que la comodidad era la caracter\u00edstica m\u00e1s valorada por los clientes, y que la caracter\u00edstica que m\u00e1s pod\u00eda beneficiar a sus productos era la adaptaci\u00f3n.<\/p>\n<p>La encuesta tambi\u00e9n revel\u00f3 que el 70% de las empresas consideraba que la escasez de trabajadores con experiencia en calzado de confort era el mayor desaf\u00edo que enfrentar\u00e1n para 2020.<\/p>\n<p>Sobre la base del resultado de las encuestas, los socios del proyecto han desarrollado un nuevo perfil, \u00abExperto en la fabricaci\u00f3n de calzado de confort y saludable\u00bb, y el programa de capacitaci\u00f3n correspondiente. Los contenidos, disponibles en l\u00ednea en ingl\u00e9s, alem\u00e1n, espa\u00f1ol, portugu\u00e9s y rumano, comprenden 600 horas de capacitaci\u00f3n en 10 unidades. Despu\u00e9s de completar el curso, se logra el t\u00edtulo de Experto en Confort y Salud.<\/p>\n<p>La fabricaci\u00f3n de calzado habr\u00e1 desarrollado las habilidades y competencias necesarias para introducir las caracter\u00edsticas Confort y Saludable en el calzado de moda y podr\u00e1 mejorar la diferenciaci\u00f3n de los productos y la competitividad de las empresas europeas de calzado. El curso tambi\u00e9n es de gran valor para los empleados de las empresas, que pueden seguir el programa o partes del mismo y, por lo tanto, mejorar sus habilidades de confort y fabricaci\u00f3n saludable.<\/p>\n<p>Ahora que el curso de capacitaci\u00f3n se ha desarrollado con \u00e9xito, el siguiente y \u00faltimo paso ser\u00eda tener la nueva calificaci\u00f3n reconocida por cada una de las autoridades nacionales competentes de Alemania, Portugal, Rumania y Espa\u00f1a, e integrarla en los sistemas VET correspondientes, contribuyendo en De esta forma se potenciar\u00e1 el marco de cualificaciones del sector del calzado.<\/p>\n<p>Se puede consultar m\u00e1s informaci\u00f3n sobre este tema en www.fit2comfort.eu.<br \/>\n&#8212;&#8212;&#8212;&#8212;&#8212;&#8212;&#8212;&#8212;&#8212;&#8212;<br \/>\nCEC \/ CueroAm\u00e9rica<\/p>\n<p dir=\"ltr\">\u2014\u2014\u2014\u2014\u2014\u2014\u2014\u2014\u2014\u2014\u2014\u2014\u2014\u2014\u2014\u2014\u2014\u2014\u2014\u2014\u2014\u2014\u2014\u2014\u2014\u2014\u2014\u2014\u2014\u2014\u2014\u2014\u2014\u2014\u2014\u2014\u2014\u2014\u2014\u2014\u2014\u2014\u2014\u2014<\/p>\n<p dir=\"ltr\">Para comunicarse con CueroAm\u00e9rica: <span style=\"color: #3366ff;\"><a style=\"color: #3366ff;\" href=\"mailto:contacto@cueroamerica.com\">contacto@cueroamerica.com<\/a><\/span><\/p>\n<table border=\"0\" width=\"460\">\n<tbody>\n<tr>\n<td width=\"300\"><a href=\"http:\/\/bit.ly\/2pK0gG1\" target=\"_blank\" rel=\"noopener noreferrer\"><img loading=\"lazy\" decoding=\"async\" src=\"\/img\/publicidad\/dfs2017.gif\" alt=\"\" width=\"300\" height=\"200\" border=\"0\" \/><\/a><\/td>\n<td width=\"171\"><a href=\"https:\/\/www.smitzoon.com\/en\/\" target=\"_blank\" rel=\"noopener noreferrer\"><img decoding=\"async\" src=\"\/img\/publicidad\/sz300x200px-multiframe-01.gif\" alt=\"\" width=\"300\" height=\"auto\" \/><\/a><\/td>\n<\/tr>\n<\/tbody>\n<\/table>\n","protected":false},"excerpt":{"rendered":"<p>Los resultados del proyecto \u2018Erasmus+Fit2Com Skills Alliance para un calzado c\u00f3modo y saludable\u2019, se presentaron en un taller sobre \u00abHabilidades y competencias del futuro\u00bb el pasado 27 de septiembre en la Plaza de Innovaci\u00f3n en la feria Lineapelle de Mil\u00e1n. El principal resultado del proyecto ha sido el desarrollo de un nuevo perfil, el \u00abExperto [&hellip;]<\/p>\n","protected":false},"author":4,"featured_media":0,"comment_status":"closed","ping_status":"closed","sticky":false,"template":"","format":"standard","meta":{"footnotes":""},"categories":[63,75],"tags":[],"class_list":["post-14068","post","type-post","status-publish","format-standard","hentry","category-noticias-de-europa","category-recursos-humanos","count-0","even alt","author-","last"],"_links":{"self":[{"href":"http:\/\/cueroamerica.info\/wpnews\/wp-json\/wp\/v2\/posts\/14068","targetHints":{"allow":["GET"]}}],"collection":[{"href":"http:\/\/cueroamerica.info\/wpnews\/wp-json\/wp\/v2\/posts"}],"about":[{"href":"http:\/\/cueroamerica.info\/wpnews\/wp-json\/wp\/v2\/types\/post"}],"author":[{"embeddable":true,"href":"http:\/\/cueroamerica.info\/wpnews\/wp-json\/wp\/v2\/users\/4"}],"replies":[{"embeddable":true,"href":"http:\/\/cueroamerica.info\/wpnews\/wp-json\/wp\/v2\/comments?post=14068"}],"version-history":[{"count":2,"href":"http:\/\/cueroamerica.info\/wpnews\/wp-json\/wp\/v2\/posts\/14068\/revisions"}],"predecessor-version":[{"id":14070,"href":"http:\/\/cueroamerica.info\/wpnews\/wp-json\/wp\/v2\/posts\/14068\/revisions\/14070"}],"wp:attachment":[{"href":"http:\/\/cueroamerica.info\/wpnews\/wp-json\/wp\/v2\/media?parent=14068"}],"wp:term":[{"taxonomy":"category","embeddable":true,"href":"http:\/\/cueroamerica.info\/wpnews\/wp-json\/wp\/v2\/categories?post=14068"},{"taxonomy":"post_tag","embeddable":true,"href":"http:\/\/cueroamerica.info\/wpnews\/wp-json\/wp\/v2\/tags?post=14068"}],"curies":[{"name":"wp","href":"https:\/\/api.w.org\/{rel}","templated":true}]}}