{"id":14276,"date":"2018-11-27T14:01:53","date_gmt":"2018-11-27T14:01:53","guid":{"rendered":"http:\/\/cueroamerica.info\/wpnews\/?p=14276"},"modified":"2018-11-27T14:01:53","modified_gmt":"2018-11-27T14:01:53","slug":"anpic-refuerza-su-vigencia-como-centro-de-negocios-del-sector-proveduria-de-mexico","status":"publish","type":"post","link":"http:\/\/cueroamerica.info\/wpnews\/2018\/11\/anpic-refuerza-su-vigencia-como-centro-de-negocios-del-sector-proveduria-de-mexico\/","title":{"rendered":"ANPIC refuerza su vigencia como centro de negocios del sector provedur\u00eda de M\u00e9xico"},"content":{"rendered":"<p><a href=\"http:\/\/cueroamerica.info\/wpnews\/wp-content\/uploads\/2018\/11\/anpic-4.jpg\"><img loading=\"lazy\" decoding=\"async\" class=\"alignright wp-image-14263\" src=\"http:\/\/cueroamerica.info\/wpnews\/wp-content\/uploads\/2018\/11\/anpic-4-300x187.jpg\" alt=\"\" width=\"247\" height=\"154\" srcset=\"http:\/\/cueroamerica.info\/wpnews\/wp-content\/uploads\/2018\/11\/anpic-4-300x187.jpg 300w, http:\/\/cueroamerica.info\/wpnews\/wp-content\/uploads\/2018\/11\/anpic-4-768x480.jpg 768w, http:\/\/cueroamerica.info\/wpnews\/wp-content\/uploads\/2018\/11\/anpic-4-1024x640.jpg 1024w, http:\/\/cueroamerica.info\/wpnews\/wp-content\/uploads\/2018\/11\/anpic-4.jpg 1140w\" sizes=\"auto, (max-width: 247px) 100vw, 247px\" \/><\/a>Con m\u00e1s de 11.000 visitantes mexicanos y extranjeros, ANPIC cerr\u00f3 su reciente edici\u00f3n celebrando la fortaleza de su tradicional feria de proveedur\u00eda para los sectores del cuero, calzado, marroquiner\u00eda, textil, muebles y aeroespacial. El sal\u00f3n organizado por APIMEX gener\u00f3 importantes ventas directas y la habitual secuela de negocios y contactos.<\/p>\n<p>Durante los tres d\u00edas de actividades de AMPIC, la exposici\u00f3n de proveedur\u00eda realizada en Le\u00f3n (Guanajuato), M\u00e9xico, recibi\u00f3 a m\u00e1s de 11.000 compradores y visitantes. Proven\u00edan de todo M\u00e9xico y de otros 28 pa\u00edses. Esta edici\u00f3n marc\u00f3 un incremento en cuanto a visitas de profesionales del exterior.<\/p>\n<div id=\"attachment_14259\" style=\"width: 152px\" class=\"wp-caption alignleft\"><a href=\"http:\/\/cueroamerica.info\/wpnews\/wp-content\/uploads\/2018\/11\/Daniel-Tavarez-Romero-presidente-de-la-Asociaci\u00f3n-de-Empresas-Proveedoras-Industriales-de-M\u00e9xico-APIMEX.jpeg\"><img loading=\"lazy\" decoding=\"async\" aria-describedby=\"caption-attachment-14259\" class=\" wp-image-14259\" src=\"http:\/\/cueroamerica.info\/wpnews\/wp-content\/uploads\/2018\/11\/Daniel-Tavarez-Romero-presidente-de-la-Asociaci\u00f3n-de-Empresas-Proveedoras-Industriales-de-M\u00e9xico-APIMEX-178x300.jpeg\" alt=\"\" width=\"142\" height=\"239\" srcset=\"http:\/\/cueroamerica.info\/wpnews\/wp-content\/uploads\/2018\/11\/Daniel-Tavarez-Romero-presidente-de-la-Asociaci\u00f3n-de-Empresas-Proveedoras-Industriales-de-M\u00e9xico-APIMEX-178x300.jpeg 178w, http:\/\/cueroamerica.info\/wpnews\/wp-content\/uploads\/2018\/11\/Daniel-Tavarez-Romero-presidente-de-la-Asociaci\u00f3n-de-Empresas-Proveedoras-Industriales-de-M\u00e9xico-APIMEX.jpeg 522w\" sizes=\"auto, (max-width: 142px) 100vw, 142px\" \/><\/a><p id=\"caption-attachment-14259\" class=\"wp-caption-text\">Daniel Tavarez Romero, presidente de la Asociaci\u00f3n de Empresas Proveedoras Industriales de M\u00e9xico (APIMEX).<\/p><\/div>\n<p>Del total de personas que llegaron a la feria el 23% provino del extranjero. Los pa\u00edses m\u00e1s representados fueron Estados Unidos, Canad\u00e1, Alemania, Guatemala, El Salvador, Colombia, Italia, entre otros. Y este a\u00f1o se sumaron a la lista Tailandia, Hong Kong, Bahamas, Australia, Taiw\u00e1n, Cuba y Venezuela. En cuanto a los compradores nacionales, \u00e9stos acudieron provenientes de 31 estados de la rep\u00fablica mexicana<\/p>\n<p>A unos d\u00edas de finalizada esta edici\u00f3n Oto\u00f1o-Invierno de ANPIC 2018, se reportaron m\u00e1s de US$ 16 millones en operaciones, de acuerdo con las encuestas realizadas a compradores que visitaron la feria los d\u00edas 24, 25 y 26 de octubre.<\/p>\n<p>El 46% de los compradores en ANPIC manifestaron haber realizado compras, adem\u00e1s de manifestar la intenci\u00f3n de realizar operaciones a partir de los visto y los contactos realizados durante la feria.<\/p>\n<p>Del total de visitantes, el 25% inform\u00f3 que asisti\u00f3 a ANPIC por primera vez, mientras que m\u00e1s del 60% dijo que acude a la feria de forma habitual, en sus ediciones Primavera-Verano y Oto\u00f1o-Invierno.<\/p>\n<p><a href=\"http:\/\/cueroamerica.info\/wpnews\/wp-content\/uploads\/2018\/11\/A9.jpg\"><img loading=\"lazy\" decoding=\"async\" class=\"alignright wp-image-14261\" src=\"http:\/\/cueroamerica.info\/wpnews\/wp-content\/uploads\/2018\/11\/A9-300x188.jpg\" alt=\"\" width=\"244\" height=\"153\" srcset=\"http:\/\/cueroamerica.info\/wpnews\/wp-content\/uploads\/2018\/11\/A9-300x188.jpg 300w, http:\/\/cueroamerica.info\/wpnews\/wp-content\/uploads\/2018\/11\/A9-768x480.jpg 768w, http:\/\/cueroamerica.info\/wpnews\/wp-content\/uploads\/2018\/11\/A9.jpg 1000w\" sizes=\"auto, (max-width: 244px) 100vw, 244px\" \/><\/a>Los productos m\u00e1s buscados en ANPIC fueron maquinaria y equipos para calzado, materiales sint\u00e9ticos y textiles, cueros y pieles, hormas, tacones, suelas, componentes, accesorios y herrajes.<\/p>\n<p>En 2018 el sal\u00f3n cont\u00f3 con la participaci\u00f3n de 34 nuevas empresas expositoras, para lo cual, se ampli\u00f3 el \u00e1rea de exhibici\u00f3n hasta la sala B1 de Poliforum Le\u00f3n, albergando a un total a 350 expositores.<\/p>\n<p><a href=\"http:\/\/cueroamerica.info\/wpnews\/wp-content\/uploads\/2018\/11\/A1.jpg\"><img loading=\"lazy\" decoding=\"async\" class=\"alignleft wp-image-14260\" src=\"http:\/\/cueroamerica.info\/wpnews\/wp-content\/uploads\/2018\/11\/A1-300x188.jpg\" alt=\"\" width=\"246\" height=\"154\" srcset=\"http:\/\/cueroamerica.info\/wpnews\/wp-content\/uploads\/2018\/11\/A1-300x188.jpg 300w, http:\/\/cueroamerica.info\/wpnews\/wp-content\/uploads\/2018\/11\/A1-768x480.jpg 768w, http:\/\/cueroamerica.info\/wpnews\/wp-content\/uploads\/2018\/11\/A1.jpg 1000w\" sizes=\"auto, (max-width: 246px) 100vw, 246px\" \/><\/a>En esta edici\u00f3n la Zona Moda se coloc\u00f3 al centro de la muestra, y el Trend Lab del Laboratorio Moda APIMEX mostr\u00f3 4 bloques de tendencias o perfiles de consumo: Tecnolog\u00eda, Hombre, Tierra y Esp\u00edritu. En cada bloque se mostraron 100 nuevos desarrollos de materiales como: cueros, textiles, sint\u00e9ticos, hormas, suelas, tacones y agujetas, as\u00ed como ilustraciones planas con aplicaci\u00f3n de materiales, bolsos y propuestas de dise\u00f1o sobre horma y suela.<\/p>\n<p>El jueves 25 de octubre se realiz\u00f3 el \u201cFashion Cocktail\u201d con la pasarela integrada por cuatro partes con la participaci\u00f3n de Joel Salazar de la marca Yoemor y calzado de Luna Love Craft, Michelle Bedolla de Americana MX con zapatillas de Patey Woman, Banana Republic y calzado de la marca Messico. Tambi\u00e9n calzado y chamarras dise\u00f1ados por Estefan\u00eda Hern\u00e1ndez, del Laboratorio Moda APIMEX.<\/p>\n<p><a href=\"http:\/\/cueroamerica.info\/wpnews\/wp-content\/uploads\/2018\/11\/A17.jpg\"><img loading=\"lazy\" decoding=\"async\" class=\"alignright wp-image-14262\" src=\"http:\/\/cueroamerica.info\/wpnews\/wp-content\/uploads\/2018\/11\/A17-300x188.jpg\" alt=\"\" width=\"244\" height=\"153\" srcset=\"http:\/\/cueroamerica.info\/wpnews\/wp-content\/uploads\/2018\/11\/A17-300x188.jpg 300w, http:\/\/cueroamerica.info\/wpnews\/wp-content\/uploads\/2018\/11\/A17-768x480.jpg 768w, http:\/\/cueroamerica.info\/wpnews\/wp-content\/uploads\/2018\/11\/A17.jpg 1000w\" sizes=\"auto, (max-width: 244px) 100vw, 244px\" \/><\/a>El viernes 26 de octubre se realiz\u00f3 el evento de clausura de la feria con la presentaci\u00f3n de la orquesta de la Fundaci\u00f3n Imagina, integrada por 140 ni\u00f1os y j\u00f3venes que cuentan con el apoyo de ANPIC. Su presencia tuvo como objetivo celebrar el excelente trabajo de los peque\u00f1os m\u00fasicos, e invitar a expositores, compradores y visitantes a sumar su respaldo a la tarea de la fundaci\u00f3n.<\/p>\n<p>La pr\u00f3xima edici\u00f3n de ANPIC, correspondiente a la temporada Primavera-Verano, se realizar\u00e1 del 22 al 24 de mayo, mientras que ANPIC Oto\u00f1o-Invierno tendr\u00e1 lugar del 23 al 25 de octubre, ambos en 2019.<br \/>\n&#8212;&#8212;&#8212;&#8212;&#8212;&#8212;&#8212;&#8212;&#8212;&#8212;&#8212;<br \/>\nAPIMEX \/ CueroAm\u00e9rica<\/p>\n<p dir=\"ltr\">\u2014\u2014\u2014\u2014\u2014\u2014\u2014\u2014\u2014\u2014\u2014\u2014\u2014\u2014\u2014\u2014\u2014\u2014\u2014\u2014\u2014\u2014\u2014\u2014\u2014\u2014\u2014\u2014\u2014\u2014\u2014\u2014\u2014\u2014\u2014\u2014\u2014\u2014\u2014\u2014\u2014\u2014\u2014\u2014<\/p>\n<p dir=\"ltr\">Para comunicarse con CueroAm\u00e9rica: <span style=\"color: #3366ff;\"><a style=\"color: #3366ff;\" href=\"mailto:contacto@cueroamerica.com\">contacto@cueroamerica.com<\/a><\/span><\/p>\n<table border=\"0\" width=\"460\">\n<tbody>\n<tr>\n<td width=\"300\"><a href=\"http:\/\/www.units.com.ar\/\" target=\"_blank\" rel=\"noopener noreferrer\"><img loading=\"lazy\" decoding=\"async\" src=\"\/sponsors\/units_300x200.gif\" alt=\"\" width=\"300\" height=\"200\" border=\"0\" \/><\/a><\/td>\n<td width=\"171\"><a href=\"http:\/\/bit.ly\/2pCZjRd\" target=\"_blank\" rel=\"noopener noreferrer\"><img loading=\"lazy\" decoding=\"async\" src=\"\/img\/publicidad\/fa2019banner300x200.jpg\" width=\"300\" height=\"200\" \/><\/a><\/td>\n<\/tr>\n<\/tbody>\n<\/table>\n","protected":false},"excerpt":{"rendered":"<p>Con m\u00e1s de 11.000 visitantes mexicanos y extranjeros, ANPIC cerr\u00f3 su reciente edici\u00f3n celebrando la fortaleza de su tradicional feria de proveedur\u00eda para los sectores del cuero, calzado, marroquiner\u00eda, textil, muebles y aeroespacial. El sal\u00f3n organizado por APIMEX gener\u00f3 importantes ventas directas y la habitual secuela de negocios y contactos. Durante los tres d\u00edas de [&hellip;]<\/p>\n","protected":false},"author":4,"featured_media":0,"comment_status":"closed","ping_status":"closed","sticky":false,"template":"","format":"standard","meta":{"footnotes":""},"categories":[66,60],"tags":[],"class_list":["post-14276","post","type-post","status-publish","format-standard","hentry","category-ferias-realizadas","category-ferias","count-0","even alt","author-","last"],"_links":{"self":[{"href":"http:\/\/cueroamerica.info\/wpnews\/wp-json\/wp\/v2\/posts\/14276","targetHints":{"allow":["GET"]}}],"collection":[{"href":"http:\/\/cueroamerica.info\/wpnews\/wp-json\/wp\/v2\/posts"}],"about":[{"href":"http:\/\/cueroamerica.info\/wpnews\/wp-json\/wp\/v2\/types\/post"}],"author":[{"embeddable":true,"href":"http:\/\/cueroamerica.info\/wpnews\/wp-json\/wp\/v2\/users\/4"}],"replies":[{"embeddable":true,"href":"http:\/\/cueroamerica.info\/wpnews\/wp-json\/wp\/v2\/comments?post=14276"}],"version-history":[{"count":4,"href":"http:\/\/cueroamerica.info\/wpnews\/wp-json\/wp\/v2\/posts\/14276\/revisions"}],"predecessor-version":[{"id":14280,"href":"http:\/\/cueroamerica.info\/wpnews\/wp-json\/wp\/v2\/posts\/14276\/revisions\/14280"}],"wp:attachment":[{"href":"http:\/\/cueroamerica.info\/wpnews\/wp-json\/wp\/v2\/media?parent=14276"}],"wp:term":[{"taxonomy":"category","embeddable":true,"href":"http:\/\/cueroamerica.info\/wpnews\/wp-json\/wp\/v2\/categories?post=14276"},{"taxonomy":"post_tag","embeddable":true,"href":"http:\/\/cueroamerica.info\/wpnews\/wp-json\/wp\/v2\/tags?post=14276"}],"curies":[{"name":"wp","href":"https:\/\/api.w.org\/{rel}","templated":true}]}}