{"id":14281,"date":"2018-11-27T14:09:15","date_gmt":"2018-11-27T14:09:15","guid":{"rendered":"http:\/\/cueroamerica.info\/wpnews\/?p=14281"},"modified":"2018-11-27T14:09:15","modified_gmt":"2018-11-27T14:09:15","slug":"lineapelle-logro-mas-visitas-y-expositores-y-mayor-interes-de-profesionales-extranjeros","status":"publish","type":"post","link":"http:\/\/cueroamerica.info\/wpnews\/2018\/11\/lineapelle-logro-mas-visitas-y-expositores-y-mayor-interes-de-profesionales-extranjeros\/","title":{"rendered":"Lineapelle logr\u00f3 m\u00e1s visitas y expositores y mayor inter\u00e9s de profesionales extranjeros"},"content":{"rendered":"<p><a href=\"http:\/\/cueroamerica.info\/wpnews\/wp-content\/uploads\/2018\/11\/AC_3093a.jpg\"><img loading=\"lazy\" decoding=\"async\" class=\"alignright wp-image-14269\" src=\"http:\/\/cueroamerica.info\/wpnews\/wp-content\/uploads\/2018\/11\/AC_3093a-300x200.jpg\" alt=\"\" width=\"246\" height=\"164\" srcset=\"http:\/\/cueroamerica.info\/wpnews\/wp-content\/uploads\/2018\/11\/AC_3093a-300x200.jpg 300w, http:\/\/cueroamerica.info\/wpnews\/wp-content\/uploads\/2018\/11\/AC_3093a-768x512.jpg 768w, http:\/\/cueroamerica.info\/wpnews\/wp-content\/uploads\/2018\/11\/AC_3093a.jpg 1000w\" sizes=\"auto, (max-width: 246px) 100vw, 246px\" \/><\/a>La \u00faltima edici\u00f3n de Lineapelle, la feria internacional dedicada a la industria del cuero y componentes, logr\u00f3 atraer a un n\u00famero mayor de empresas del exterior. Tambi\u00e9n aumentaron la cantidad de expositores y de pa\u00edses representados. Seg\u00fan los organizadores esto \u201cfue particularmente significativo, en un momento caracterizado por tensiones comerciales muy fuertes y preocupantes entre las dos \u00e1reas\u201d.<\/p>\n<p>En total el 49% de los visitantes vinieron de exterior, de m\u00e1s de 100 pa\u00edses de todas las regiones del mundo. El n\u00famero de compa\u00f1\u00edas expositoras creci\u00f3 un 4,1%, y llegaron desde 48 pa\u00edses.<\/p>\n<p><a href=\"http:\/\/cueroamerica.info\/wpnews\/wp-content\/uploads\/2018\/11\/BC_3936a.jpg\"><img loading=\"lazy\" decoding=\"async\" class=\"alignleft wp-image-14264\" src=\"http:\/\/cueroamerica.info\/wpnews\/wp-content\/uploads\/2018\/11\/BC_3936a-300x200.jpg\" alt=\"\" width=\"248\" height=\"165\" srcset=\"http:\/\/cueroamerica.info\/wpnews\/wp-content\/uploads\/2018\/11\/BC_3936a-300x200.jpg 300w, http:\/\/cueroamerica.info\/wpnews\/wp-content\/uploads\/2018\/11\/BC_3936a-768x512.jpg 768w, http:\/\/cueroamerica.info\/wpnews\/wp-content\/uploads\/2018\/11\/BC_3936a-1024x682.jpg 1024w, http:\/\/cueroamerica.info\/wpnews\/wp-content\/uploads\/2018\/11\/BC_3936a.jpg 1100w\" sizes=\"auto, (max-width: 248px) 100vw, 248px\" \/><\/a>El aumento en la cantidad de empresas extranjeras que visitaron Lineapelle fue del 2% en comparaci\u00f3n a la edici\u00f3n previa. Los organizadores destacaron que las empresas de China y Estados Unidos llegaron en mayor proporci\u00f3n que las de otros or\u00edgenes y que se acerc\u00f3 un n\u00famero creciente de compa\u00f1\u00edas de India, Jap\u00f3n y Rusia.<\/p>\n<p>\u201cEn esta edici\u00f3n Lineapelle decidi\u00f3 subrayar el significado de su liderazgo mundial mediante la construcci\u00f3n de una variada serie de eventos alrededor de su centro comercial de gravedad, abriendo su horizonte hacia el futuro\u201d, explicaron los organizadores.<\/p>\n<p>Este es el caso, en particular, de la primera edici\u00f3n de Lineapelle Innovation Square, el centro de inspiraci\u00f3n e investigaci\u00f3n, donde durante tres d\u00edas se cubrieron algunas de las innovaciones cient\u00edficas y tecnol\u00f3gicas m\u00e1s estimulantes y futuristas relacionadas con el producto, la gesti\u00f3n de la producci\u00f3n y la capacitaci\u00f3n a fondo.<\/p>\n<table>\n<tbody>\n<tr>\n<td><a href=\"http:\/\/cueroamerica.info\/wpnews\/wp-content\/uploads\/2018\/11\/DSC8415.jpg\"><img decoding=\"async\" class=\"aligncenter size-medium wp-image-14265\" src=\"http:\/\/cueroamerica.info\/wpnews\/wp-content\/uploads\/2018\/11\/DSC8415-300x200.jpg\" alt=\"\" width=\"auto\" height=\"169\" srcset=\"http:\/\/cueroamerica.info\/wpnews\/wp-content\/uploads\/2018\/11\/DSC8415-300x200.jpg 300w, http:\/\/cueroamerica.info\/wpnews\/wp-content\/uploads\/2018\/11\/DSC8415-768x512.jpg 768w, http:\/\/cueroamerica.info\/wpnews\/wp-content\/uploads\/2018\/11\/DSC8415-1024x683.jpg 1024w, http:\/\/cueroamerica.info\/wpnews\/wp-content\/uploads\/2018\/11\/DSC8415.jpg 1080w\" sizes=\"(max-width: 300px) 100vw, 300px\" \/><\/a><\/td>\n<td><a href=\"http:\/\/cueroamerica.info\/wpnews\/wp-content\/uploads\/2018\/11\/Rosanna_Galeone_LR_1.jpg\"><img loading=\"lazy\" decoding=\"async\" class=\"aligncenter size-medium wp-image-14268\" src=\"http:\/\/cueroamerica.info\/wpnews\/wp-content\/uploads\/2018\/11\/Rosanna_Galeone_LR_1-300x169.jpg\" alt=\"\" width=\"300\" height=\"169\" srcset=\"http:\/\/cueroamerica.info\/wpnews\/wp-content\/uploads\/2018\/11\/Rosanna_Galeone_LR_1-300x169.jpg 300w, http:\/\/cueroamerica.info\/wpnews\/wp-content\/uploads\/2018\/11\/Rosanna_Galeone_LR_1-768x432.jpg 768w, http:\/\/cueroamerica.info\/wpnews\/wp-content\/uploads\/2018\/11\/Rosanna_Galeone_LR_1-1024x576.jpg 1024w, http:\/\/cueroamerica.info\/wpnews\/wp-content\/uploads\/2018\/11\/Rosanna_Galeone_LR_1.jpg 1080w\" sizes=\"auto, (max-width: 300px) 100vw, 300px\" \/><\/a><\/td>\n<\/tr>\n<\/tbody>\n<\/table>\n<p>La idea de crear la Plaza de la innovaci\u00f3n de Lineapelle, fue exitosa en t\u00e9rminos de inter\u00e9s y participaci\u00f3n de los profesionales visitantes. La segunda edici\u00f3n est\u00e1 programada para coincidir con Lineapelle97, en septiembre de 2019<\/p>\n<table>\n<tbody>\n<tr>\n<td><a href=\"http:\/\/cueroamerica.info\/wpnews\/wp-content\/uploads\/2018\/11\/Julie_Anna_Lucie_Gauthier_LS_7.jpg\"><img decoding=\"async\" class=\"aligncenter size-medium wp-image-14267\" src=\"http:\/\/cueroamerica.info\/wpnews\/wp-content\/uploads\/2018\/11\/Julie_Anna_Lucie_Gauthier_LS_7-300x200.jpg\" alt=\"\" width=\"auto\" height=\"190\" srcset=\"http:\/\/cueroamerica.info\/wpnews\/wp-content\/uploads\/2018\/11\/Julie_Anna_Lucie_Gauthier_LS_7-300x200.jpg 300w, http:\/\/cueroamerica.info\/wpnews\/wp-content\/uploads\/2018\/11\/Julie_Anna_Lucie_Gauthier_LS_7-768x512.jpg 768w, http:\/\/cueroamerica.info\/wpnews\/wp-content\/uploads\/2018\/11\/Julie_Anna_Lucie_Gauthier_LS_7-1024x683.jpg 1024w, http:\/\/cueroamerica.info\/wpnews\/wp-content\/uploads\/2018\/11\/Julie_Anna_Lucie_Gauthier_LS_7.jpg 1080w\" sizes=\"(max-width: 300px) 100vw, 300px\" \/><\/a><\/td>\n<td><a href=\"http:\/\/cueroamerica.info\/wpnews\/wp-content\/uploads\/2018\/11\/DSC_0006-2a.jpg\"><img decoding=\"async\" class=\"aligncenter size-medium wp-image-14266\" src=\"http:\/\/cueroamerica.info\/wpnews\/wp-content\/uploads\/2018\/11\/DSC_0006-2a-300x199.jpg\" alt=\"\" width=\"auto\" height=\"190\" srcset=\"http:\/\/cueroamerica.info\/wpnews\/wp-content\/uploads\/2018\/11\/DSC_0006-2a-300x199.jpg 300w, http:\/\/cueroamerica.info\/wpnews\/wp-content\/uploads\/2018\/11\/DSC_0006-2a-768x510.jpg 768w, http:\/\/cueroamerica.info\/wpnews\/wp-content\/uploads\/2018\/11\/DSC_0006-2a-1024x680.jpg 1024w, http:\/\/cueroamerica.info\/wpnews\/wp-content\/uploads\/2018\/11\/DSC_0006-2a.jpg 1100w\" sizes=\"(max-width: 300px) 100vw, 300px\" \/><\/a><\/td>\n<\/tr>\n<\/tbody>\n<\/table>\n<p>La 95\u00ba edici\u00f3n del evento tuvo lugar entre el 25 y 27 de septiembre en Fieramilano Rho, Mil\u00e1n, Italia En esta ocasi\u00f3n la feria se enfoc\u00f3 en las colecciones de oto\u00f1o\/invierno 2019-2020. La cantidad de empresas exponiendo sus colecciones de estas temporadas tambi\u00e9n creci\u00f3.<\/p>\n<p>La pr\u00f3xima tendr\u00e1 lugar entre el 20 y 22 de febrero, cuando se exhibir\u00e1n las colecciones de primavera-verano 2020.<br \/>\n&#8212;&#8212;&#8212;&#8212;&#8212;&#8212;&#8212;&#8212;&#8212;&#8212;&#8212;&#8212;&#8212;&#8212;&#8212;&#8212;&#8212;&#8211;<br \/>\nLa Conceria \/ Lineapelle \/ CueroAm\u00e9rica<\/p>\n<p dir=\"ltr\">\u2014\u2014\u2014\u2014\u2014\u2014\u2014\u2014\u2014\u2014\u2014\u2014\u2014\u2014\u2014\u2014\u2014\u2014\u2014\u2014\u2014\u2014\u2014\u2014\u2014\u2014\u2014\u2014\u2014\u2014\u2014\u2014\u2014\u2014\u2014\u2014\u2014\u2014\u2014\u2014\u2014\u2014\u2014\u2014<\/p>\n<p dir=\"ltr\">Para comunicarse con CueroAm\u00e9rica: <span style=\"color: #3366ff;\"><a style=\"color: #3366ff;\" href=\"mailto:contacto@cueroamerica.com\">contacto@cueroamerica.com<\/a><\/span><\/p>\n<table border=\"0\" width=\"460\">\n<tbody>\n<tr>\n<td width=\"300\"><a href=\"http:\/\/www.cueroamerica.info\/sponsors\/dfsudamericana\/\" target=\"_blank\" rel=\"noopener noreferrer\"><img loading=\"lazy\" decoding=\"async\" src=\"http:\/\/www.cueroamerica.info\/img\/publicidad\/dfs2017.gif\" width=\"300\" height=\"200\" border=\"0\" \/><\/a><\/td>\n<td width=\"171\"><a href=\"http:\/\/bit.ly\/2p9UM5w\" target=\"_blank\" rel=\"noopener noreferrer\"><img loading=\"lazy\" decoding=\"async\" src=\"\/img\/publicidad\/aplf2019banner_300x200.jpg\" width=\"300\" height=\"200\" \/><\/a><\/td>\n<\/tr>\n<\/tbody>\n<\/table>\n","protected":false},"excerpt":{"rendered":"<p>La \u00faltima edici\u00f3n de Lineapelle, la feria internacional dedicada a la industria del cuero y componentes, logr\u00f3 atraer a un n\u00famero mayor de empresas del exterior. Tambi\u00e9n aumentaron la cantidad de expositores y de pa\u00edses representados. Seg\u00fan los organizadores esto \u201cfue particularmente significativo, en un momento caracterizado por tensiones comerciales muy fuertes y preocupantes entre [&hellip;]<\/p>\n","protected":false},"author":4,"featured_media":0,"comment_status":"closed","ping_status":"closed","sticky":false,"template":"","format":"standard","meta":{"footnotes":""},"categories":[66,60],"tags":[],"class_list":["post-14281","post","type-post","status-publish","format-standard","hentry","category-ferias-realizadas","category-ferias","count-0","even alt","author-","last"],"_links":{"self":[{"href":"http:\/\/cueroamerica.info\/wpnews\/wp-json\/wp\/v2\/posts\/14281","targetHints":{"allow":["GET"]}}],"collection":[{"href":"http:\/\/cueroamerica.info\/wpnews\/wp-json\/wp\/v2\/posts"}],"about":[{"href":"http:\/\/cueroamerica.info\/wpnews\/wp-json\/wp\/v2\/types\/post"}],"author":[{"embeddable":true,"href":"http:\/\/cueroamerica.info\/wpnews\/wp-json\/wp\/v2\/users\/4"}],"replies":[{"embeddable":true,"href":"http:\/\/cueroamerica.info\/wpnews\/wp-json\/wp\/v2\/comments?post=14281"}],"version-history":[{"count":5,"href":"http:\/\/cueroamerica.info\/wpnews\/wp-json\/wp\/v2\/posts\/14281\/revisions"}],"predecessor-version":[{"id":14286,"href":"http:\/\/cueroamerica.info\/wpnews\/wp-json\/wp\/v2\/posts\/14281\/revisions\/14286"}],"wp:attachment":[{"href":"http:\/\/cueroamerica.info\/wpnews\/wp-json\/wp\/v2\/media?parent=14281"}],"wp:term":[{"taxonomy":"category","embeddable":true,"href":"http:\/\/cueroamerica.info\/wpnews\/wp-json\/wp\/v2\/categories?post=14281"},{"taxonomy":"post_tag","embeddable":true,"href":"http:\/\/cueroamerica.info\/wpnews\/wp-json\/wp\/v2\/tags?post=14281"}],"curies":[{"name":"wp","href":"https:\/\/api.w.org\/{rel}","templated":true}]}}