{"id":14287,"date":"2018-11-27T14:22:53","date_gmt":"2018-11-27T14:22:53","guid":{"rendered":"http:\/\/cueroamerica.info\/wpnews\/?p=14287"},"modified":"2018-11-27T14:22:53","modified_gmt":"2018-11-27T14:22:53","slug":"para-simac-tanning-tech-el-futuro-ya-esta-aqui-y-sera-el-lema-de-la-feria-de-febrero","status":"publish","type":"post","link":"http:\/\/cueroamerica.info\/wpnews\/2018\/11\/para-simac-tanning-tech-el-futuro-ya-esta-aqui-y-sera-el-lema-de-la-feria-de-febrero\/","title":{"rendered":"Para Simac Tanning Tech \u2018el futuro ya est\u00e1 aqu\u00ed\u2019 y ser\u00e1 el lema de la feria de febrero"},"content":{"rendered":"<p><a href=\"http:\/\/cueroamerica.info\/wpnews\/wp-content\/uploads\/2018\/11\/Simac-Tanning-Tech_4a.jpg\"><img loading=\"lazy\" decoding=\"async\" class=\"wp-image-14288 alignleft\" src=\"http:\/\/cueroamerica.info\/wpnews\/wp-content\/uploads\/2018\/11\/Simac-Tanning-Tech_4a-300x166.jpg\" alt=\"\" width=\"248\" height=\"137\" srcset=\"http:\/\/cueroamerica.info\/wpnews\/wp-content\/uploads\/2018\/11\/Simac-Tanning-Tech_4a-300x166.jpg 300w, http:\/\/cueroamerica.info\/wpnews\/wp-content\/uploads\/2018\/11\/Simac-Tanning-Tech_4a-768x425.jpg 768w, http:\/\/cueroamerica.info\/wpnews\/wp-content\/uploads\/2018\/11\/Simac-Tanning-Tech_4a.jpg 1000w\" sizes=\"auto, (max-width: 248px) 100vw, 248px\" \/><\/a>Seg\u00fan Assomac, la organizaci\u00f3n de su feria Simac Tanning Tech ya esta en marcha para la edici\u00f3n que tendr\u00e1 lugar del 20 al 22 de febrero en la Feria de Mil\u00e1n-Rho, de la ciudad de Mil\u00e1n. La feria internacional de m\u00e1quinas y tecnolog\u00edas para las industrias del calzado, marroquiner\u00eda y curtidur\u00eda convoca con el atrayente lema \u2018el futuro ya est\u00e1 aqu\u00ed\u2019.<\/p>\n<p>Simac Tanning Tech es, a nivel mundial, la mayor feria de exposici\u00f3n para estos \u00e1mbitos productivos y alberga a m\u00e1s de 300 expositores, entre los cuales est\u00e1n los m\u00e1s importantes actores internacionales del sector. Estos ofrecen las soluciones tecnol\u00f3gicas de vanguardia, a los miles de visitantes procedentes de todo el mundo.<\/p>\n<p><a href=\"http:\/\/cueroamerica.info\/wpnews\/wp-content\/uploads\/2018\/11\/Simac-TanningTech.jpg\"><img loading=\"lazy\" decoding=\"async\" class=\"wp-image-14289 alignright\" src=\"http:\/\/cueroamerica.info\/wpnews\/wp-content\/uploads\/2018\/11\/Simac-TanningTech-291x300.jpg\" alt=\"\" width=\"232\" height=\"239\" srcset=\"http:\/\/cueroamerica.info\/wpnews\/wp-content\/uploads\/2018\/11\/Simac-TanningTech-291x300.jpg 291w, http:\/\/cueroamerica.info\/wpnews\/wp-content\/uploads\/2018\/11\/Simac-TanningTech.jpg 398w\" sizes=\"auto, (max-width: 232px) 100vw, 232px\" \/><\/a>Como es habitual, Simac Tanning Tech se desarrolla contempor\u00e1neamente con la edici\u00f3n primaveral de Lineapelle, la feria mundial m\u00e1s importante del cuero y de todo el sector del abastecimiento de materiales, componentes y accesorios para la moda y el lujo globales, donde se expondr\u00e1n las tendencias de estilo para las temporadas primavera-verano 2020.<\/p>\n<p>En su conjunto los dos salones representan una gran vitrina mundial para los fabricantes de calzado, marroquiner\u00eda y art\u00edculos de cuero. All\u00ed se pueden conocer las soluciones m\u00e1s avanzadas, tanto desde el punto de vista tecnol\u00f3gico como de moda, para todas sus necesidades de producci\u00f3n.<\/p>\n<p>Por otra parte, Simac Tanning Tech y Lineapelle tienen lugar en Mil\u00e1n, una de las capitales mundiales de la tecnolog\u00eda, el dise\u00f1o y la moda, siempre cambiante y atractiva.<\/p>\n<p><a href=\"http:\/\/cueroamerica.info\/wpnews\/wp-content\/uploads\/2018\/11\/Simac-Tanning-Tech1.jpg\"><img loading=\"lazy\" decoding=\"async\" class=\"alignleft wp-image-14290\" src=\"http:\/\/cueroamerica.info\/wpnews\/wp-content\/uploads\/2018\/11\/Simac-Tanning-Tech1-300x236.jpg\" alt=\"\" width=\"245\" height=\"193\" srcset=\"http:\/\/cueroamerica.info\/wpnews\/wp-content\/uploads\/2018\/11\/Simac-Tanning-Tech1-300x236.jpg 300w, http:\/\/cueroamerica.info\/wpnews\/wp-content\/uploads\/2018\/11\/Simac-Tanning-Tech1.jpg 466w\" sizes=\"auto, (max-width: 245px) 100vw, 245px\" \/><\/a>Siguiendo las tendencias de crecimiento de la \u00faltima edici\u00f3n, la feria de la tecnolog\u00eda del sector del cuero 2019 tiene colmadas las reservas. En este sentido, Gabriella Marchioni Bocca, presidente de Simac Tanning Tech inform\u00f3 que \u201clos espacios en los pabellones ya est\u00e1n agotados, aunque las solicitudes para poder participar siguen llegando\u201d.<\/p>\n<p>Por su parte Amilcare Baccini, Consejero Delegado de Assomac Servizi, confirm\u00f3 que los alrededor de 19.000 m\u00b2 destinados a los expositores ya han sido cubiertos y no es posible obtener m\u00e1s espacios. \u201cTodav\u00eda tenemos solicitudes de fabricantes que quisieran venir a Mil\u00e1n, pero est\u00e1 todo el espacio agotado\u201d. Tambi\u00e9n confirm\u00f3 que estudian soluciones alternativas generar espacios mayores, para la pr\u00f3xima edici\u00f3n.<\/p>\n<p>Seg\u00fan los organizadores, la pr\u00f3xima edici\u00f3n Simac Tanning Tech se enfocar\u00e1 en particular hacia los problemas relativos a las cuestiones energ\u00e9tico-ambientales. De hecho, la mayor parte de las empresas expositoras est\u00e1n proponiendo soluciones innovadoras, para permitir que los par\u00e1metros de eficiencia y de reducci\u00f3n del impacto medioambiental est\u00e9n al centro de su oferta tecnol\u00f3gica.<\/p>\n<div id=\"attachment_14291\" style=\"width: 256px\" class=\"wp-caption alignright\"><a href=\"http:\/\/cueroamerica.info\/wpnews\/wp-content\/uploads\/2018\/11\/Gabriella-Marchioni-Bocca-presidenta-de-Assomac.-junto-a-Amilcare-Baccini-Consejero-Delegado-de-Assomac-Servizi.-.jpg\"><img loading=\"lazy\" decoding=\"async\" aria-describedby=\"caption-attachment-14291\" class=\" wp-image-14291\" src=\"http:\/\/cueroamerica.info\/wpnews\/wp-content\/uploads\/2018\/11\/Gabriella-Marchioni-Bocca-presidenta-de-Assomac.-junto-a-Amilcare-Baccini-Consejero-Delegado-de-Assomac-Servizi.--300x188.jpg\" alt=\"\" width=\"246\" height=\"154\" srcset=\"http:\/\/cueroamerica.info\/wpnews\/wp-content\/uploads\/2018\/11\/Gabriella-Marchioni-Bocca-presidenta-de-Assomac.-junto-a-Amilcare-Baccini-Consejero-Delegado-de-Assomac-Servizi.--300x188.jpg 300w, http:\/\/cueroamerica.info\/wpnews\/wp-content\/uploads\/2018\/11\/Gabriella-Marchioni-Bocca-presidenta-de-Assomac.-junto-a-Amilcare-Baccini-Consejero-Delegado-de-Assomac-Servizi.--768x480.jpg 768w, http:\/\/cueroamerica.info\/wpnews\/wp-content\/uploads\/2018\/11\/Gabriella-Marchioni-Bocca-presidenta-de-Assomac.-junto-a-Amilcare-Baccini-Consejero-Delegado-de-Assomac-Servizi.-.jpg 800w\" sizes=\"auto, (max-width: 246px) 100vw, 246px\" \/><\/a><p id=\"caption-attachment-14291\" class=\"wp-caption-text\">Gabriella Marchioni Bocca, presidenta de Assomac. junto a Amilcare Baccini, Consejero Delegado de Assomac Servizi.<\/p><\/div>\n<p>\u201cEl de las tecnolog\u00edas eficientes, seguras y compatibles con el medio ambiente es un camino que las empresas han iniciado ya desde hace algunos a\u00f1os y que est\u00e1n decididas a continuar\u201d, agreg\u00f3 Gabriella Marchioni Bocca. \u201cEn efecto, en el marco de la sostenibilidad de los procesos, tambi\u00e9n el sector de la elaboraci\u00f3n del cuero ha tomado conciencia de la necesidad de dotarse de instrumentos y maquinaria eco-compatibles\u201d, destac\u00f3 la dirigente.<\/p>\n<p>\u201cInspirados por esta visi\u00f3n, y con un esfuerzo de transparencia, ASSOMAC ha dado vida al proyecto \u2018Supplier of Sustainable Technologies\u2019 (Proveedor de Tecnolog\u00edas Sostenibles). En este sentido, su \u2018Green Label\u2019 es el primer elemento concreto, voluntario y certificado por una entidad, para declarar el impacto en t\u00e9rminos de huella de carbono (GEI) de las m\u00e1quinas fabricadas por las empresas asociadas.<\/p>\n<p>Por esto Assomac anuncia que, para las empresas que adhieren al proyecto, esta pr\u00f3xima feria ser\u00e1 la ocasi\u00f3n de exponer y divulgar este elemento distintivo de tecnolog\u00edas para un camino de sostenibilidad \u2018Made in Italy\u2019.<\/p>\n<p>Adem\u00e1s de la presencia de las mejores tecnolog\u00edas tradicionales en Simac Tanning Tech tambi\u00e9n ser\u00e1 posible encontrar nuevas tipolog\u00edas de m\u00e1quinas, como la impresora digital sobre cuero, la uni\u00f3n con el mundo de los textiles, la impresi\u00f3n 3D y la integraci\u00f3n a la industria 4.0 para m\u00e1quinas cada vez m\u00e1s interconectadas e \u00abinteligentes\u00bb.<br \/>\n&#8212;&#8212;&#8212;&#8212;&#8212;&#8212;&#8212;&#8212;&#8212;&#8212;&#8212;&#8212;&#8211;<br \/>\nAssomac \/ CueroAm\u00e9rica<\/p>\n<p dir=\"ltr\">\u2014\u2014\u2014\u2014\u2014\u2014\u2014\u2014\u2014\u2014\u2014\u2014\u2014\u2014\u2014\u2014\u2014\u2014\u2014\u2014\u2014\u2014\u2014\u2014\u2014\u2014\u2014\u2014\u2014\u2014\u2014\u2014\u2014\u2014\u2014\u2014\u2014\u2014\u2014\u2014\u2014\u2014\u2014\u2014<\/p>\n<p dir=\"ltr\">Para comunicarse con CueroAm\u00e9rica: <span style=\"color: #3366ff;\"><a style=\"color: #3366ff;\" href=\"mailto:contacto@cueroamerica.com\">contacto@cueroamerica.com<\/a><\/span><\/p>\n<table border=\"0\" width=\"460\">\n<tbody>\n<tr>\n<td width=\"300\"><a href=\"http:\/\/www.units.com.ar\/\" target=\"_blank\" rel=\"noopener noreferrer\"><img loading=\"lazy\" decoding=\"async\" src=\"\/sponsors\/units_300x200.gif\" alt=\"\" width=\"300\" height=\"200\" border=\"0\" \/><\/a><\/td>\n<td width=\"171\"><a href=\"http:\/\/www.controldenegocios.com\/landing\/borshoes2018\" target=\"_blank\" rel=\"noopener noreferrer\"><img loading=\"lazy\" decoding=\"async\" src=\"\/img\/publicidad\/bor-banner_300x200px.jpg\" alt=\"\" width=\"300\" height=\"200\" border=\"0\" \/><\/a><\/td>\n<\/tr>\n<\/tbody>\n<\/table>\n","protected":false},"excerpt":{"rendered":"<p>Seg\u00fan Assomac, la organizaci\u00f3n de su feria Simac Tanning Tech ya esta en marcha para la edici\u00f3n que tendr\u00e1 lugar del 20 al 22 de febrero en la Feria de Mil\u00e1n-Rho, de la ciudad de Mil\u00e1n. La feria internacional de m\u00e1quinas y tecnolog\u00edas para las industrias del calzado, marroquiner\u00eda y curtidur\u00eda convoca con el atrayente [&hellip;]<\/p>\n","protected":false},"author":4,"featured_media":0,"comment_status":"closed","ping_status":"closed","sticky":false,"template":"","format":"standard","meta":{"footnotes":""},"categories":[1],"tags":[],"class_list":["post-14287","post","type-post","status-publish","format-standard","hentry","category-sin-categoria","count-0","even alt","author-","last"],"_links":{"self":[{"href":"http:\/\/cueroamerica.info\/wpnews\/wp-json\/wp\/v2\/posts\/14287","targetHints":{"allow":["GET"]}}],"collection":[{"href":"http:\/\/cueroamerica.info\/wpnews\/wp-json\/wp\/v2\/posts"}],"about":[{"href":"http:\/\/cueroamerica.info\/wpnews\/wp-json\/wp\/v2\/types\/post"}],"author":[{"embeddable":true,"href":"http:\/\/cueroamerica.info\/wpnews\/wp-json\/wp\/v2\/users\/4"}],"replies":[{"embeddable":true,"href":"http:\/\/cueroamerica.info\/wpnews\/wp-json\/wp\/v2\/comments?post=14287"}],"version-history":[{"count":3,"href":"http:\/\/cueroamerica.info\/wpnews\/wp-json\/wp\/v2\/posts\/14287\/revisions"}],"predecessor-version":[{"id":14294,"href":"http:\/\/cueroamerica.info\/wpnews\/wp-json\/wp\/v2\/posts\/14287\/revisions\/14294"}],"wp:attachment":[{"href":"http:\/\/cueroamerica.info\/wpnews\/wp-json\/wp\/v2\/media?parent=14287"}],"wp:term":[{"taxonomy":"category","embeddable":true,"href":"http:\/\/cueroamerica.info\/wpnews\/wp-json\/wp\/v2\/categories?post=14287"},{"taxonomy":"post_tag","embeddable":true,"href":"http:\/\/cueroamerica.info\/wpnews\/wp-json\/wp\/v2\/tags?post=14287"}],"curies":[{"name":"wp","href":"https:\/\/api.w.org\/{rel}","templated":true}]}}