{"id":14313,"date":"2018-12-03T18:34:26","date_gmt":"2018-12-03T18:34:26","guid":{"rendered":"http:\/\/cueroamerica.info\/wpnews\/?p=14313"},"modified":"2018-12-03T18:34:26","modified_gmt":"2018-12-03T18:34:26","slug":"la-brasilera-paqueta-cierra-su-fabrica-en-argentina-por-la-fuerte-caida-en-las-ventas","status":"publish","type":"post","link":"http:\/\/cueroamerica.info\/wpnews\/2018\/12\/la-brasilera-paqueta-cierra-su-fabrica-en-argentina-por-la-fuerte-caida-en-las-ventas\/","title":{"rendered":"La brasilera Paquet\u00e1 cierra su f\u00e1brica en Argentina por la fuerte ca\u00edda en las ventas"},"content":{"rendered":"<p><a href=\"http:\/\/cueroamerica.info\/wpnews\/wp-content\/uploads\/2018\/12\/paqueta-cliente1.jpg\"><img loading=\"lazy\" decoding=\"async\" class=\"alignright wp-image-14303\" src=\"http:\/\/cueroamerica.info\/wpnews\/wp-content\/uploads\/2018\/12\/paqueta-cliente1-300x106.jpg\" alt=\"\" width=\"218\" height=\"77\" srcset=\"http:\/\/cueroamerica.info\/wpnews\/wp-content\/uploads\/2018\/12\/paqueta-cliente1-300x106.jpg 300w, http:\/\/cueroamerica.info\/wpnews\/wp-content\/uploads\/2018\/12\/paqueta-cliente1.jpg 500w\" sizes=\"auto, (max-width: 218px) 100vw, 218px\" \/><\/a>La empresa de capitales brasile\u00f1os Paquet\u00e1 decidi\u00f3 cerrar su planta ubicada en la ciudad argentina de Chivilcoy, dedicada a producir calzado deportivo Adidas. Las razones son la ca\u00edda de ventas por la baja de la capacidad de consumo local, a lo que se sum\u00f3 la competencia de la apertura de las importaciones.<\/p>\n<p>La fabricante brasilera de calzado Paquet\u00e1, que produce zapatillas para Adidas, ratific\u00f3 la decisi\u00f3n de cerrar su planta de Chivilcoy el 31 de diciembre de este a\u00f1o.<\/p>\n<p><a href=\"http:\/\/cueroamerica.info\/wpnews\/wp-content\/uploads\/2018\/12\/f\u00e1brica-Paquet\u00e1-Adidas-Chivilcoy-trabajadores-2.jpg\"><img loading=\"lazy\" decoding=\"async\" class=\"alignleft wp-image-14298\" src=\"http:\/\/cueroamerica.info\/wpnews\/wp-content\/uploads\/2018\/12\/f\u00e1brica-Paquet\u00e1-Adidas-Chivilcoy-trabajadores-2-300x169.jpg\" alt=\"\" width=\"250\" height=\"141\" srcset=\"http:\/\/cueroamerica.info\/wpnews\/wp-content\/uploads\/2018\/12\/f\u00e1brica-Paquet\u00e1-Adidas-Chivilcoy-trabajadores-2-300x169.jpg 300w, http:\/\/cueroamerica.info\/wpnews\/wp-content\/uploads\/2018\/12\/f\u00e1brica-Paquet\u00e1-Adidas-Chivilcoy-trabajadores-2-768x433.jpg 768w, http:\/\/cueroamerica.info\/wpnews\/wp-content\/uploads\/2018\/12\/f\u00e1brica-Paquet\u00e1-Adidas-Chivilcoy-trabajadores-2.jpg 844w\" sizes=\"auto, (max-width: 250px) 100vw, 250px\" \/><\/a><\/p>\n<p>Paquet\u00e1 se instal\u00f3 en el parque industrial de la peque\u00f1a ciudad de Chivilcoy en 2006 y lleg\u00f3 a tener 1.200 empleados y a producir mensualmente 55 mil pares de zapatillas a principios de 2017.<\/p>\n<p>La empresa atraviesa una severa crisis por la baja de sus ventas, motivada por la recesi\u00f3n econ\u00f3mica argentina y la simult\u00e1nea apertura importadora. Seg\u00fan un informe sectorial, la importaci\u00f3n de calzados creci\u00f3 un 45% en los \u00faltimos dos a\u00f1os. La m\u00e1s afectada es la gama de calzado deportivo, ya que el ingreso de productos terminados o semiterminados desde Brasil aument\u00f3 un 116 por ciento en ese per\u00edodo. La competencia tambi\u00e9n se origina en el ingreso de productos de origen asi\u00e1tico.<\/p>\n<p>Sin embargo, aseguran que la crisis de Paquet\u00e1 no se limita solo al mercado argentino. La firma cerr\u00f3 una planta en Rep\u00fablica Dominicana que abastec\u00eda a Estados Unidos y las ventas a ese pa\u00eds y en Brasil cayeron. Seg\u00fan la publicaci\u00f3n brasile\u00f1a de negocios Valor, la producci\u00f3n total del grupo baj\u00f3 de 15 a 9,7 millones de pares de marcas propias y de terceros (entre ellos Adidas, Puma y Asics) desde 2015 y la cantidad de empleados pas\u00f3 de 18.000 a 12.700.<\/p>\n<div id=\"attachment_14304\" style=\"width: 259px\" class=\"wp-caption alignright\"><a href=\"http:\/\/cueroamerica.info\/wpnews\/wp-content\/uploads\/2018\/12\/Planta-de-Paquet\u00e1-en-Chivilcoy-provincia-de-Buenos-Aires..jpg\"><img loading=\"lazy\" decoding=\"async\" aria-describedby=\"caption-attachment-14304\" class=\" wp-image-14304\" src=\"http:\/\/cueroamerica.info\/wpnews\/wp-content\/uploads\/2018\/12\/Planta-de-Paquet\u00e1-en-Chivilcoy-provincia-de-Buenos-Aires.-300x169.jpg\" alt=\"\" width=\"249\" height=\"140\" srcset=\"http:\/\/cueroamerica.info\/wpnews\/wp-content\/uploads\/2018\/12\/Planta-de-Paquet\u00e1-en-Chivilcoy-provincia-de-Buenos-Aires.-300x169.jpg 300w, http:\/\/cueroamerica.info\/wpnews\/wp-content\/uploads\/2018\/12\/Planta-de-Paquet\u00e1-en-Chivilcoy-provincia-de-Buenos-Aires.-768x432.jpg 768w, http:\/\/cueroamerica.info\/wpnews\/wp-content\/uploads\/2018\/12\/Planta-de-Paquet\u00e1-en-Chivilcoy-provincia-de-Buenos-Aires..jpg 960w\" sizes=\"auto, (max-width: 249px) 100vw, 249px\" \/><\/a><p id=\"caption-attachment-14304\" class=\"wp-caption-text\">Planta de Paquet\u00e1 en Chivilcoy, provincia de Buenos Aires.<\/p><\/div>\n<p>Cuando la empresa anunci\u00f3 el cierre ofreci\u00f3 retiros voluntarios a sus 600 trabajadores. En Chivilcoy hubo varias manifestaciones de protesta por la relevancia que la compa\u00f1\u00eda tiene en la comunidad, pero finalmente 178 personas aceptaron el retiro y 25 est\u00e1n negociando una salida. Los 397 restantes, en cambio, resisten en sus puestos y reclaman que la firma permanezca abierta.<\/p>\n<p>Por ahora, lo \u00fanico que la empresa ofrece es una indemnizaci\u00f3n un 40% por encima de lo que corresponde por ley, pero pide que se levante la disposici\u00f3n gubernamental de \u2018conciliaci\u00f3n obligatoria\u2019. La firma hizo saber que, de persistir este comp\u00e1s de espera por los d\u00edas de conciliaci\u00f3n obligatoria -en los que no pueden tomar decisiones de ning\u00fan tipo-, su situaci\u00f3n financiera se ver\u00eda comprometida y la promesas de pagar indemnizaciones por encima de lo que fija la ley entrar\u00eda en riesgo. De ese modo, presionan a los trabajadores para ponerle un cierre al conflicto y bajar la persiana definitivamente.<\/p>\n<p>En la Argentina, existen m\u00e1s de 1.000 empresas dedicadas al calzado y emplean a unas 65.000 personas en forma directa, que atraviesan una cr\u00edtica situaci\u00f3n por la ca\u00edda del consumo y la suba de importaciones.<\/p>\n<p>En este a\u00f1o, la crisis se reflej\u00f3 en conflictos desatados en empresas destacadas del sector como Paquet\u00e1, Dass, Gaelle, Extreme Gear, Alpargatas y una importante cantidad de PYMEs, con p\u00e9rdidas de varios miles de puestos de trabajo.<br \/>\n&#8212;&#8212;&#8212;&#8212;&#8212;&#8212;&#8212;&#8212;&#8212;&#8212;<br \/>\nBAE \/ CueroAm\u00e9rica<\/p>\n<p dir=\"ltr\">\u2014\u2014\u2014\u2014\u2014\u2014\u2014\u2014\u2014\u2014\u2014\u2014\u2014\u2014\u2014\u2014\u2014\u2014\u2014\u2014\u2014\u2014\u2014\u2014\u2014\u2014\u2014\u2014\u2014\u2014\u2014\u2014\u2014\u2014\u2014\u2014\u2014\u2014\u2014\u2014\u2014\u2014\u2014\u2014<\/p>\n<p dir=\"ltr\">Para comunicarse con CueroAm\u00e9rica: <span style=\"color: #3366ff;\"><a style=\"color: #3366ff;\" href=\"mailto:contacto@cueroamerica.com\">contacto@cueroamerica.com<\/a><\/span><\/p>\n<table border=\"0\" width=\"460\">\n<tbody>\n<tr>\n<td width=\"300\"><a href=\"http:\/\/www.fimec.com.br\" target=\"_blank\" rel=\"noopener noreferrer\"><img loading=\"lazy\" decoding=\"async\" src=\"\/img\/publicidad\/fimec-2019.gif\" width=\"300\" height=\"200\" \/><\/a><\/td>\n<td width=\"auto\"><a href=\"https:\/\/www.smitzoon.com\/en\/\" target=\"_blank\" rel=\"noopener noreferrer\"><img decoding=\"async\" src=\"\/img\/publicidad\/sz300x200px-multiframe-01.gif\" alt=\"\" width=\"300\" height=\"auto\" \/><\/a><\/td>\n<\/tr>\n<\/tbody>\n<\/table>\n","protected":false},"excerpt":{"rendered":"<p>La empresa de capitales brasile\u00f1os Paquet\u00e1 decidi\u00f3 cerrar su planta ubicada en la ciudad argentina de Chivilcoy, dedicada a producir calzado deportivo Adidas. Las razones son la ca\u00edda de ventas por la baja de la capacidad de consumo local, a lo que se sum\u00f3 la competencia de la apertura de las importaciones. La fabricante brasilera [&hellip;]<\/p>\n","protected":false},"author":4,"featured_media":0,"comment_status":"closed","ping_status":"closed","sticky":false,"template":"","format":"standard","meta":{"footnotes":""},"categories":[80,8,61],"tags":[],"class_list":["post-14313","post","type-post","status-publish","format-standard","hentry","category-crisis","category-empresas-y-negocios","category-noticias-de-america-latina","count-0","even alt","author-","last"],"_links":{"self":[{"href":"http:\/\/cueroamerica.info\/wpnews\/wp-json\/wp\/v2\/posts\/14313","targetHints":{"allow":["GET"]}}],"collection":[{"href":"http:\/\/cueroamerica.info\/wpnews\/wp-json\/wp\/v2\/posts"}],"about":[{"href":"http:\/\/cueroamerica.info\/wpnews\/wp-json\/wp\/v2\/types\/post"}],"author":[{"embeddable":true,"href":"http:\/\/cueroamerica.info\/wpnews\/wp-json\/wp\/v2\/users\/4"}],"replies":[{"embeddable":true,"href":"http:\/\/cueroamerica.info\/wpnews\/wp-json\/wp\/v2\/comments?post=14313"}],"version-history":[{"count":2,"href":"http:\/\/cueroamerica.info\/wpnews\/wp-json\/wp\/v2\/posts\/14313\/revisions"}],"predecessor-version":[{"id":14315,"href":"http:\/\/cueroamerica.info\/wpnews\/wp-json\/wp\/v2\/posts\/14313\/revisions\/14315"}],"wp:attachment":[{"href":"http:\/\/cueroamerica.info\/wpnews\/wp-json\/wp\/v2\/media?parent=14313"}],"wp:term":[{"taxonomy":"category","embeddable":true,"href":"http:\/\/cueroamerica.info\/wpnews\/wp-json\/wp\/v2\/categories?post=14313"},{"taxonomy":"post_tag","embeddable":true,"href":"http:\/\/cueroamerica.info\/wpnews\/wp-json\/wp\/v2\/tags?post=14313"}],"curies":[{"name":"wp","href":"https:\/\/api.w.org\/{rel}","templated":true}]}}