{"id":14316,"date":"2018-12-03T18:44:29","date_gmt":"2018-12-03T18:44:29","guid":{"rendered":"http:\/\/cueroamerica.info\/wpnews\/?p=14316"},"modified":"2018-12-03T18:44:29","modified_gmt":"2018-12-03T18:44:29","slug":"la-omc-alerta-sobre-riesgos-en-puestos-de-trabajo-del-conflicto-de-china-y-ee-uu","status":"publish","type":"post","link":"http:\/\/cueroamerica.info\/wpnews\/2018\/12\/la-omc-alerta-sobre-riesgos-en-puestos-de-trabajo-del-conflicto-de-china-y-ee-uu\/","title":{"rendered":"La OMC alerta sobre riesgos en puestos de trabajo del conflicto de China y EE.UU."},"content":{"rendered":"<p><a href=\"http:\/\/cueroamerica.info\/wpnews\/wp-content\/uploads\/2018\/12\/sede-OMC.jpg\"><img loading=\"lazy\" decoding=\"async\" class=\"alignright wp-image-14306 \" src=\"http:\/\/cueroamerica.info\/wpnews\/wp-content\/uploads\/2018\/12\/sede-OMC-300x203.jpg\" alt=\"\" width=\"245\" height=\"166\" srcset=\"http:\/\/cueroamerica.info\/wpnews\/wp-content\/uploads\/2018\/12\/sede-OMC-300x203.jpg 300w, http:\/\/cueroamerica.info\/wpnews\/wp-content\/uploads\/2018\/12\/sede-OMC.jpg 478w\" sizes=\"auto, (max-width: 245px) 100vw, 245px\" \/><\/a>La Organizaci\u00f3n Mundial del Comercio (OMC) hizo una fuerte advertencia en torno a las posibles consecuencias de la guerra comercial entre China y Estados Unidos. Roberto Azev\u00eado, director general de esta entidad, declar\u00f3 que esta disputa podr\u00eda costar millones de puestos de trabajo en todo el mundo.<\/p>\n<p>Azev\u00eado recalc\u00f3 que las consecuencias a largo plazo de la disputa podr\u00edan ser severas. Advirti\u00f3 que si la tensi\u00f3n comercial entre las dos econom\u00edas m\u00e1s grandes del mundo contin\u00faa y se transforma en \u201cuna guerra comercial completa, global\u201d, las consecuencias incluir\u00e1n la reducci\u00f3n del 17% del volumen global de comercio y la disminuci\u00f3n del 1,9% en el crecimiento econ\u00f3mico.<\/p>\n<div id=\"attachment_14305\" style=\"width: 228px\" class=\"wp-caption alignleft\"><a href=\"http:\/\/cueroamerica.info\/wpnews\/wp-content\/uploads\/2018\/12\/Roberto-Azev\u00eado-director-general-de-la-Organizaci\u00f3n-Mundial-de-Comercio-OMC._4.jpg\"><img loading=\"lazy\" decoding=\"async\" aria-describedby=\"caption-attachment-14305\" class=\" wp-image-14305\" src=\"http:\/\/cueroamerica.info\/wpnews\/wp-content\/uploads\/2018\/12\/Roberto-Azev\u00eado-director-general-de-la-Organizaci\u00f3n-Mundial-de-Comercio-OMC._4-300x235.jpg\" alt=\"\" width=\"218\" height=\"171\" srcset=\"http:\/\/cueroamerica.info\/wpnews\/wp-content\/uploads\/2018\/12\/Roberto-Azev\u00eado-director-general-de-la-Organizaci\u00f3n-Mundial-de-Comercio-OMC._4-300x235.jpg 300w, http:\/\/cueroamerica.info\/wpnews\/wp-content\/uploads\/2018\/12\/Roberto-Azev\u00eado-director-general-de-la-Organizaci\u00f3n-Mundial-de-Comercio-OMC._4-768x600.jpg 768w, http:\/\/cueroamerica.info\/wpnews\/wp-content\/uploads\/2018\/12\/Roberto-Azev\u00eado-director-general-de-la-Organizaci\u00f3n-Mundial-de-Comercio-OMC._4.jpg 802w\" sizes=\"auto, (max-width: 218px) 100vw, 218px\" \/><\/a><p id=\"caption-attachment-14305\" class=\"wp-caption-text\">Roberto Azev\u00eado, director general de la Organizaci\u00f3n Mundial de Comercio (OMC).<\/p><\/div>\n<p>\u201cEstos efectos podr\u00edan causar disrupciones significativas para los trabajadores, empresas y comunidades a medida que se ajustan a la nueva realidad. Potencialmente, millones de trabajadores podr\u00edan necesitar nuevos trabajos, las empresas estar\u00edan buscando nuevos productos y mercados y las comunidades nuevas formas de crecimiento\u201d, explic\u00f3.<\/p>\n<p>Azev\u00eado agreg\u00f3 que \u201cla cuesti\u00f3n no es si el escenario de la guerra comercial podr\u00eda tener un impacto negativo sino cu\u00e1n horribles van a ser los efectos\u201d.<br \/>\n&#8212;&#8212;&#8212;&#8212;&#8212;&#8212;&#8212;&#8212;&#8212;&#8212;&#8212;&#8212;-<br \/>\nLeatherbiz \/ CueroAm\u00e9rica<\/p>\n<p dir=\"ltr\">\u2014\u2014\u2014\u2014\u2014\u2014\u2014\u2014\u2014\u2014\u2014\u2014\u2014\u2014\u2014\u2014\u2014\u2014\u2014\u2014\u2014\u2014\u2014\u2014\u2014\u2014\u2014\u2014\u2014\u2014\u2014\u2014\u2014\u2014\u2014\u2014\u2014\u2014\u2014\u2014\u2014\u2014\u2014\u2014<\/p>\n<p dir=\"ltr\">Para comunicarse con CueroAm\u00e9rica: <span style=\"color: #3366ff;\"><a style=\"color: #3366ff;\" href=\"mailto:contacto@cueroamerica.com\">contacto@cueroamerica.com<\/a><\/span><\/p>\n<table border=\"0\" width=\"460\">\n<tbody>\n<tr>\n<td width=\"300\"><a href=\"http:\/\/bit.ly\/2pJGRot\" target=\"_blank\" rel=\"noopener noreferrer\"><img loading=\"lazy\" decoding=\"async\" src=\"\/img\/publicidad\/lanxess300x200-2018ca2.gif\" width=\"300\" height=\"200\" \/><\/a><\/td>\n<td width=\"171\"><a href=\"http:\/\/www.cueroamerica.info\/sponsors\/dfsudamericana\/\" target=\"_blank\" rel=\"noopener noreferrer\"><img loading=\"lazy\" decoding=\"async\" src=\"http:\/\/www.cueroamerica.info\/img\/publicidad\/dfs2017.gif\" width=\"300\" height=\"200\" border=\"0\" \/><\/a><\/td>\n<\/tr>\n<\/tbody>\n<\/table>\n","protected":false},"excerpt":{"rendered":"<p>La Organizaci\u00f3n Mundial del Comercio (OMC) hizo una fuerte advertencia en torno a las posibles consecuencias de la guerra comercial entre China y Estados Unidos. Roberto Azev\u00eado, director general de esta entidad, declar\u00f3 que esta disputa podr\u00eda costar millones de puestos de trabajo en todo el mundo. Azev\u00eado recalc\u00f3 que las consecuencias a largo plazo [&hellip;]<\/p>\n","protected":false},"author":4,"featured_media":0,"comment_status":"closed","ping_status":"closed","sticky":false,"template":"","format":"standard","meta":{"footnotes":""},"categories":[86,62],"tags":[],"class_list":["post-14316","post","type-post","status-publish","format-standard","hentry","category-noticias-de-america-del-norte","category-noticias-de-asia","count-0","even alt","author-","last"],"_links":{"self":[{"href":"http:\/\/cueroamerica.info\/wpnews\/wp-json\/wp\/v2\/posts\/14316","targetHints":{"allow":["GET"]}}],"collection":[{"href":"http:\/\/cueroamerica.info\/wpnews\/wp-json\/wp\/v2\/posts"}],"about":[{"href":"http:\/\/cueroamerica.info\/wpnews\/wp-json\/wp\/v2\/types\/post"}],"author":[{"embeddable":true,"href":"http:\/\/cueroamerica.info\/wpnews\/wp-json\/wp\/v2\/users\/4"}],"replies":[{"embeddable":true,"href":"http:\/\/cueroamerica.info\/wpnews\/wp-json\/wp\/v2\/comments?post=14316"}],"version-history":[{"count":3,"href":"http:\/\/cueroamerica.info\/wpnews\/wp-json\/wp\/v2\/posts\/14316\/revisions"}],"predecessor-version":[{"id":14319,"href":"http:\/\/cueroamerica.info\/wpnews\/wp-json\/wp\/v2\/posts\/14316\/revisions\/14319"}],"wp:attachment":[{"href":"http:\/\/cueroamerica.info\/wpnews\/wp-json\/wp\/v2\/media?parent=14316"}],"wp:term":[{"taxonomy":"category","embeddable":true,"href":"http:\/\/cueroamerica.info\/wpnews\/wp-json\/wp\/v2\/categories?post=14316"},{"taxonomy":"post_tag","embeddable":true,"href":"http:\/\/cueroamerica.info\/wpnews\/wp-json\/wp\/v2\/tags?post=14316"}],"curies":[{"name":"wp","href":"https:\/\/api.w.org\/{rel}","templated":true}]}}