{"id":14515,"date":"2019-01-11T14:06:38","date_gmt":"2019-01-11T14:06:38","guid":{"rendered":"http:\/\/cueroamerica.info\/wpnews\/?p=14515"},"modified":"2019-01-11T14:25:12","modified_gmt":"2019-01-11T14:25:12","slug":"los-tecnicos-reafirman-los-beneficios-y-cualidades-del-uso-y-produccion-del-cuero","status":"publish","type":"post","link":"http:\/\/cueroamerica.info\/wpnews\/2019\/01\/los-tecnicos-reafirman-los-beneficios-y-cualidades-del-uso-y-produccion-del-cuero\/","title":{"rendered":"Los t\u00e9cnicos reafirman los beneficios y cualidades del uso y producci\u00f3n del cuero"},"content":{"rendered":"<div id=\"attachment_14466\" style=\"width: 218px\" class=\"wp-caption alignright\"><a href=\"http:\/\/cueroamerica.info\/wpnews\/wp-content\/uploads\/2019\/01\/Sala-en-la-que-sesionar\u00e1-el-pr\u00f3ximo-Congreso-de-la-IULTCS-en-Dresden..jpg\"><img loading=\"lazy\" decoding=\"async\" aria-describedby=\"caption-attachment-14466\" class=\" wp-image-14466\" src=\"http:\/\/cueroamerica.info\/wpnews\/wp-content\/uploads\/2019\/01\/Sala-en-la-que-sesionar\u00e1-el-pr\u00f3ximo-Congreso-de-la-IULTCS-en-Dresden.-300x199.jpg\" alt=\"\" width=\"208\" height=\"138\" srcset=\"http:\/\/cueroamerica.info\/wpnews\/wp-content\/uploads\/2019\/01\/Sala-en-la-que-sesionar\u00e1-el-pr\u00f3ximo-Congreso-de-la-IULTCS-en-Dresden.-300x199.jpg 300w, http:\/\/cueroamerica.info\/wpnews\/wp-content\/uploads\/2019\/01\/Sala-en-la-que-sesionar\u00e1-el-pr\u00f3ximo-Congreso-de-la-IULTCS-en-Dresden.-768x510.jpg 768w, http:\/\/cueroamerica.info\/wpnews\/wp-content\/uploads\/2019\/01\/Sala-en-la-que-sesionar\u00e1-el-pr\u00f3ximo-Congreso-de-la-IULTCS-en-Dresden.-1024x680.jpg 1024w, http:\/\/cueroamerica.info\/wpnews\/wp-content\/uploads\/2019\/01\/Sala-en-la-que-sesionar\u00e1-el-pr\u00f3ximo-Congreso-de-la-IULTCS-en-Dresden..jpg 1400w\" sizes=\"auto, (max-width: 208px) 100vw, 208px\" \/><\/a><p id=\"caption-attachment-14466\" class=\"wp-caption-text\">Sala en la que sesionar\u00e1 el pr\u00f3ximo Congreso de la IULTCS en Dresden.<\/p><\/div>\n<div id=\"attachment_14469\" style=\"width: 113px\" class=\"wp-caption alignright\"><a href=\"http:\/\/cueroamerica.info\/wpnews\/wp-content\/uploads\/2019\/01\/Thomas-C.-J.-Yu-actual-presidente-de-la-IULCTS.-_2.jpg\"><img loading=\"lazy\" decoding=\"async\" aria-describedby=\"caption-attachment-14469\" class=\" wp-image-14469\" src=\"http:\/\/cueroamerica.info\/wpnews\/wp-content\/uploads\/2019\/01\/Thomas-C.-J.-Yu-actual-presidente-de-la-IULCTS.-_2-225x300.jpg\" alt=\"\" width=\"103\" height=\"137\" srcset=\"http:\/\/cueroamerica.info\/wpnews\/wp-content\/uploads\/2019\/01\/Thomas-C.-J.-Yu-actual-presidente-de-la-IULCTS.-_2-225x300.jpg 225w, http:\/\/cueroamerica.info\/wpnews\/wp-content\/uploads\/2019\/01\/Thomas-C.-J.-Yu-actual-presidente-de-la-IULCTS.-_2-768x1024.jpg 768w, http:\/\/cueroamerica.info\/wpnews\/wp-content\/uploads\/2019\/01\/Thomas-C.-J.-Yu-actual-presidente-de-la-IULCTS.-_2.jpg 1224w\" sizes=\"auto, (max-width: 103px) 100vw, 103px\" \/><\/a><p id=\"caption-attachment-14469\" class=\"wp-caption-text\">Thomas C. J. Yu, actual presidente de la IULCTS.<\/p><\/div>\n<p>La IULTCS, uni\u00f3n internacional de las sociedades de los t\u00e9cnicos y qu\u00edmicos del cuero, anunci\u00f3 que en su pr\u00f3ximo Congreso realizar\u00e1 una presentaci\u00f3n especial destinada a enviar un mensaje claro y contundente sobre la cuesti\u00f3n ambiental y los beneficios de la industrializaci\u00f3n y el uso del cuero. Este encuentro tendr\u00e1 lugar en Dresde, Alemania, entre el 25 y 28 de junio de 2019.<\/p>\n<p>La declaraci\u00f3n estar\u00e1 destinada especialmente a aclarar dudas, errores y conceptos distorsionados que tanto algunos medios de prensa como ciertas marcas aplican en relaci\u00f3n al cuero.<\/p>\n<div id=\"attachment_14475\" style=\"width: 167px\" class=\"wp-caption alignleft\"><a href=\"http:\/\/cueroamerica.info\/wpnews\/wp-content\/uploads\/2019\/01\/Dietrich-Tegtmeyer-presidente-del-Congreso-de-la-IULTCS.-e1547215058641.jpg\"><img loading=\"lazy\" decoding=\"async\" aria-describedby=\"caption-attachment-14475\" class=\"wp-image-14475 \" src=\"http:\/\/cueroamerica.info\/wpnews\/wp-content\/uploads\/2019\/01\/Dietrich-Tegtmeyer-presidente-del-Congreso-de-la-IULTCS.-e1547215058641-280x300.jpg\" alt=\"\" width=\"157\" height=\"168\" srcset=\"http:\/\/cueroamerica.info\/wpnews\/wp-content\/uploads\/2019\/01\/Dietrich-Tegtmeyer-presidente-del-Congreso-de-la-IULTCS.-e1547215058641-280x300.jpg 280w, http:\/\/cueroamerica.info\/wpnews\/wp-content\/uploads\/2019\/01\/Dietrich-Tegtmeyer-presidente-del-Congreso-de-la-IULTCS.-e1547215058641.jpg 359w\" sizes=\"auto, (max-width: 157px) 100vw, 157px\" \/><\/a><p id=\"caption-attachment-14475\" class=\"wp-caption-text\">Dietrich Tegtmeyer, presidente del Congreso de la IULTCS.<\/p><\/div>\n<p>El anuncio fue realizado durante una conferencia de prensa que tuvo lugar recientemente en Italia. En dicha ocasi\u00f3n, Dietrich Tegtmeyer, ejecutivo de Lanxess y presidente del Congreso IULTCS, dijo que esperaban que representantes de marcas as\u00ed como de diversos medios de comunicaci\u00f3n est\u00e9n presentes durante la sesi\u00f3n.<\/p>\n<p>Tegtmeyer recalc\u00f3 que la reuni\u00f3n \u201ctendr\u00e1 lugar el viernes 28 de junio a la ma\u00f1ana. Trataremos de que la informaci\u00f3n clara y la verdad ayuden a generar un mensaje positivo sobre el cuero, tanto para los medios como para el p\u00fablico en general\u201d.<\/p>\n<p>Actualmente, IULTCS sigue recibiendo propuestas de papers para presentar durante su congreso de 2019. El objetivo de dicho encuentro es promover la cooperaci\u00f3n entre las diversas asociaciones vinculadas a la industria del cuero y fomentar la ciencia y tecnolog\u00eda del cuero.<br \/>\n&#8212;&#8212;&#8212;&#8212;&#8212;&#8212;&#8212;&#8212;&#8212;&#8212;&#8212;&#8212;&#8212;&#8212;&#8212;&#8212;&#8212;&#8212;-<br \/>\nAPLF.com \/ Leatherbiz \/ CueroAm\u00e9rica<\/p>\n<p dir=\"ltr\">\u2014\u2014\u2014\u2014\u2014\u2014\u2014\u2014\u2014\u2014\u2014\u2014\u2014\u2014\u2014\u2014\u2014\u2014\u2014\u2014\u2014\u2014\u2014\u2014\u2014\u2014\u2014\u2014\u2014\u2014\u2014\u2014\u2014\u2014\u2014\u2014\u2014\u2014\u2014\u2014\u2014\u2014\u2014\u2014<\/p>\n<p dir=\"ltr\">Para comunicarse con CueroAm\u00e9rica: <span style=\"color: #3366ff;\"><a style=\"color: #3366ff;\" href=\"mailto:contacto@cueroamerica.com\">contacto@cueroamerica.com<\/a><\/span><\/p>\n<table border=\"0\" width=\"460\">\n<tbody>\n<tr>\n<td width=\"300\"><a href=\"http:\/\/bit.ly\/2pJGRot\" target=\"_blank\" rel=\"noopener noreferrer\"><img loading=\"lazy\" decoding=\"async\" src=\"\/img\/publicidad\/lanxess300x200-2018ca2.gif\" width=\"300\" height=\"200\" \/><\/a><\/td>\n<td width=\"171\"><a href=\"http:\/\/bit.ly\/2pCZjRd\" target=\"_blank\" rel=\"noopener noreferrer\"><img loading=\"lazy\" decoding=\"async\" src=\"\/img\/publicidad\/fa2019banner300x200.jpg\" width=\"300\" height=\"200\" \/><\/a><\/td>\n<\/tr>\n<\/tbody>\n<\/table>\n","protected":false},"excerpt":{"rendered":"<p>La IULTCS, uni\u00f3n internacional de las sociedades de los t\u00e9cnicos y qu\u00edmicos del cuero, anunci\u00f3 que en su pr\u00f3ximo Congreso realizar\u00e1 una presentaci\u00f3n especial destinada a enviar un mensaje claro y contundente sobre la cuesti\u00f3n ambiental y los beneficios de la industrializaci\u00f3n y el uso del cuero. Este encuentro tendr\u00e1 lugar en Dresde, Alemania, entre [&hellip;]<\/p>\n","protected":false},"author":4,"featured_media":0,"comment_status":"closed","ping_status":"closed","sticky":false,"template":"","format":"standard","meta":{"footnotes":""},"categories":[74,65,68],"tags":[],"class_list":["post-14515","post","type-post","status-publish","format-standard","hentry","category-congresos","category-ferias-proximas","category-tecnologia","count-0","even alt","author-","last"],"_links":{"self":[{"href":"http:\/\/cueroamerica.info\/wpnews\/wp-json\/wp\/v2\/posts\/14515","targetHints":{"allow":["GET"]}}],"collection":[{"href":"http:\/\/cueroamerica.info\/wpnews\/wp-json\/wp\/v2\/posts"}],"about":[{"href":"http:\/\/cueroamerica.info\/wpnews\/wp-json\/wp\/v2\/types\/post"}],"author":[{"embeddable":true,"href":"http:\/\/cueroamerica.info\/wpnews\/wp-json\/wp\/v2\/users\/4"}],"replies":[{"embeddable":true,"href":"http:\/\/cueroamerica.info\/wpnews\/wp-json\/wp\/v2\/comments?post=14515"}],"version-history":[{"count":7,"href":"http:\/\/cueroamerica.info\/wpnews\/wp-json\/wp\/v2\/posts\/14515\/revisions"}],"predecessor-version":[{"id":14522,"href":"http:\/\/cueroamerica.info\/wpnews\/wp-json\/wp\/v2\/posts\/14515\/revisions\/14522"}],"wp:attachment":[{"href":"http:\/\/cueroamerica.info\/wpnews\/wp-json\/wp\/v2\/media?parent=14515"}],"wp:term":[{"taxonomy":"category","embeddable":true,"href":"http:\/\/cueroamerica.info\/wpnews\/wp-json\/wp\/v2\/categories?post=14515"},{"taxonomy":"post_tag","embeddable":true,"href":"http:\/\/cueroamerica.info\/wpnews\/wp-json\/wp\/v2\/tags?post=14515"}],"curies":[{"name":"wp","href":"https:\/\/api.w.org\/{rel}","templated":true}]}}