{"id":14559,"date":"2019-01-21T19:24:58","date_gmt":"2019-01-21T19:24:58","guid":{"rendered":"http:\/\/cueroamerica.info\/wpnews\/?p=14559"},"modified":"2019-01-21T19:24:58","modified_gmt":"2019-01-21T19:24:58","slug":"el-calzado-de-valencia-busca-crear-una-etiqueta-que-defina-diversas-virtudes-del-producto","status":"publish","type":"post","link":"http:\/\/cueroamerica.info\/wpnews\/2019\/01\/el-calzado-de-valencia-busca-crear-una-etiqueta-que-defina-diversas-virtudes-del-producto\/","title":{"rendered":"El calzado de Valencia busca crear una etiqueta que defina diversas virtudes del producto"},"content":{"rendered":"<p><div id=\"attachment_14558\" style=\"width: 242px\" class=\"wp-caption alignright\"><a href=\"http:\/\/cueroamerica.info\/wpnews\/wp-content\/uploads\/2019\/01\/F\u00e1brica-de-calzado-de-Valencia-rz.jpg\"><img loading=\"lazy\" decoding=\"async\" aria-describedby=\"caption-attachment-14558\" class=\" wp-image-14558\" src=\"http:\/\/cueroamerica.info\/wpnews\/wp-content\/uploads\/2019\/01\/F\u00e1brica-de-calzado-de-Valencia-rz-300x184.jpg\" alt=\"\" width=\"232\" height=\"142\" srcset=\"http:\/\/cueroamerica.info\/wpnews\/wp-content\/uploads\/2019\/01\/F\u00e1brica-de-calzado-de-Valencia-rz-300x184.jpg 300w, http:\/\/cueroamerica.info\/wpnews\/wp-content\/uploads\/2019\/01\/F\u00e1brica-de-calzado-de-Valencia-rz-768x471.jpg 768w, http:\/\/cueroamerica.info\/wpnews\/wp-content\/uploads\/2019\/01\/F\u00e1brica-de-calzado-de-Valencia-rz.jpg 1000w\" sizes=\"auto, (max-width: 232px) 100vw, 232px\" \/><\/a><p id=\"caption-attachment-14558\" class=\"wp-caption-text\">F\u00e1brica de calzado de Valencia.<\/p><\/div><br \/>\nLa Asociaci\u00f3n Valenciana de Empresarios del Calzado (AVECAL) est\u00e1 trabajando con el Museo Nacional de Calzado de Elda, Espa\u00f1a, para crear una nueva etiqueta que permita a los productores locales de calzado respaldar sus productos que posean cualidades como calidad, confort, sostenibilidad y buenas practicas laborales.<\/p>\n<p>Esta propuesta est\u00e1 avanzando y, de hecho, ya fue presentada a las autoridades regionales. Adem\u00e1s, otras organizaciones ya expresaron su inter\u00e9s en participar del proyecto, como el centro de innovaci\u00f3n y tecnolog\u00eda Inescop y la Federaci\u00f3n de Industrias del Calzado Espa\u00f1ol (FICE).<\/p>\n<div id=\"attachment_14540\" style=\"width: 180px\" class=\"wp-caption alignleft\"><a href=\"http:\/\/cueroamerica.info\/wpnews\/wp-content\/uploads\/2019\/01\/Marian-Cano-presidenta-de-AVECAL_5.-.jpg\"><img loading=\"lazy\" decoding=\"async\" aria-describedby=\"caption-attachment-14540\" class=\" wp-image-14540\" src=\"http:\/\/cueroamerica.info\/wpnews\/wp-content\/uploads\/2019\/01\/Marian-Cano-presidenta-de-AVECAL_5.--260x300.jpg\" alt=\"\" width=\"170\" height=\"196\" srcset=\"http:\/\/cueroamerica.info\/wpnews\/wp-content\/uploads\/2019\/01\/Marian-Cano-presidenta-de-AVECAL_5.--260x300.jpg 260w, http:\/\/cueroamerica.info\/wpnews\/wp-content\/uploads\/2019\/01\/Marian-Cano-presidenta-de-AVECAL_5.-.jpg 377w\" sizes=\"auto, (max-width: 170px) 100vw, 170px\" \/><\/a><p id=\"caption-attachment-14540\" class=\"wp-caption-text\">Marian Cano presidenta de AVECAL.<\/p><\/div>\n<p>El objetivo es que la etiqueta tambi\u00e9n incluya otros factores, como la comodidad, la responsabilidad ambiental y las buenas pr\u00e1cticas sociales y laborales. Esta herramienta estar\u00eda disponible para todos los productores de calzado de Espa\u00f1a, pero, en principio, estar\u00e1 pensada para las empresas de Elda y los alrededores.<\/p>\n<p>AVECAL y el Museo Nacional de Calzado de Elda buscan, mediante esta iniciativa, ayudar a que los productores de calzado sean m\u00e1s competitivos tanto a nivel nacional como internacional.<br \/>\n&#8212;&#8212;&#8212;&#8212;&#8212;&#8212;&#8212;&#8212;&#8212;&#8212;&#8212;&#8212;&#8212;-<br \/>\nFootwearbiz \/ CueroAm\u00e9rica<\/p>\n<p dir=\"ltr\">\u2014\u2014\u2014\u2014\u2014\u2014\u2014\u2014\u2014\u2014\u2014\u2014\u2014\u2014\u2014\u2014\u2014\u2014\u2014\u2014\u2014\u2014\u2014\u2014\u2014\u2014\u2014\u2014\u2014\u2014\u2014\u2014\u2014\u2014\u2014\u2014\u2014\u2014\u2014\u2014\u2014\u2014\u2014\u2014<\/p>\n<p dir=\"ltr\">Para comunicarse con CueroAm\u00e9rica: <span style=\"color: #3366ff;\"><a style=\"color: #3366ff;\" href=\"mailto:contacto@cueroamerica.com\">contacto@cueroamerica.com<\/a><\/span><\/p>\n<table border=\"0\" width=\"460\">\n<tbody>\n<tr>\n<td width=\"300\"><a href=\"http:\/\/www.units.com.ar\/\" target=\"_blank\" rel=\"noopener noreferrer\"><img loading=\"lazy\" decoding=\"async\" src=\"\/sponsors\/units_300x200.gif\" alt=\"\" width=\"300\" height=\"200\" border=\"0\" \/><\/a><\/td>\n<td width=\"171\"><img loading=\"lazy\" decoding=\"async\" src=\"\/img\/publicidad\/lanxess300x200-2018ca.gif\" width=\"300\" height=\"200\" \/><\/td>\n<\/tr>\n<\/tbody>\n<\/table>\n","protected":false},"excerpt":{"rendered":"<p>La Asociaci\u00f3n Valenciana de Empresarios del Calzado (AVECAL) est\u00e1 trabajando con el Museo Nacional de Calzado de Elda, Espa\u00f1a, para crear una nueva etiqueta que permita a los productores locales de calzado respaldar sus productos que posean cualidades como calidad, confort, sostenibilidad y buenas practicas laborales. Esta propuesta est\u00e1 avanzando y, de hecho, ya fue [&hellip;]<\/p>\n","protected":false},"author":4,"featured_media":0,"comment_status":"closed","ping_status":"closed","sticky":false,"template":"","format":"standard","meta":{"footnotes":""},"categories":[59,63],"tags":[],"class_list":["post-14559","post","type-post","status-publish","format-standard","hentry","category-medio-ambiente","category-noticias-de-europa","count-0","even alt","author-","last"],"_links":{"self":[{"href":"http:\/\/cueroamerica.info\/wpnews\/wp-json\/wp\/v2\/posts\/14559","targetHints":{"allow":["GET"]}}],"collection":[{"href":"http:\/\/cueroamerica.info\/wpnews\/wp-json\/wp\/v2\/posts"}],"about":[{"href":"http:\/\/cueroamerica.info\/wpnews\/wp-json\/wp\/v2\/types\/post"}],"author":[{"embeddable":true,"href":"http:\/\/cueroamerica.info\/wpnews\/wp-json\/wp\/v2\/users\/4"}],"replies":[{"embeddable":true,"href":"http:\/\/cueroamerica.info\/wpnews\/wp-json\/wp\/v2\/comments?post=14559"}],"version-history":[{"count":4,"href":"http:\/\/cueroamerica.info\/wpnews\/wp-json\/wp\/v2\/posts\/14559\/revisions"}],"predecessor-version":[{"id":14563,"href":"http:\/\/cueroamerica.info\/wpnews\/wp-json\/wp\/v2\/posts\/14559\/revisions\/14563"}],"wp:attachment":[{"href":"http:\/\/cueroamerica.info\/wpnews\/wp-json\/wp\/v2\/media?parent=14559"}],"wp:term":[{"taxonomy":"category","embeddable":true,"href":"http:\/\/cueroamerica.info\/wpnews\/wp-json\/wp\/v2\/categories?post=14559"},{"taxonomy":"post_tag","embeddable":true,"href":"http:\/\/cueroamerica.info\/wpnews\/wp-json\/wp\/v2\/tags?post=14559"}],"curies":[{"name":"wp","href":"https:\/\/api.w.org\/{rel}","templated":true}]}}