{"id":14567,"date":"2019-01-21T19:36:24","date_gmt":"2019-01-21T19:36:24","guid":{"rendered":"http:\/\/cueroamerica.info\/wpnews\/?p=14567"},"modified":"2019-01-21T19:36:24","modified_gmt":"2019-01-21T19:36:24","slug":"couromoda-demostro-que-el-mercado-brasilero-comenzo-el-ano-con-actitud-optimista","status":"publish","type":"post","link":"http:\/\/cueroamerica.info\/wpnews\/2019\/01\/couromoda-demostro-que-el-mercado-brasilero-comenzo-el-ano-con-actitud-optimista\/","title":{"rendered":"Couromoda demostr\u00f3 que el mercado brasilero comenz\u00f3 el a\u00f1o con actitud optimista"},"content":{"rendered":"<p><a href=\"http:\/\/cueroamerica.info\/wpnews\/wp-content\/uploads\/2019\/01\/25909275628_3019d0355c_z.jpg\"><img loading=\"lazy\" decoding=\"async\" class=\"alignleft wp-image-14548\" src=\"http:\/\/cueroamerica.info\/wpnews\/wp-content\/uploads\/2019\/01\/25909275628_3019d0355c_z-300x200.jpg\" alt=\"\" width=\"242\" height=\"161\" srcset=\"http:\/\/cueroamerica.info\/wpnews\/wp-content\/uploads\/2019\/01\/25909275628_3019d0355c_z-300x200.jpg 300w, http:\/\/cueroamerica.info\/wpnews\/wp-content\/uploads\/2019\/01\/25909275628_3019d0355c_z.jpg 640w\" sizes=\"auto, (max-width: 242px) 100vw, 242px\" \/><\/a>La 46\u00aa edici\u00f3n de la feria Couromoda, que present\u00f3 las nuevas colecciones de las industrias brasileras del calzado y la marroquiner\u00eda, logro cumplir su gran objetivo como propulsora de los negocios del sector para la temporada oto\u00f1o \/ invierno. Heitor Klein, que resalt\u00f3 tambi\u00e9n el clima de optimismo en los corredores y c\u00f3mo el hecho puede tener influencia positiva en las ventas de calzados en este primer semestre del a\u00f1o.<\/p>\n<p>La feria Couromoda, considerada una de las m\u00e1s importantes del mundo para lanzamientos de colecciones para oto\u00f1o \/ invierno se realiz\u00f3 entre el 14 y el 17 de enero en San Pablo, Brasil.<\/p>\n<p><a href=\"http:\/\/cueroamerica.info\/wpnews\/wp-content\/uploads\/2019\/01\/46044076214_5434bf57b8_z.jpg\"><img loading=\"lazy\" decoding=\"async\" class=\"alignright wp-image-14551\" src=\"http:\/\/cueroamerica.info\/wpnews\/wp-content\/uploads\/2019\/01\/46044076214_5434bf57b8_z-300x200.jpg\" alt=\"\" width=\"242\" height=\"161\" srcset=\"http:\/\/cueroamerica.info\/wpnews\/wp-content\/uploads\/2019\/01\/46044076214_5434bf57b8_z-300x200.jpg 300w, http:\/\/cueroamerica.info\/wpnews\/wp-content\/uploads\/2019\/01\/46044076214_5434bf57b8_z.jpg 640w\" sizes=\"auto, (max-width: 242px) 100vw, 242px\" \/><\/a>Para Klein, presidente ejecutivo de la Asociaci\u00f3n Brasilera de las Industrias de Calzados (Abical\u00e7ados), Couromoda dio un puntapi\u00e9 inicial positivo para 2019, a\u00f1o que debe ser de reanudaci\u00f3n de las ventas, especialmente a partir de la segunda parte del a\u00f1o. \u00abCreemos que el nuevo momento econ\u00f3mico -destac\u00f3-, se reflejar\u00e1 en la mejora gradual de las ventas, con la recuperaci\u00f3n de la demanda dom\u00e9stica\u00bb.<\/p>\n<p>Seg\u00fan el informe de Abical\u00e7ados, en 2018, a pesar de la recuperaci\u00f3n del comercio minorista del sector en los \u00faltimos tres meses del a\u00f1o, el desempe\u00f1o en el acumulado termin\u00f3 empatado con 2017. Estiman que esto fue el reflejo de diversas situaciones ajenas al sector y a su mercado, pero que impactaron negativamente en las ventas.<\/p>\n<p><a href=\"http:\/\/cueroamerica.info\/wpnews\/wp-content\/uploads\/2019\/01\/28003106759_264976378b_z.jpg\"><img loading=\"lazy\" decoding=\"async\" class=\"alignleft wp-image-14549\" src=\"http:\/\/cueroamerica.info\/wpnews\/wp-content\/uploads\/2019\/01\/28003106759_264976378b_z-300x200.jpg\" alt=\"\" width=\"242\" height=\"161\" srcset=\"http:\/\/cueroamerica.info\/wpnews\/wp-content\/uploads\/2019\/01\/28003106759_264976378b_z-300x200.jpg 300w, http:\/\/cueroamerica.info\/wpnews\/wp-content\/uploads\/2019\/01\/28003106759_264976378b_z.jpg 640w\" sizes=\"auto, (max-width: 242px) 100vw, 242px\" \/><\/a>\u00abEl optimismo visto en Couromoda es un combustible m\u00e1s para el desempe\u00f1o del sector, aunque dependemos de factores de confirmaci\u00f3n de la recuperaci\u00f3n de la demanda interna\u00bb, agreg\u00f3 Klein.<\/p>\n<p>Por su parte, el director de Couromoda, Jeferson Santos, destac\u00f3 que la feria fue superior a la del a\u00f1o pasado, especialmente por la efectividad de las negociaciones concretadas en los stands. La visita fue estable, en unas 30 mil personas, de las cuales 2.000 fueron compradores del exterior.<\/p>\n<p><a href=\"http:\/\/cueroamerica.info\/wpnews\/wp-content\/uploads\/2019\/01\/28003110159_59a2d22074_z.jpg\"><img loading=\"lazy\" decoding=\"async\" class=\"alignright wp-image-14550\" src=\"http:\/\/cueroamerica.info\/wpnews\/wp-content\/uploads\/2019\/01\/28003110159_59a2d22074_z-300x200.jpg\" alt=\"\" width=\"242\" height=\"161\" srcset=\"http:\/\/cueroamerica.info\/wpnews\/wp-content\/uploads\/2019\/01\/28003110159_59a2d22074_z-300x200.jpg 300w, http:\/\/cueroamerica.info\/wpnews\/wp-content\/uploads\/2019\/01\/28003110159_59a2d22074_z.jpg 640w\" sizes=\"auto, (max-width: 242px) 100vw, 242px\" \/><\/a>Santos destac\u00f3 el retorno de grandes compradores locales, que hace algunos a\u00f1os no visitaban la muestra paulista. \u00abLas negociaciones se produjeron en gran volumen, especialmente para la pronta entrega. Los expositores que se prepararon cosecharon buenos resultados, principalmente porque los compradores vinieron a reponer existencias de un buen final de a\u00f1o\u00bb, sostuvo.<\/p>\n<p>En el \u00e1rea internacional, Santos se\u00f1al\u00f3 la presencia de grandes importadores, especialmente de Estados Unidos, que est\u00e1n previendo problemas de precios en las importaciones de calzado chino por los aranceles impuestos por su pa\u00eds.<\/p>\n<p>El clima de optimismo registrado tambi\u00e9n proporcion\u00f3 una meta de crecimiento para la feria en 2020 que, seg\u00fan el empresario podr\u00eda ser un 15% mayor. \u00abYa estamos saliendo de aqu\u00ed con una renovaci\u00f3n de cerca del 60% de los espacios\u00bb, asegur\u00f3.<\/p>\n<p><a href=\"http:\/\/cueroamerica.info\/wpnews\/wp-content\/uploads\/2019\/01\/46769246401_a7a546f625_z.jpg\"><img loading=\"lazy\" decoding=\"async\" class=\"alignleft wp-image-14552\" src=\"http:\/\/cueroamerica.info\/wpnews\/wp-content\/uploads\/2019\/01\/46769246401_a7a546f625_z-300x200.jpg\" alt=\"\" width=\"242\" height=\"161\" srcset=\"http:\/\/cueroamerica.info\/wpnews\/wp-content\/uploads\/2019\/01\/46769246401_a7a546f625_z-300x200.jpg 300w, http:\/\/cueroamerica.info\/wpnews\/wp-content\/uploads\/2019\/01\/46769246401_a7a546f625_z.jpg 640w\" sizes=\"auto, (max-width: 242px) 100vw, 242px\" \/><\/a>A diferencia de la feria del a\u00f1o pasado, en que gravit\u00f3 m\u00e1s el mercado externo, el resultado m\u00e1s positivo esta vez estuvo para las ventas dom\u00e9sticas. Teniendo en cuenta que el fin de 2018 fue prometedor para el comercio minorista, los expositores resaltaron el incremento en los negocios locales.<\/p>\n<p>Algunos expositotes consultados, como S\u00e9rgio Melo Bisotto, gerente comercial de Via Uno, como Jairson Franchini, superintendente comercial de Radam\u00e9s, destacaron que las ventas para el mercado dom\u00e9stico concretadas en la feria fueron netamente superiores a los registros de la Couromoda de 2018. Mencionaron tambi\u00e9n los buenos contactos realizados que brindar\u00e1n nuevos negocios durante el resto del a\u00f1o.<\/p>\n<p>Abical\u00e7ados estuvo en la muestra con stand institucional y proyectos de promoci\u00f3n de imagen y comercial. El proyecto Comprador Vip, realizado en asociaci\u00f3n con la oficina de la Agencia Brasile\u00f1a de Promoci\u00f3n de Exportaciones e Inversiones (Apex-Brasil) de Rusia, debe abrir mercados en Georgia -con el grupo ICR Trade- y en Kazajst\u00e1n -con el grupo Intertop.<\/p>\n<p>El proyecto, realizado a trav\u00e9s del Brazilian Footwear, programa de apoyo a las exportaciones de calzados mantenido en asociaci\u00f3n con Apex-Brasil, trajo a periodistas de relevantes veh\u00edculos segmentados de algunos de los principales mercados del mundo: Italia, Espa\u00f1a, Argentina y Colombia.<br \/>\n&#8212;&#8212;&#8212;&#8212;&#8212;&#8212;&#8212;&#8212;&#8212;&#8212;&#8212;&#8212;&#8212;<br \/>\nAbical\u00e7ados \/ CueroAm\u00e9rica<\/p>\n<p dir=\"ltr\">\u2014\u2014\u2014\u2014\u2014\u2014\u2014\u2014\u2014\u2014\u2014\u2014\u2014\u2014\u2014\u2014\u2014\u2014\u2014\u2014\u2014\u2014\u2014\u2014\u2014\u2014\u2014\u2014\u2014\u2014\u2014\u2014\u2014\u2014\u2014\u2014\u2014\u2014\u2014\u2014\u2014\u2014\u2014\u2014<\/p>\n<p dir=\"ltr\">Para comunicarse con CueroAm\u00e9rica: <span style=\"color: #3366ff;\"><a style=\"color: #3366ff;\" href=\"mailto:contacto@cueroamerica.com\">contacto@cueroamerica.com<\/a><\/span><\/p>\n<table border=\"0\" width=\"460\">\n<tbody>\n<tr>\n<td width=\"300\"><a href=\"http:\/\/www.fimec.com.br\" target=\"_blank\" rel=\"noopener noreferrer\"><img loading=\"lazy\" decoding=\"async\" src=\"\/img\/publicidad\/fimec-2019.gif\" width=\"300\" height=\"200\" \/><\/a><\/td>\n<td width=\"171\"><a href=\"http:\/\/bit.ly\/2p9UM5w\" target=\"_blank\" rel=\"noopener noreferrer\"><img loading=\"lazy\" decoding=\"async\" src=\"\/img\/publicidad\/aplf2019banner_300x200.jpg\" width=\"300\" height=\"200\" \/><\/a><\/td>\n<\/tr>\n<\/tbody>\n<\/table>\n","protected":false},"excerpt":{"rendered":"<p>La 46\u00aa edici\u00f3n de la feria Couromoda, que present\u00f3 las nuevas colecciones de las industrias brasileras del calzado y la marroquiner\u00eda, logro cumplir su gran objetivo como propulsora de los negocios del sector para la temporada oto\u00f1o \/ invierno. Heitor Klein, que resalt\u00f3 tambi\u00e9n el clima de optimismo en los corredores y c\u00f3mo el hecho [&hellip;]<\/p>\n","protected":false},"author":4,"featured_media":0,"comment_status":"closed","ping_status":"closed","sticky":false,"template":"","format":"standard","meta":{"footnotes":""},"categories":[66,60],"tags":[],"class_list":["post-14567","post","type-post","status-publish","format-standard","hentry","category-ferias-realizadas","category-ferias","count-0","even alt","author-","last"],"_links":{"self":[{"href":"http:\/\/cueroamerica.info\/wpnews\/wp-json\/wp\/v2\/posts\/14567","targetHints":{"allow":["GET"]}}],"collection":[{"href":"http:\/\/cueroamerica.info\/wpnews\/wp-json\/wp\/v2\/posts"}],"about":[{"href":"http:\/\/cueroamerica.info\/wpnews\/wp-json\/wp\/v2\/types\/post"}],"author":[{"embeddable":true,"href":"http:\/\/cueroamerica.info\/wpnews\/wp-json\/wp\/v2\/users\/4"}],"replies":[{"embeddable":true,"href":"http:\/\/cueroamerica.info\/wpnews\/wp-json\/wp\/v2\/comments?post=14567"}],"version-history":[{"count":3,"href":"http:\/\/cueroamerica.info\/wpnews\/wp-json\/wp\/v2\/posts\/14567\/revisions"}],"predecessor-version":[{"id":14570,"href":"http:\/\/cueroamerica.info\/wpnews\/wp-json\/wp\/v2\/posts\/14567\/revisions\/14570"}],"wp:attachment":[{"href":"http:\/\/cueroamerica.info\/wpnews\/wp-json\/wp\/v2\/media?parent=14567"}],"wp:term":[{"taxonomy":"category","embeddable":true,"href":"http:\/\/cueroamerica.info\/wpnews\/wp-json\/wp\/v2\/categories?post=14567"},{"taxonomy":"post_tag","embeddable":true,"href":"http:\/\/cueroamerica.info\/wpnews\/wp-json\/wp\/v2\/tags?post=14567"}],"curies":[{"name":"wp","href":"https:\/\/api.w.org\/{rel}","templated":true}]}}