{"id":14779,"date":"2019-03-21T13:45:15","date_gmt":"2019-03-21T13:45:15","guid":{"rendered":"http:\/\/cueroamerica.info\/wpnews\/?p=14779"},"modified":"2019-03-28T12:34:27","modified_gmt":"2019-03-28T12:34:27","slug":"europa-debate-una-nueva-estrategia-para-seguir-siendo-potencia-industrial-en-el-2030","status":"publish","type":"post","link":"http:\/\/cueroamerica.info\/wpnews\/2019\/03\/europa-debate-una-nueva-estrategia-para-seguir-siendo-potencia-industrial-en-el-2030\/","title":{"rendered":"Europa debate una nueva estrategia para seguir siendo potencia industrial en el 2030"},"content":{"rendered":"<p><a href=\"http:\/\/cueroamerica.info\/wpnews\/wp-content\/uploads\/2019\/03\/thiel-vertical-2.jpg\"><img loading=\"lazy\" decoding=\"async\" class=\"alignright wp-image-14754\" src=\"http:\/\/cueroamerica.info\/wpnews\/wp-content\/uploads\/2019\/03\/thiel-vertical-2-228x300.jpg\" alt=\"\" width=\"152\" height=\"200\" srcset=\"http:\/\/cueroamerica.info\/wpnews\/wp-content\/uploads\/2019\/03\/thiel-vertical-2-228x300.jpg 228w, http:\/\/cueroamerica.info\/wpnews\/wp-content\/uploads\/2019\/03\/thiel-vertical-2.jpg 310w\" sizes=\"auto, (max-width: 152px) 100vw, 152px\" \/><\/a>Francia y Alemania acordaron el martes un plan conjunto para la pol\u00edtica industrial en Europa, con el objetivo de ayudar a las empresas locales a competir con sus rivales extranjeros y proteger mejor las tecnolog\u00edas clave de las adquisiciones en el extranjero.<\/p>\n<div id=\"attachment_14755\" style=\"width: 137px\" class=\"wp-caption alignleft\"><a href=\"http:\/\/cueroamerica.info\/wpnews\/wp-content\/uploads\/2019\/03\/Bruno-Le-Maire-ministro-de-Economia-y-Finanzas-de-Francia.-_2-.jpg\"><img loading=\"lazy\" decoding=\"async\" aria-describedby=\"caption-attachment-14755\" class=\" wp-image-14755\" src=\"http:\/\/cueroamerica.info\/wpnews\/wp-content\/uploads\/2019\/03\/Bruno-Le-Maire-ministro-de-Economia-y-Finanzas-de-Francia.-_2-.jpg\" alt=\"\" width=\"127\" height=\"186\" \/><\/a><p id=\"caption-attachment-14755\" class=\"wp-caption-text\">Bruno Le Maire, ministro de Economia y Finanzas de Francia.<\/p><\/div>\n<p>\u00abSi Europa quiere seguir siendo una potencia industrial en 2030 necesita una verdadera pol\u00edtica industrial europea\u00bb, destaca un documento rubricado en 19 de febrero pasado por los ministros de Econom\u00eda de Francia y Alemania, Bruno de Maire y Peter Almainer.<\/p>\n<p>El movimiento se debe a preocupaciones sobre empresas extranjeras, especialmente chinas, que adquieren conocimientos europeos y erosionan la base de fabricaci\u00f3n en la que se basa la mayor parte de la riqueza del continente.<\/p>\n<p>La decisi\u00f3n de Altmaier de moldear activamente la pol\u00edtica industrial marca una clara ruptura con el enfoque tradicional de Alemania para las decisiones de negocios y de mercado.<\/p>\n<div id=\"attachment_14752\" style=\"width: 135px\" class=\"wp-caption alignright\"><a href=\"http:\/\/cueroamerica.info\/wpnews\/wp-content\/uploads\/2019\/03\/Peter-Altmaier-Ministro-Federal-de-Asuntos-Econ\u00f3micos-y-Energ\u00eda-de-Alemania.-.jpg\"><img loading=\"lazy\" decoding=\"async\" aria-describedby=\"caption-attachment-14752\" class=\" wp-image-14752\" src=\"http:\/\/cueroamerica.info\/wpnews\/wp-content\/uploads\/2019\/03\/Peter-Altmaier-Ministro-Federal-de-Asuntos-Econ\u00f3micos-y-Energ\u00eda-de-Alemania.--181x300.jpg\" alt=\"\" width=\"125\" height=\"207\" srcset=\"http:\/\/cueroamerica.info\/wpnews\/wp-content\/uploads\/2019\/03\/Peter-Altmaier-Ministro-Federal-de-Asuntos-Econ\u00f3micos-y-Energ\u00eda-de-Alemania.--181x300.jpg 181w, http:\/\/cueroamerica.info\/wpnews\/wp-content\/uploads\/2019\/03\/Peter-Altmaier-Ministro-Federal-de-Asuntos-Econ\u00f3micos-y-Energ\u00eda-de-Alemania.-.jpg 274w\" sizes=\"auto, (max-width: 125px) 100vw, 125px\" \/><\/a><p id=\"caption-attachment-14752\" class=\"wp-caption-text\">Peter Altmaier, Ministro Federal de Asuntos Econ\u00f3micos y Energ\u00eda de Alemania.<\/p><\/div>\n<p>En el que identifican tres pilares b\u00e1sicos con ese objetivo: en primer lugar, lograr una inversi\u00f3n masiva en el \u00e1rea de la innovaci\u00f3n (con la b\u00fasqueda de la financiaci\u00f3n apropiada), especialmente en Inteligencia Artificial (IA).<\/p>\n<p>La Uni\u00f3n Europea (UE) reconoce que en este sector la regi\u00f3n ha quedado rezagada, y luego modificar la normativa vigente en materia de regulaciones, entre ellas, las pol\u00edticas de competencias, con especial \u00e9nfasis en las relacionadas con las fusiones.<\/p>\n<p>En este sentido, Francia y Alemania propusieron otorgarle al Consejo Europeo, el foro que representa a los gobiernos de la Uni\u00f3n Europea, el derecho de anular algunas decisiones antimonopolio de la Comisi\u00f3n Europea en ciertos \u00abcasos bien definidos\u00bb.<\/p>\n<p><a href=\"http:\/\/cueroamerica.info\/wpnews\/wp-content\/uploads\/2019\/03\/Fab.-calzado-.jpg\"><img loading=\"lazy\" decoding=\"async\" class=\"alignleft wp-image-14760\" src=\"http:\/\/cueroamerica.info\/wpnews\/wp-content\/uploads\/2019\/03\/Fab.-calzado--300x237.jpg\" alt=\"\" width=\"213\" height=\"168\" srcset=\"http:\/\/cueroamerica.info\/wpnews\/wp-content\/uploads\/2019\/03\/Fab.-calzado--300x237.jpg 300w, http:\/\/cueroamerica.info\/wpnews\/wp-content\/uploads\/2019\/03\/Fab.-calzado-.jpg 450w\" sizes=\"auto, (max-width: 213px) 100vw, 213px\" \/><\/a>Berl\u00edn y Par\u00eds quieren revisar las reglas de fusi\u00f3n de la UE tras el veto de la Comisi\u00f3n Europea de los esfuerzos de Siemens y Alstom para crear un conglomerado ferroviario europeo para competir con rivales extranjeros m\u00e1s grandes.<\/p>\n<p>Por \u00faltimo, se propone defender las tecnolog\u00edas, las empresas y los mercados comunitarios con medidas efectivas que, al tiempo de proteger a las industrias europeas, eviten la transferencia tecnol\u00f3gica hacia Asia (China en particular).<br \/>\n&#8212;&#8212;&#8212;&#8212;&#8212;&#8212;&#8212;&#8212;&#8212;&#8212;&#8212;&#8212;&#8212;&#8212;&#8211;<br \/>\nInforme industrial \/ CueroAm\u00e9rica<\/p>\n<p dir=\"ltr\">\u2014\u2014\u2014\u2014\u2014\u2014\u2014\u2014\u2014\u2014\u2014\u2014\u2014\u2014\u2014\u2014\u2014\u2014\u2014\u2014\u2014\u2014\u2014\u2014\u2014\u2014\u2014\u2014\u2014\u2014\u2014\u2014\u2014\u2014\u2014\u2014\u2014\u2014\u2014\u2014\u2014\u2014\u2014\u2014<\/p>\n<p dir=\"ltr\">Para comunicarse con CueroAm\u00e9rica: <span style=\"color: #3366ff;\"><a style=\"color: #3366ff;\" href=\"mailto:contacto@cueroamerica.com\">contacto@cueroamerica.com<\/a><\/span><\/p>\n<table border=\"0\" width=\"460\">\n<tbody>\n<tr>\n<td width=\"300\"><a href=\"http:\/\/bit.ly\/2pJGRot\" target=\"_blank\" rel=\"noopener noreferrer\"><img loading=\"lazy\" decoding=\"async\" src=\"\/img\/publicidad\/lanxess300x200-2018ca2.gif\" width=\"300\" height=\"200\" \/><\/a><\/td>\n<td width=\"171\"><a href=\"http:\/\/bit.ly\/2p9UM5w\" target=\"_blank\" rel=\"noopener noreferrer\"><img loading=\"lazy\" decoding=\"async\" src=\"\/img\/publicidad\/aplf2019_300x200pxH_EN.JPG\" width=\"300\" height=\"200\" \/><\/a><\/td>\n<\/tr>\n<\/tbody>\n<\/table>\n","protected":false},"excerpt":{"rendered":"<p>Francia y Alemania acordaron el martes un plan conjunto para la pol\u00edtica industrial en Europa, con el objetivo de ayudar a las empresas locales a competir con sus rivales extranjeros y proteger mejor las tecnolog\u00edas clave de las adquisiciones en el extranjero. \u00abSi Europa quiere seguir siendo una potencia industrial en 2030 necesita una verdadera [&hellip;]<\/p>\n","protected":false},"author":4,"featured_media":0,"comment_status":"closed","ping_status":"closed","sticky":false,"template":"","format":"standard","meta":{"footnotes":""},"categories":[70,63],"tags":[],"class_list":["post-14779","post","type-post","status-publish","format-standard","hentry","category-mercados","category-noticias-de-europa","count-0","even alt","author-","last"],"_links":{"self":[{"href":"http:\/\/cueroamerica.info\/wpnews\/wp-json\/wp\/v2\/posts\/14779","targetHints":{"allow":["GET"]}}],"collection":[{"href":"http:\/\/cueroamerica.info\/wpnews\/wp-json\/wp\/v2\/posts"}],"about":[{"href":"http:\/\/cueroamerica.info\/wpnews\/wp-json\/wp\/v2\/types\/post"}],"author":[{"embeddable":true,"href":"http:\/\/cueroamerica.info\/wpnews\/wp-json\/wp\/v2\/users\/4"}],"replies":[{"embeddable":true,"href":"http:\/\/cueroamerica.info\/wpnews\/wp-json\/wp\/v2\/comments?post=14779"}],"version-history":[{"count":8,"href":"http:\/\/cueroamerica.info\/wpnews\/wp-json\/wp\/v2\/posts\/14779\/revisions"}],"predecessor-version":[{"id":14810,"href":"http:\/\/cueroamerica.info\/wpnews\/wp-json\/wp\/v2\/posts\/14779\/revisions\/14810"}],"wp:attachment":[{"href":"http:\/\/cueroamerica.info\/wpnews\/wp-json\/wp\/v2\/media?parent=14779"}],"wp:term":[{"taxonomy":"category","embeddable":true,"href":"http:\/\/cueroamerica.info\/wpnews\/wp-json\/wp\/v2\/categories?post=14779"},{"taxonomy":"post_tag","embeddable":true,"href":"http:\/\/cueroamerica.info\/wpnews\/wp-json\/wp\/v2\/tags?post=14779"}],"curies":[{"name":"wp","href":"https:\/\/api.w.org\/{rel}","templated":true}]}}