{"id":14790,"date":"2019-03-21T13:58:58","date_gmt":"2019-03-21T13:58:58","guid":{"rendered":"http:\/\/cueroamerica.info\/wpnews\/?p=14790"},"modified":"2019-03-21T13:58:58","modified_gmt":"2019-03-21T13:58:58","slug":"honda-busca-aplicar-en-sus-autos-un-cuero-con-circuitos-electronicos-que-den-datos","status":"publish","type":"post","link":"http:\/\/cueroamerica.info\/wpnews\/2019\/03\/honda-busca-aplicar-en-sus-autos-un-cuero-con-circuitos-electronicos-que-den-datos\/","title":{"rendered":"Honda busca aplicar en sus autos un cuero con circuitos electr\u00f3nicos que den datos"},"content":{"rendered":"<p><a href=\"http:\/\/cueroamerica.info\/wpnews\/wp-content\/uploads\/2019\/03\/descarga-Copy.jpg\"><img loading=\"lazy\" decoding=\"async\" class=\"alignleft wp-image-14793\" src=\"http:\/\/cueroamerica.info\/wpnews\/wp-content\/uploads\/2019\/03\/descarga-Copy.jpg\" alt=\"\" width=\"237\" height=\"133\" \/><\/a>La empresa de autom\u00f3viles Honda apuesta a incluir \u201ccuero inteligente\u201d en sus modelos de veh\u00edculos m\u00e1s recientes. La compa\u00f1\u00eda japonesa present\u00f3 en Estados Unidos una aplicaci\u00f3n para patentar lo que llam\u00f3 \u201ccuero inteligente funcional\u201d, que contendr\u00eda capas con circuitos electr\u00f3nicos que se podr\u00edan usar con diversos fines.<\/p>\n<p>Por ejemplo, el cuero podr\u00eda llevar luces LED que se usar\u00edan para mostrar la velocidad del veh\u00edculo en un tablero del auto, tecnolog\u00eda para medir las funciones biom\u00e9tricas del conductor y as\u00ed registrar su nivel de alerta, o un sistema que autom\u00e1ticamente llame a Emergencias en caso de accidente e informe los signos vitales de las personas que est\u00e1n en el auto.<\/p>\n<p><a href=\"http:\/\/cueroamerica.info\/wpnews\/wp-content\/uploads\/2019\/03\/2019-honda-accord-interior-leather-seats1.jpg\"><img loading=\"lazy\" decoding=\"async\" class=\"wp-image-14792 alignright\" src=\"http:\/\/cueroamerica.info\/wpnews\/wp-content\/uploads\/2019\/03\/2019-honda-accord-interior-leather-seats1-300x169.jpg\" alt=\"\" width=\"231\" height=\"130\" srcset=\"http:\/\/cueroamerica.info\/wpnews\/wp-content\/uploads\/2019\/03\/2019-honda-accord-interior-leather-seats1-300x169.jpg 300w, http:\/\/cueroamerica.info\/wpnews\/wp-content\/uploads\/2019\/03\/2019-honda-accord-interior-leather-seats1-768x432.jpg 768w, http:\/\/cueroamerica.info\/wpnews\/wp-content\/uploads\/2019\/03\/2019-honda-accord-interior-leather-seats1-1024x576.jpg 1024w, http:\/\/cueroamerica.info\/wpnews\/wp-content\/uploads\/2019\/03\/2019-honda-accord-interior-leather-seats1.jpg 1100w\" sizes=\"auto, (max-width: 231px) 100vw, 231px\" \/><\/a>La patente solicitada por Honda incluye m\u00faltiples m\u00e9todos para producir este \u201ccuero inteligente\u201d. Un m\u00e9todo abarca la aplicaci\u00f3n de un circuito electr\u00f3nico a una capa de cuero que se ubica sobre la superficie del veh\u00edculo, y otro incluye la adhesi\u00f3n de una fuente de luz, un sensor y un transmisor inal\u00e1mbrico.<\/p>\n<p>Los especialistas afirman que es dif\u00edcil pensar que estas tecnolog\u00edas se apliquen en los autos en el corto plazo, pero s\u00ed es muy probable que con el tiempo Honda logre cumplir estos objetivos<br \/>\n&#8212;&#8212;&#8212;&#8212;&#8212;&#8212;&#8212;&#8212;&#8212;&#8212;&#8212;&#8212;-<br \/>\nAPLF.com \/ CueroAm\u00e9rica<\/p>\n<p dir=\"ltr\">\u2014\u2014\u2014\u2014\u2014\u2014\u2014\u2014\u2014\u2014\u2014\u2014\u2014\u2014\u2014\u2014\u2014\u2014\u2014\u2014\u2014\u2014\u2014\u2014\u2014\u2014\u2014\u2014\u2014\u2014\u2014\u2014\u2014\u2014\u2014\u2014\u2014\u2014\u2014\u2014\u2014\u2014\u2014\u2014<\/p>\n<p dir=\"ltr\">Para comunicarse con CueroAm\u00e9rica: <span style=\"color: #3366ff;\"><a style=\"color: #3366ff;\" href=\"mailto:contacto@cueroamerica.com\">contacto@cueroamerica.com<\/a><\/span><\/p>\n<table border=\"0\" width=\"460\">\n<tbody>\n<tr>\n<td width=\"300\"><a href=\"https:\/\/www.francal.com.br\/\" target=\"_blank\" rel=\"noopener noreferrer\"><img loading=\"lazy\" decoding=\"async\" src=\"\/sponsors\/francal\/francal2019_banner_cueroamerica_300x200px_esp.png\" width=\"300\" height=\"200\" \/><\/a><\/td>\n<td width=\"171\"><a href=\"http:\/\/bit.ly\/2pJGRot\" target=\"_blank\" rel=\"noopener noreferrer\"><img loading=\"lazy\" decoding=\"async\" src=\"\/img\/publicidad\/lanxess300x200-2018ca2.gif\" width=\"300\" height=\"200\" \/><\/a><\/td>\n<\/tr>\n<\/tbody>\n<\/table>\n","protected":false},"excerpt":{"rendered":"<p>La empresa de autom\u00f3viles Honda apuesta a incluir \u201ccuero inteligente\u201d en sus modelos de veh\u00edculos m\u00e1s recientes. La compa\u00f1\u00eda japonesa present\u00f3 en Estados Unidos una aplicaci\u00f3n para patentar lo que llam\u00f3 \u201ccuero inteligente funcional\u201d, que contendr\u00eda capas con circuitos electr\u00f3nicos que se podr\u00edan usar con diversos fines. Por ejemplo, el cuero podr\u00eda llevar luces LED [&hellip;]<\/p>\n","protected":false},"author":4,"featured_media":0,"comment_status":"closed","ping_status":"closed","sticky":false,"template":"","format":"standard","meta":{"footnotes":""},"categories":[8,68],"tags":[],"class_list":["post-14790","post","type-post","status-publish","format-standard","hentry","category-empresas-y-negocios","category-tecnologia","count-0","even alt","author-","last"],"_links":{"self":[{"href":"http:\/\/cueroamerica.info\/wpnews\/wp-json\/wp\/v2\/posts\/14790","targetHints":{"allow":["GET"]}}],"collection":[{"href":"http:\/\/cueroamerica.info\/wpnews\/wp-json\/wp\/v2\/posts"}],"about":[{"href":"http:\/\/cueroamerica.info\/wpnews\/wp-json\/wp\/v2\/types\/post"}],"author":[{"embeddable":true,"href":"http:\/\/cueroamerica.info\/wpnews\/wp-json\/wp\/v2\/users\/4"}],"replies":[{"embeddable":true,"href":"http:\/\/cueroamerica.info\/wpnews\/wp-json\/wp\/v2\/comments?post=14790"}],"version-history":[{"count":4,"href":"http:\/\/cueroamerica.info\/wpnews\/wp-json\/wp\/v2\/posts\/14790\/revisions"}],"predecessor-version":[{"id":14797,"href":"http:\/\/cueroamerica.info\/wpnews\/wp-json\/wp\/v2\/posts\/14790\/revisions\/14797"}],"wp:attachment":[{"href":"http:\/\/cueroamerica.info\/wpnews\/wp-json\/wp\/v2\/media?parent=14790"}],"wp:term":[{"taxonomy":"category","embeddable":true,"href":"http:\/\/cueroamerica.info\/wpnews\/wp-json\/wp\/v2\/categories?post=14790"},{"taxonomy":"post_tag","embeddable":true,"href":"http:\/\/cueroamerica.info\/wpnews\/wp-json\/wp\/v2\/tags?post=14790"}],"curies":[{"name":"wp","href":"https:\/\/api.w.org\/{rel}","templated":true}]}}