{"id":14865,"date":"2019-04-08T15:35:26","date_gmt":"2019-04-08T15:35:26","guid":{"rendered":"http:\/\/cueroamerica.info\/wpnews\/?p=14865"},"modified":"2019-04-08T15:35:26","modified_gmt":"2019-04-08T15:35:26","slug":"la-industria-colombiana-tuvo-en-bogota-una-nueva-edicion-de-los-salones-ifls-eici","status":"publish","type":"post","link":"http:\/\/cueroamerica.info\/wpnews\/2019\/04\/la-industria-colombiana-tuvo-en-bogota-una-nueva-edicion-de-los-salones-ifls-eici\/","title":{"rendered":"La industria colombiana tuvo en Bogot\u00e1 una nueva edici\u00f3n de los salones IFLS + EICI"},"content":{"rendered":"<p>Entre el 5 y 7 febrero de 2019 se realiz\u00f3 una nueva edici\u00f3n de IFLS + EICI en Bogot\u00e1, Colombia. International Footwear and Leather Show (IFLS) es una exhibici\u00f3n de calzado, marroquiner\u00eda e indumentaria de cuero, mientras que EICI se centra en cuero, insumos, maquinaria, tecnolog\u00eda y servicios. Los organizadores informaron la presencia de 427 expositores que recibieron a m\u00e1s de 11.000 visitantes.<\/p>\n<table>\n<tbody>\n<tr>\n<td><a href=\"http:\/\/cueroamerica.info\/wpnews\/wp-content\/uploads\/2019\/04\/cfe4.jpg\"><img decoding=\"async\" class=\"aligncenter size-medium wp-image-14858\" src=\"http:\/\/cueroamerica.info\/wpnews\/wp-content\/uploads\/2019\/04\/cfe4-300x155.jpg\" alt=\"\" width=\"auto\" height=\"105\" srcset=\"http:\/\/cueroamerica.info\/wpnews\/wp-content\/uploads\/2019\/04\/cfe4-300x155.jpg 300w, http:\/\/cueroamerica.info\/wpnews\/wp-content\/uploads\/2019\/04\/cfe4-768x397.jpg 768w, http:\/\/cueroamerica.info\/wpnews\/wp-content\/uploads\/2019\/04\/cfe4.jpg 1024w\" sizes=\"(max-width: 300px) 100vw, 300px\" \/><\/a><\/td>\n<td><a href=\"http:\/\/cueroamerica.info\/wpnews\/wp-content\/uploads\/2019\/04\/1.-IFLSEICI.jpg\"><img decoding=\"async\" class=\"aligncenter size-medium wp-image-14859\" src=\"http:\/\/cueroamerica.info\/wpnews\/wp-content\/uploads\/2019\/04\/1.-IFLSEICI-300x155.jpg\" alt=\"\" width=\"auto\" height=\"105\" srcset=\"http:\/\/cueroamerica.info\/wpnews\/wp-content\/uploads\/2019\/04\/1.-IFLSEICI-300x155.jpg 300w, http:\/\/cueroamerica.info\/wpnews\/wp-content\/uploads\/2019\/04\/1.-IFLSEICI-768x397.jpg 768w, http:\/\/cueroamerica.info\/wpnews\/wp-content\/uploads\/2019\/04\/1.-IFLSEICI.jpg 1024w\" sizes=\"(max-width: 300px) 100vw, 300px\" \/><\/a><\/td>\n<td><a href=\"http:\/\/cueroamerica.info\/wpnews\/wp-content\/uploads\/2019\/04\/IFLS-EICI-destacada.jpg\"><img decoding=\"async\" class=\"aligncenter size-medium wp-image-14855\" src=\"http:\/\/cueroamerica.info\/wpnews\/wp-content\/uploads\/2019\/04\/IFLS-EICI-destacada-300x206.jpg\" alt=\"\" width=\"auto\" height=\"105\" srcset=\"http:\/\/cueroamerica.info\/wpnews\/wp-content\/uploads\/2019\/04\/IFLS-EICI-destacada-300x206.jpg 300w, http:\/\/cueroamerica.info\/wpnews\/wp-content\/uploads\/2019\/04\/IFLS-EICI-destacada.jpg 640w\" sizes=\"(max-width: 300px) 100vw, 300px\" \/><\/a><\/td>\n<\/tr>\n<\/tbody>\n<\/table>\n<p>Las empresas participantes en IFLS exhibieron sus nuevas colecciones con las tendencias en moda y dise\u00f1o de Colombia y de pa\u00edses como M\u00e9xico, Brasil, Italia y China. Por su parte EICI alberga a empresas del sector proveedor de la industria.<\/p>\n<p>Junto a los visitantes locales, industriales y minoristas de todo el pa\u00eds, llegaron a la feria compradores de Brasil, M\u00e9xico, Nicaragua, Portugal, Francia y Espa\u00f1a.<\/p>\n<div id=\"attachment_14854\" style=\"width: 176px\" class=\"wp-caption alignleft\"><a href=\"http:\/\/cueroamerica.info\/wpnews\/wp-content\/uploads\/2019\/04\/Luis-Gustavo-Fl\u00f3rez-presidente-ejecutivo-de-ACICAM._3.jpg\"><img loading=\"lazy\" decoding=\"async\" aria-describedby=\"caption-attachment-14854\" class=\" wp-image-14854\" src=\"http:\/\/cueroamerica.info\/wpnews\/wp-content\/uploads\/2019\/04\/Luis-Gustavo-Fl\u00f3rez-presidente-ejecutivo-de-ACICAM._3-222x300.jpg\" alt=\"\" width=\"166\" height=\"224\" srcset=\"http:\/\/cueroamerica.info\/wpnews\/wp-content\/uploads\/2019\/04\/Luis-Gustavo-Fl\u00f3rez-presidente-ejecutivo-de-ACICAM._3-222x300.jpg 222w, http:\/\/cueroamerica.info\/wpnews\/wp-content\/uploads\/2019\/04\/Luis-Gustavo-Fl\u00f3rez-presidente-ejecutivo-de-ACICAM._3.jpg 263w\" sizes=\"auto, (max-width: 166px) 100vw, 166px\" \/><\/a><p id=\"caption-attachment-14854\" class=\"wp-caption-text\">Luis Gustavo Fl\u00f3rez, presidente ejecutivo de ACICAM.<\/p><\/div>\n<p>En el marco de estas ferias se realizaron una serie de conferencias con temas de actualidad, como las tendencias de moda, las nuevas tecnolog\u00edas y el marketing.<\/p>\n<p>Luis Gustavo Fl\u00f3rez, presidente ejecutivo de la Asociaci\u00f3n Colombiana de Industriales del Calzado, el Cuero y sus Manufacturas (ACICAM), declar\u00f3 que se aprovech\u00f3 la oportunidad para \u201cdestacar el trabajo que est\u00e1n haciendo las compa\u00f1\u00edas colombianas para adaptarse a las demandas del mercado\u201d.<\/p>\n<p>Fl\u00f3rez agreg\u00f3 que las industrias del cuero, calzado y marroquiner\u00eda de Colombia est\u00e1n haciendo un fuerte esfuerzo para reducir su impacto en el medio ambiente, implementando pr\u00e1cticas sostenibles. El directivo enfatiz\u00f3 que la sostenibilidad es una \u201cnecesidad\u201d para la industria del calzado y los consumidores.<br \/>\n&#8212;&#8212;&#8212;&#8212;&#8212;&#8212;&#8212;&#8212;&#8212;&#8212;&#8212;&#8212;&#8211;<br \/>\nFootwearbiz \/ CueroAm\u00e9rica<\/p>\n<p dir=\"ltr\">\u2014\u2014\u2014\u2014\u2014\u2014\u2014\u2014\u2014\u2014\u2014\u2014\u2014\u2014\u2014\u2014\u2014\u2014\u2014\u2014\u2014\u2014\u2014\u2014\u2014\u2014\u2014\u2014\u2014\u2014\u2014\u2014\u2014\u2014\u2014\u2014\u2014\u2014\u2014\u2014\u2014\u2014\u2014\u2014<\/p>\n<p dir=\"ltr\">Para comunicarse con CueroAm\u00e9rica: <span style=\"color: #3366ff;\"><a style=\"color: #3366ff;\" href=\"mailto:contacto@cueroamerica.com\">contacto@cueroamerica.com<\/a><\/span><\/p>\n<table border=\"0\" width=\"460\">\n<tbody>\n<tr>\n<td width=\"300\"><a href=\"https:\/\/www.francal.com.br\/?utm_source=CueroAmerica2019\" target=\"_blank\" rel=\"noopener noreferrer\"><img loading=\"lazy\" decoding=\"async\" src=\"\/sponsors\/francal\/francal2019_banner_cueroamerica_300x200px_esp.png\" width=\"300\" height=\"200\" \/><\/a><\/td>\n<td width=\"171\"><a href=\"http:\/\/bit.ly\/2q2HjkA\" target=\"_blank\" rel=\"noopener noreferrer\"><img loading=\"lazy\" decoding=\"async\" src=\"\/img\/publicidad\/banner_jn-082016.gif\" width=\"300\" height=\"200\" \/><\/a><\/td>\n<\/tr>\n<\/tbody>\n<\/table>\n","protected":false},"excerpt":{"rendered":"<p>Entre el 5 y 7 febrero de 2019 se realiz\u00f3 una nueva edici\u00f3n de IFLS + EICI en Bogot\u00e1, Colombia. International Footwear and Leather Show (IFLS) es una exhibici\u00f3n de calzado, marroquiner\u00eda e indumentaria de cuero, mientras que EICI se centra en cuero, insumos, maquinaria, tecnolog\u00eda y servicios. Los organizadores informaron la presencia de 427 [&hellip;]<\/p>\n","protected":false},"author":4,"featured_media":0,"comment_status":"closed","ping_status":"closed","sticky":false,"template":"","format":"standard","meta":{"footnotes":""},"categories":[66,60],"tags":[],"class_list":["post-14865","post","type-post","status-publish","format-standard","hentry","category-ferias-realizadas","category-ferias","count-0","even alt","author-","last"],"_links":{"self":[{"href":"http:\/\/cueroamerica.info\/wpnews\/wp-json\/wp\/v2\/posts\/14865","targetHints":{"allow":["GET"]}}],"collection":[{"href":"http:\/\/cueroamerica.info\/wpnews\/wp-json\/wp\/v2\/posts"}],"about":[{"href":"http:\/\/cueroamerica.info\/wpnews\/wp-json\/wp\/v2\/types\/post"}],"author":[{"embeddable":true,"href":"http:\/\/cueroamerica.info\/wpnews\/wp-json\/wp\/v2\/users\/4"}],"replies":[{"embeddable":true,"href":"http:\/\/cueroamerica.info\/wpnews\/wp-json\/wp\/v2\/comments?post=14865"}],"version-history":[{"count":5,"href":"http:\/\/cueroamerica.info\/wpnews\/wp-json\/wp\/v2\/posts\/14865\/revisions"}],"predecessor-version":[{"id":14870,"href":"http:\/\/cueroamerica.info\/wpnews\/wp-json\/wp\/v2\/posts\/14865\/revisions\/14870"}],"wp:attachment":[{"href":"http:\/\/cueroamerica.info\/wpnews\/wp-json\/wp\/v2\/media?parent=14865"}],"wp:term":[{"taxonomy":"category","embeddable":true,"href":"http:\/\/cueroamerica.info\/wpnews\/wp-json\/wp\/v2\/categories?post=14865"},{"taxonomy":"post_tag","embeddable":true,"href":"http:\/\/cueroamerica.info\/wpnews\/wp-json\/wp\/v2\/tags?post=14865"}],"curies":[{"name":"wp","href":"https:\/\/api.w.org\/{rel}","templated":true}]}}