{"id":14978,"date":"2019-04-26T13:12:49","date_gmt":"2019-04-26T13:12:49","guid":{"rendered":"http:\/\/cueroamerica.info\/wpnews\/?p=14978"},"modified":"2019-04-26T13:12:49","modified_gmt":"2019-04-26T13:12:49","slug":"la-feria-galery-shoes-sigue-creciendo-en-el-mercado-del-calzado-de-la-union-europea","status":"publish","type":"post","link":"http:\/\/cueroamerica.info\/wpnews\/2019\/04\/la-feria-galery-shoes-sigue-creciendo-en-el-mercado-del-calzado-de-la-union-europea\/","title":{"rendered":"La feria Galery Shoes sigue creciendo en el mercado del calzado de la Uni\u00f3n Europea"},"content":{"rendered":"<p><a href=\"http:\/\/cueroamerica.info\/wpnews\/wp-content\/uploads\/2019\/04\/descarga-e1556284119910.jpg\"><img loading=\"lazy\" decoding=\"async\" class=\"alignright wp-image-14980 size-full\" src=\"http:\/\/cueroamerica.info\/wpnews\/wp-content\/uploads\/2019\/04\/descarga-e1556284119910.jpg\" alt=\"\" width=\"178\" height=\"117\" \/><\/a>Con la presencia de m\u00e1s de 20 pa\u00edses, entre el 10 y 13 de marzo tuvo lugar en D\u00fcsseldorf, Alemania, la nueva edici\u00f3n de Gallery Shoes, la feria internacional de calzado y accesorios.<\/p>\n<p>Los organizadores informaron que en esta \u00faltima edici\u00f3n se presentaron m\u00e1s de 550 marcas de alta calidad y que fue visitada por 9800 visitantes profesionales.<\/p>\n<p>Gallery Shoes cont\u00f3 con seis segmentos: Zona Premium, Zona Contempor\u00e1nea, Zona Urbana, Zona de Ni\u00f1os, Zona de Comfort y Accesorios.<\/p>\n<table>\n<tbody>\n<tr>\n<td><a href=\"http:\/\/cueroamerica.info\/wpnews\/wp-content\/uploads\/2019\/04\/Gallery_SHOES_09.18-117_Fair-Impressions-VS.jpg\"><img decoding=\"async\" class=\"aligncenter size-medium wp-image-14979\" src=\"http:\/\/cueroamerica.info\/wpnews\/wp-content\/uploads\/2019\/04\/Gallery_SHOES_09.18-117_Fair-Impressions-VS-300x225.jpg\" alt=\"\" width=\"auto\" height=\"200\" srcset=\"http:\/\/cueroamerica.info\/wpnews\/wp-content\/uploads\/2019\/04\/Gallery_SHOES_09.18-117_Fair-Impressions-VS-300x225.jpg 300w, http:\/\/cueroamerica.info\/wpnews\/wp-content\/uploads\/2019\/04\/Gallery_SHOES_09.18-117_Fair-Impressions-VS.jpg 360w\" sizes=\"(max-width: 300px) 100vw, 300px\" \/><\/a><\/td>\n<td><a href=\"http:\/\/cueroamerica.info\/wpnews\/wp-content\/uploads\/2019\/04\/Gallery_SHOES_03.19-235_Fair-Impressions.jpg\"><img loading=\"lazy\" decoding=\"async\" class=\"aligncenter size-medium wp-image-14983\" src=\"http:\/\/cueroamerica.info\/wpnews\/wp-content\/uploads\/2019\/04\/Gallery_SHOES_03.19-235_Fair-Impressions-300x200.jpg\" alt=\"\" width=\"300\" height=\"200\" srcset=\"http:\/\/cueroamerica.info\/wpnews\/wp-content\/uploads\/2019\/04\/Gallery_SHOES_03.19-235_Fair-Impressions-300x200.jpg 300w, http:\/\/cueroamerica.info\/wpnews\/wp-content\/uploads\/2019\/04\/Gallery_SHOES_03.19-235_Fair-Impressions-768x512.jpg 768w, http:\/\/cueroamerica.info\/wpnews\/wp-content\/uploads\/2019\/04\/Gallery_SHOES_03.19-235_Fair-Impressions.jpg 975w\" sizes=\"auto, (max-width: 300px) 100vw, 300px\" \/><\/a><\/td>\n<\/tr>\n<\/tbody>\n<\/table>\n<p>Brigitte Wischnewski, Presidenta de la Asociaci\u00f3n Federal de Vendedores Minoristas de Calzado de Alemania, declar\u00f3 durante el evento que Gallery Shoes es un evento obligatorio para los vendedores minoristas de calzado. La directiva incluso invit\u00f3 a los profesionales que todav\u00eda no fueron a que participen en la pr\u00f3xima edici\u00f3n.<\/p>\n<table>\n<tbody>\n<tr>\n<td><a href=\"http:\/\/cueroamerica.info\/wpnews\/wp-content\/uploads\/2019\/04\/Gallery_SHOES_03.19-221_Fair-Impressions-WS.jpg\"><img decoding=\"async\" class=\"aligncenter size-medium wp-image-14982\" src=\"http:\/\/cueroamerica.info\/wpnews\/wp-content\/uploads\/2019\/04\/Gallery_SHOES_03.19-221_Fair-Impressions-WS-300x225.jpg\" alt=\"\" width=\"auto\" height=\"200\" srcset=\"http:\/\/cueroamerica.info\/wpnews\/wp-content\/uploads\/2019\/04\/Gallery_SHOES_03.19-221_Fair-Impressions-WS-300x225.jpg 300w, http:\/\/cueroamerica.info\/wpnews\/wp-content\/uploads\/2019\/04\/Gallery_SHOES_03.19-221_Fair-Impressions-WS.jpg 360w\" sizes=\"(max-width: 300px) 100vw, 300px\" \/><\/a><\/td>\n<td><a href=\"http:\/\/cueroamerica.info\/wpnews\/wp-content\/uploads\/2019\/04\/Gallery_SHOES_03.19-180_Fair-Impressions_1-1.jpg\"><img decoding=\"async\" class=\"aligncenter size-medium wp-image-14981\" src=\"http:\/\/cueroamerica.info\/wpnews\/wp-content\/uploads\/2019\/04\/Gallery_SHOES_03.19-180_Fair-Impressions_1-1-300x225.jpg\" alt=\"\" width=\"auto\" height=\"200\" srcset=\"http:\/\/cueroamerica.info\/wpnews\/wp-content\/uploads\/2019\/04\/Gallery_SHOES_03.19-180_Fair-Impressions_1-1-300x225.jpg 300w, http:\/\/cueroamerica.info\/wpnews\/wp-content\/uploads\/2019\/04\/Gallery_SHOES_03.19-180_Fair-Impressions_1-1.jpg 360w\" sizes=\"(max-width: 300px) 100vw, 300px\" \/><\/a><\/td>\n<\/tr>\n<\/tbody>\n<\/table>\n<p>Durante la feria se organizaron seminarios y conferencias que incluyeron una presentaci\u00f3n de la Asociaci\u00f3n Federal de Calzado y Marroquiner\u00eda de Alemania (HDS\/L). Esta charla se centr\u00f3 en la situaci\u00f3n actual de la industria del calzado en el mercado alem\u00e1n.<\/p>\n<p>Otra conferencia importante fue la de Carola Grummt, directiva de la organizaci\u00f3n de investigaci\u00f3n y certificaci\u00f3n Oeko-Tex, que habl\u00f3 sobre producci\u00f3n sostenible y certificaci\u00f3n de cuero y textiles.<br \/>\n&#8212;&#8212;&#8212;&#8212;&#8212;&#8212;&#8212;&#8212;&#8212;&#8212;&#8212;&#8212;&#8212;&#8212;&#8212;&#8212;&#8212;&#8212;&#8212;&#8212;<br \/>\nFootwearbiz \/ Gallery Shoes \/ CueroAm\u00e9rica<\/p>\n<p dir=\"ltr\">\u2014\u2014\u2014\u2014\u2014\u2014\u2014\u2014\u2014\u2014\u2014\u2014\u2014\u2014\u2014\u2014\u2014\u2014\u2014\u2014\u2014\u2014\u2014\u2014\u2014\u2014\u2014\u2014\u2014\u2014\u2014\u2014\u2014\u2014\u2014\u2014\u2014\u2014\u2014\u2014\u2014\u2014\u2014\u2014<\/p>\n<p dir=\"ltr\">Para comunicarse con CueroAm\u00e9rica: <span style=\"color: #3366ff;\"><a style=\"color: #3366ff;\" href=\"mailto:contacto@cueroamerica.com\">contacto@cueroamerica.com<\/a><\/span><\/p>\n<table border=\"0\" width=\"460\">\n<tbody>\n<tr>\n<td width=\"300\"><a href=\"http:\/\/bit.ly\/2pJGRot\" target=\"_blank\" rel=\"noopener noreferrer\"><img loading=\"lazy\" decoding=\"async\" src=\"\/img\/publicidad\/lanxess300x200-2018ca2.gif\" width=\"300\" height=\"200\" \/><\/a><\/td>\n<td width=\"171\"><a href=\"http:\/\/bit.ly\/2tYQMZ1\" target=\"_blank\" rel=\"noopener noreferrer\"><img loading=\"lazy\" decoding=\"async\" src=\"\/img\/publicidad\/empresrl072017.gif\" alt=\"\" width=\"300\" height=\"200\" \/><\/a><\/td>\n<\/tr>\n<\/tbody>\n<\/table>\n","protected":false},"excerpt":{"rendered":"<p>Con la presencia de m\u00e1s de 20 pa\u00edses, entre el 10 y 13 de marzo tuvo lugar en D\u00fcsseldorf, Alemania, la nueva edici\u00f3n de Gallery Shoes, la feria internacional de calzado y accesorios. Los organizadores informaron que en esta \u00faltima edici\u00f3n se presentaron m\u00e1s de 550 marcas de alta calidad y que fue visitada por [&hellip;]<\/p>\n","protected":false},"author":4,"featured_media":0,"comment_status":"closed","ping_status":"closed","sticky":false,"template":"","format":"standard","meta":{"footnotes":""},"categories":[66,60],"tags":[],"class_list":["post-14978","post","type-post","status-publish","format-standard","hentry","category-ferias-realizadas","category-ferias","count-0","even alt","author-","last"],"_links":{"self":[{"href":"http:\/\/cueroamerica.info\/wpnews\/wp-json\/wp\/v2\/posts\/14978","targetHints":{"allow":["GET"]}}],"collection":[{"href":"http:\/\/cueroamerica.info\/wpnews\/wp-json\/wp\/v2\/posts"}],"about":[{"href":"http:\/\/cueroamerica.info\/wpnews\/wp-json\/wp\/v2\/types\/post"}],"author":[{"embeddable":true,"href":"http:\/\/cueroamerica.info\/wpnews\/wp-json\/wp\/v2\/users\/4"}],"replies":[{"embeddable":true,"href":"http:\/\/cueroamerica.info\/wpnews\/wp-json\/wp\/v2\/comments?post=14978"}],"version-history":[{"count":4,"href":"http:\/\/cueroamerica.info\/wpnews\/wp-json\/wp\/v2\/posts\/14978\/revisions"}],"predecessor-version":[{"id":14987,"href":"http:\/\/cueroamerica.info\/wpnews\/wp-json\/wp\/v2\/posts\/14978\/revisions\/14987"}],"wp:attachment":[{"href":"http:\/\/cueroamerica.info\/wpnews\/wp-json\/wp\/v2\/media?parent=14978"}],"wp:term":[{"taxonomy":"category","embeddable":true,"href":"http:\/\/cueroamerica.info\/wpnews\/wp-json\/wp\/v2\/categories?post=14978"},{"taxonomy":"post_tag","embeddable":true,"href":"http:\/\/cueroamerica.info\/wpnews\/wp-json\/wp\/v2\/tags?post=14978"}],"curies":[{"name":"wp","href":"https:\/\/api.w.org\/{rel}","templated":true}]}}