{"id":15043,"date":"2019-05-06T15:38:56","date_gmt":"2019-05-06T15:38:56","guid":{"rendered":"http:\/\/cueroamerica.info\/wpnews\/?p=15043"},"modified":"2019-05-06T15:38:56","modified_gmt":"2019-05-06T15:38:56","slug":"el-calzado-espanol-tuvo-una-baja-en-sus-exportaciones","status":"publish","type":"post","link":"http:\/\/cueroamerica.info\/wpnews\/2019\/05\/el-calzado-espanol-tuvo-una-baja-en-sus-exportaciones\/","title":{"rendered":"El calzado espa\u00f1ol tuvo una baja en sus exportaciones"},"content":{"rendered":"<div id=\"attachment_15032\" style=\"width: 255px\" class=\"wp-caption alignleft\"><a href=\"http:\/\/cueroamerica.info\/wpnews\/wp-content\/uploads\/2019\/05\/F\u00e1brica-de-calzado-en-Espa\u00f1a_8.jpg\"><img loading=\"lazy\" decoding=\"async\" aria-describedby=\"caption-attachment-15032\" class=\" wp-image-15032\" src=\"http:\/\/cueroamerica.info\/wpnews\/wp-content\/uploads\/2019\/05\/F\u00e1brica-de-calzado-en-Espa\u00f1a_8-300x185.jpg\" alt=\"\" width=\"245\" height=\"151\" srcset=\"http:\/\/cueroamerica.info\/wpnews\/wp-content\/uploads\/2019\/05\/F\u00e1brica-de-calzado-en-Espa\u00f1a_8-300x185.jpg 300w, http:\/\/cueroamerica.info\/wpnews\/wp-content\/uploads\/2019\/05\/F\u00e1brica-de-calzado-en-Espa\u00f1a_8.jpg 579w\" sizes=\"auto, (max-width: 245px) 100vw, 245px\" \/><\/a><p id=\"caption-attachment-15032\" class=\"wp-caption-text\">F\u00e1brica de calzado en Espa\u00f1a.<\/p><\/div>\n<p>La exportaci\u00f3n de calzado de Espa\u00f1a descendi\u00f3 ligeramente en 2018.<br \/>\nEl volumen comercializado descendi\u00f3 4,4%, en tanto que en valor esas ventas cay\u00f3 un 0,6%, en comparaci\u00f3n con el 2017.<\/p>\n<p>Entre enero y diciembre del a\u00f1o pasado los espa\u00f1oles exportaron 141,5 millones de pares, por un monto de \u20ac 2.500 millones. Por su parte en 2018 el precio promedio del calzado exportado aument\u00f3 a \u20ac 17,47 por par, por lo cual mejor\u00f3 3,9% en relaci\u00f3n al a\u00f1o anterior.<\/p>\n<p>Los especialistas comentaron que muchos empresarios del calzado manifestaron su desilusi\u00f3n al observar que cayeron las exportaciones a pa\u00edses clave, como Estados Unidos e Italia. Por otro lado, el valor del calzado exportado a China creci\u00f3 33% en valor.<br \/>\n&#8212;&#8212;&#8212;&#8212;&#8212;&#8212;&#8212;&#8212;&#8212;&#8212;&#8212;<br \/>\nAplf.com \/ CueroAm\u00e9rica<\/p>\n<p dir=\"ltr\">\u2014\u2014\u2014\u2014\u2014\u2014\u2014\u2014\u2014\u2014\u2014\u2014\u2014\u2014\u2014\u2014\u2014\u2014\u2014\u2014\u2014\u2014\u2014\u2014\u2014\u2014\u2014\u2014\u2014\u2014\u2014\u2014\u2014\u2014\u2014\u2014\u2014\u2014\u2014\u2014\u2014\u2014\u2014\u2014<\/p>\n<p dir=\"ltr\">Para comunicarse con CueroAm\u00e9rica: <span style=\"color: #3366ff;\"><a style=\"color: #3366ff;\" href=\"mailto:contacto@cueroamerica.com\">contacto@cueroamerica.com<\/a><\/span><\/p>\n<table border=\"0\" width=\"460\">\n<tbody>\n<tr>\n<td width=\"300\"><a href=\"http:\/\/bit.ly\/2LCK6ZR\" target=\"_blank\" rel=\"noopener noreferrer\"><img decoding=\"async\" src=\"\/img\/publicidad\/sz300x200px-multiframe-01.gif\" alt=\"\" width=\"300\" height=\"auto\" \/><\/a><\/td>\n<td width=\"171\"><a href=\"http:\/\/apps.ubmasia.com\/links\/Show.aspx?sid=1527\" target=\"_blank\" rel=\"noopener noreferrer\"><img loading=\"lazy\" decoding=\"async\" src=\"\/img\/publicidad\/fa20_300x200.JPG\" width=\"300\" height=\"200\" \/><\/a><\/td>\n<\/tr>\n<\/tbody>\n<\/table>\n","protected":false},"excerpt":{"rendered":"<p>La exportaci\u00f3n de calzado de Espa\u00f1a descendi\u00f3 ligeramente en 2018. El volumen comercializado descendi\u00f3 4,4%, en tanto que en valor esas ventas cay\u00f3 un 0,6%, en comparaci\u00f3n con el 2017. Entre enero y diciembre del a\u00f1o pasado los espa\u00f1oles exportaron 141,5 millones de pares, por un monto de \u20ac 2.500 millones. Por su parte en [&hellip;]<\/p>\n","protected":false},"author":4,"featured_media":0,"comment_status":"closed","ping_status":"closed","sticky":false,"template":"","format":"standard","meta":{"footnotes":""},"categories":[43,63],"tags":[],"class_list":["post-15043","post","type-post","status-publish","format-standard","hentry","category-industrias","category-noticias-de-europa","count-0","even alt","author-","last"],"_links":{"self":[{"href":"http:\/\/cueroamerica.info\/wpnews\/wp-json\/wp\/v2\/posts\/15043","targetHints":{"allow":["GET"]}}],"collection":[{"href":"http:\/\/cueroamerica.info\/wpnews\/wp-json\/wp\/v2\/posts"}],"about":[{"href":"http:\/\/cueroamerica.info\/wpnews\/wp-json\/wp\/v2\/types\/post"}],"author":[{"embeddable":true,"href":"http:\/\/cueroamerica.info\/wpnews\/wp-json\/wp\/v2\/users\/4"}],"replies":[{"embeddable":true,"href":"http:\/\/cueroamerica.info\/wpnews\/wp-json\/wp\/v2\/comments?post=15043"}],"version-history":[{"count":2,"href":"http:\/\/cueroamerica.info\/wpnews\/wp-json\/wp\/v2\/posts\/15043\/revisions"}],"predecessor-version":[{"id":15045,"href":"http:\/\/cueroamerica.info\/wpnews\/wp-json\/wp\/v2\/posts\/15043\/revisions\/15045"}],"wp:attachment":[{"href":"http:\/\/cueroamerica.info\/wpnews\/wp-json\/wp\/v2\/media?parent=15043"}],"wp:term":[{"taxonomy":"category","embeddable":true,"href":"http:\/\/cueroamerica.info\/wpnews\/wp-json\/wp\/v2\/categories?post=15043"},{"taxonomy":"post_tag","embeddable":true,"href":"http:\/\/cueroamerica.info\/wpnews\/wp-json\/wp\/v2\/tags?post=15043"}],"curies":[{"name":"wp","href":"https:\/\/api.w.org\/{rel}","templated":true}]}}