{"id":15051,"date":"2019-05-06T15:46:25","date_gmt":"2019-05-06T15:46:25","guid":{"rendered":"http:\/\/cueroamerica.info\/wpnews\/?p=15051"},"modified":"2019-05-06T15:46:25","modified_gmt":"2019-05-06T15:46:25","slug":"la-aplf-organizo-un-nuevo-debate-sobre-sostenibilidad","status":"publish","type":"post","link":"http:\/\/cueroamerica.info\/wpnews\/2019\/05\/la-aplf-organizo-un-nuevo-debate-sobre-sostenibilidad\/","title":{"rendered":"La APLF organiz\u00f3 un nuevo debate sobre sostenibilidad"},"content":{"rendered":"<div id=\"attachment_15030\" style=\"width: 230px\" class=\"wp-caption alignleft\"><a href=\"http:\/\/cueroamerica.info\/wpnews\/wp-content\/uploads\/2019\/05\/El-Dr-Dietrich-Tegtmeyer-de-Lanxess-fue-uno-de-los-expositores.-.jpg\"><img loading=\"lazy\" decoding=\"async\" aria-describedby=\"caption-attachment-15030\" class=\" wp-image-15030\" src=\"http:\/\/cueroamerica.info\/wpnews\/wp-content\/uploads\/2019\/05\/El-Dr-Dietrich-Tegtmeyer-de-Lanxess-fue-uno-de-los-expositores.--279x300.jpg\" alt=\"\" width=\"220\" height=\"237\" srcset=\"http:\/\/cueroamerica.info\/wpnews\/wp-content\/uploads\/2019\/05\/El-Dr-Dietrich-Tegtmeyer-de-Lanxess-fue-uno-de-los-expositores.--279x300.jpg 279w, http:\/\/cueroamerica.info\/wpnews\/wp-content\/uploads\/2019\/05\/El-Dr-Dietrich-Tegtmeyer-de-Lanxess-fue-uno-de-los-expositores.-.jpg 429w\" sizes=\"auto, (max-width: 220px) 100vw, 220px\" \/><\/a><p id=\"caption-attachment-15030\" class=\"wp-caption-text\">El Dr Dietrich Tegtmeyer, de Lanxess fue uno de los expositores.<\/p><\/div>\n<p>Se realiz\u00f3 una nueva edici\u00f3n de Sustainability in the Leather Supply Chain Conference (Conferencia sobre la Sostenibilidad en la Cadena de Suministro del Cuero). Este importante evento tuvo lugar el 14 de marzo, en el marco de la feria APLF en Hong Kong.<\/p>\n<p>Los organizadores de la APLF se\u00f1alaron que su objetivo, al organizar la conferencia, es que el suministro de productos y servicios sostenibles ocupe un lugar destacado en la feria y en la industria.<\/p>\n<p>Sustainability in the Leather Supply Chain Conference se enfoc\u00f3 en los riesgos emergentes para la industria del cuero y c\u00f3mo se los puede enfrentar a trav\u00e9s de la innovaci\u00f3n. Entre los muchos temas tratados estuvieron los materiales reciclados, los desaf\u00edos para cumplir con los qu\u00edmicos permitidos, la sostenibilidad en la producci\u00f3n de extractos para los procesos de curtiembre, el impacto de los precios de la materia prima y la percepci\u00f3n que la Generaci\u00f3n Z tiene del cuero.<\/p>\n<div id=\"attachment_15028\" style=\"width: 190px\" class=\"wp-caption alignright\"><a href=\"http:\/\/cueroamerica.info\/wpnews\/wp-content\/uploads\/2019\/05\/Yves-Morin-durante-su-exposici\u00f3n2.jpg\"><img loading=\"lazy\" decoding=\"async\" aria-describedby=\"caption-attachment-15028\" class=\" wp-image-15028\" src=\"http:\/\/cueroamerica.info\/wpnews\/wp-content\/uploads\/2019\/05\/Yves-Morin-durante-su-exposici\u00f3n2-238x300.jpg\" alt=\"\" width=\"180\" height=\"227\" srcset=\"http:\/\/cueroamerica.info\/wpnews\/wp-content\/uploads\/2019\/05\/Yves-Morin-durante-su-exposici\u00f3n2-238x300.jpg 238w, http:\/\/cueroamerica.info\/wpnews\/wp-content\/uploads\/2019\/05\/Yves-Morin-durante-su-exposici\u00f3n2-768x968.jpg 768w, http:\/\/cueroamerica.info\/wpnews\/wp-content\/uploads\/2019\/05\/Yves-Morin-durante-su-exposici\u00f3n2-812x1024.jpg 812w, http:\/\/cueroamerica.info\/wpnews\/wp-content\/uploads\/2019\/05\/Yves-Morin-durante-su-exposici\u00f3n2.jpg 952w\" sizes=\"auto, (max-width: 180px) 100vw, 180px\" \/><\/a><p id=\"caption-attachment-15028\" class=\"wp-caption-text\">Yves Morin durante su exposici\u00f3n.<\/p><\/div>\n<p>Los temas fueron tratados por diversos expertos de renombre internacional, como Carmen Chan de la iniciativa Cero Descarga de Qu\u00edmicos Peligrosos (ZDHC), John Moraes de Nike y Mike Costello de Stahl. Como siempre, el p\u00fablico tuvo lugar para hacer preguntas de forma directa a los panelistas.<\/p>\n<p>La conferencia cuenta como sponsors oficiales a Silvateam, Stahl y el Consejo Nacional del Cuero de Francia.<br \/>\n&#8212;&#8212;&#8212;&#8212;&#8212;&#8212;&#8212;&#8212;&#8212;&#8212;&#8212;&#8212;&#8212;&#8212;&#8212;&#8212;-<br \/>\nILM \/ BLC Leather \/ CueroAm\u00e9rica<\/p>\n<p dir=\"ltr\">\u2014\u2014\u2014\u2014\u2014\u2014\u2014\u2014\u2014\u2014\u2014\u2014\u2014\u2014\u2014\u2014\u2014\u2014\u2014\u2014\u2014\u2014\u2014\u2014\u2014\u2014\u2014\u2014\u2014\u2014\u2014\u2014\u2014\u2014\u2014\u2014\u2014\u2014\u2014\u2014\u2014\u2014\u2014\u2014<\/p>\n<p dir=\"ltr\">Para comunicarse con CueroAm\u00e9rica: <span style=\"color: #3366ff;\"><a style=\"color: #3366ff;\" href=\"mailto:contacto@cueroamerica.com\">contacto@cueroamerica.com<\/a><\/span><\/p>\n<table border=\"0\" width=\"460\">\n<tbody>\n<tr>\n<td width=\"300\"><a href=\"http:\/\/www.units.com.ar\/\" target=\"_blank\" rel=\"noopener noreferrer\"><img loading=\"lazy\" decoding=\"async\" src=\"\/sponsors\/units_300x200.gif\" alt=\"\" width=\"300\" height=\"200\" border=\"0\" \/><\/a><\/td>\n<td width=\"171\"><a href=\"http:\/\/bit.ly\/2q2HjkA\" target=\"_blank\" rel=\"noopener noreferrer\"><img loading=\"lazy\" decoding=\"async\" src=\"\/img\/publicidad\/banner_jn-082016.gif\" width=\"300\" height=\"200\" \/><\/a><\/td>\n<\/tr>\n<\/tbody>\n<\/table>\n","protected":false},"excerpt":{"rendered":"<p>Se realiz\u00f3 una nueva edici\u00f3n de Sustainability in the Leather Supply Chain Conference (Conferencia sobre la Sostenibilidad en la Cadena de Suministro del Cuero). Este importante evento tuvo lugar el 14 de marzo, en el marco de la feria APLF en Hong Kong. Los organizadores de la APLF se\u00f1alaron que su objetivo, al organizar la [&hellip;]<\/p>\n","protected":false},"author":4,"featured_media":0,"comment_status":"closed","ping_status":"closed","sticky":false,"template":"","format":"standard","meta":{"footnotes":""},"categories":[59],"tags":[],"class_list":["post-15051","post","type-post","status-publish","format-standard","hentry","category-medio-ambiente","count-0","even alt","author-","last"],"_links":{"self":[{"href":"http:\/\/cueroamerica.info\/wpnews\/wp-json\/wp\/v2\/posts\/15051","targetHints":{"allow":["GET"]}}],"collection":[{"href":"http:\/\/cueroamerica.info\/wpnews\/wp-json\/wp\/v2\/posts"}],"about":[{"href":"http:\/\/cueroamerica.info\/wpnews\/wp-json\/wp\/v2\/types\/post"}],"author":[{"embeddable":true,"href":"http:\/\/cueroamerica.info\/wpnews\/wp-json\/wp\/v2\/users\/4"}],"replies":[{"embeddable":true,"href":"http:\/\/cueroamerica.info\/wpnews\/wp-json\/wp\/v2\/comments?post=15051"}],"version-history":[{"count":3,"href":"http:\/\/cueroamerica.info\/wpnews\/wp-json\/wp\/v2\/posts\/15051\/revisions"}],"predecessor-version":[{"id":15054,"href":"http:\/\/cueroamerica.info\/wpnews\/wp-json\/wp\/v2\/posts\/15051\/revisions\/15054"}],"wp:attachment":[{"href":"http:\/\/cueroamerica.info\/wpnews\/wp-json\/wp\/v2\/media?parent=15051"}],"wp:term":[{"taxonomy":"category","embeddable":true,"href":"http:\/\/cueroamerica.info\/wpnews\/wp-json\/wp\/v2\/categories?post=15051"},{"taxonomy":"post_tag","embeddable":true,"href":"http:\/\/cueroamerica.info\/wpnews\/wp-json\/wp\/v2\/tags?post=15051"}],"curies":[{"name":"wp","href":"https:\/\/api.w.org\/{rel}","templated":true}]}}