{"id":15302,"date":"2019-07-10T14:56:32","date_gmt":"2019-07-10T14:56:32","guid":{"rendered":"http:\/\/cueroamerica.info\/wpnews\/?p=15302"},"modified":"2019-07-11T14:44:01","modified_gmt":"2019-07-11T14:44:01","slug":"inspiramais-mostro-otra-vez-que-es-una-luz-inspiradora-para-la-industria-de-la-moda","status":"publish","type":"post","link":"http:\/\/cueroamerica.info\/wpnews\/2019\/07\/inspiramais-mostro-otra-vez-que-es-una-luz-inspiradora-para-la-industria-de-la-moda\/","title":{"rendered":"Inspiramais mostr\u00f3 otra vez que es una luz inspiradora para la industria de la moda"},"content":{"rendered":"<p>El 4 y 5 de junio se realiz\u00f3 en San Pablo Inspiramais, el principal sal\u00f3n de dise\u00f1o de Am\u00e9rica Latina en materias primas, av\u00edos y componentes para las industrias del calzado, confecciones y marroquiner\u00eda. Un evento es organizado por la Asociaci\u00f3n Brasilera de Empresas de Componentes para Cuero, Calzado y Manufacturas (Assintecal). Su objetivo es reunir informaciones que unifican el lenguaje y la metodolog\u00eda para toda la cadena productiva de la moda.<\/p>\n<p><a href=\"http:\/\/cueroamerica.info\/wpnews\/wp-content\/uploads\/2019\/07\/3.jpg\"><img loading=\"lazy\" decoding=\"async\" class=\"alignnone wp-image-15310 size-large\" src=\"http:\/\/cueroamerica.info\/wpnews\/wp-content\/uploads\/2019\/07\/3-1024x528.jpg\" alt=\"\" width=\"620\" height=\"320\" srcset=\"http:\/\/cueroamerica.info\/wpnews\/wp-content\/uploads\/2019\/07\/3.jpg 1024w, http:\/\/cueroamerica.info\/wpnews\/wp-content\/uploads\/2019\/07\/3-300x155.jpg 300w, http:\/\/cueroamerica.info\/wpnews\/wp-content\/uploads\/2019\/07\/3-768x396.jpg 768w\" sizes=\"auto, (max-width: 620px) 100vw, 620px\" \/><\/a><\/p>\n<p>Seg\u00fan sus organizadores, Inspiramais busca estimular un proceso que involucra a toda la industria y se propone a desarrollar una moda con una identidad genuinamente brasilera. El sal\u00f3n engloba integralmente al mercado del dise\u00f1o y de la moda de Brasil, Am\u00e9rica Latina y pa\u00edses de Europa, alineando contenidos para los sectores del cuero, calzado, accesorios, confecci\u00f3n, muebles y bisuter\u00edas.<\/p>\n<div id=\"attachment_15308\" style=\"width: 152px\" class=\"wp-caption alignleft\"><a href=\"http:\/\/cueroamerica.info\/wpnews\/wp-content\/uploads\/2019\/07\/Ilse-Guimaraes-directora-ejecutiva-de-Assintecal..jpg\"><img loading=\"lazy\" decoding=\"async\" aria-describedby=\"caption-attachment-15308\" class=\" wp-image-15308\" src=\"http:\/\/cueroamerica.info\/wpnews\/wp-content\/uploads\/2019\/07\/Ilse-Guimaraes-directora-ejecutiva-de-Assintecal.-195x300.jpg\" alt=\"\" width=\"142\" height=\"218\" srcset=\"http:\/\/cueroamerica.info\/wpnews\/wp-content\/uploads\/2019\/07\/Ilse-Guimaraes-directora-ejecutiva-de-Assintecal.-195x300.jpg 195w, http:\/\/cueroamerica.info\/wpnews\/wp-content\/uploads\/2019\/07\/Ilse-Guimaraes-directora-ejecutiva-de-Assintecal.-768x1179.jpg 768w, http:\/\/cueroamerica.info\/wpnews\/wp-content\/uploads\/2019\/07\/Ilse-Guimaraes-directora-ejecutiva-de-Assintecal.-667x1024.jpg 667w, http:\/\/cueroamerica.info\/wpnews\/wp-content\/uploads\/2019\/07\/Ilse-Guimaraes-directora-ejecutiva-de-Assintecal..jpg 1516w\" sizes=\"auto, (max-width: 142px) 100vw, 142px\" \/><\/a><p id=\"caption-attachment-15308\" class=\"wp-caption-text\">Ilse Guimaraes, directora ejecutiva de Assintecal.<\/p><\/div>\n<p>Seg\u00fan Ilse Guimar\u00e3es, superintendente de Assintecal, \u00abel mercado, poco a poco, vuelve a respirar con optimismo, est\u00e1 renaciendo, e Inspiramais trae exactamente este esp\u00edritu de frescura en un momento de renovaci\u00f3n. El evento ha crecido con la participaci\u00f3n de los sectores textil, mobiliario y joyero. Tambi\u00e9n se han incorporado nuevos sectores, como el automovil\u00edstico, mientras que otros segmentos del mercado se han fortalecido, y ya nos estamos preparando tambi\u00e9n para el ingreso del sector de mascotas\u00bb, se\u00f1al\u00f3.<\/p>\n<p>Esta temporada, el desarrollo de todo el proyecto del Sal\u00f3n se bas\u00f3 en el tema Zen, en una actitud que presupone la conciencia del pr\u00f3jimo y el respeto a la individualidad, mostrando que lo esencial es algo que beneficie tanto a las empresas como a los consumidores.<\/p>\n<p>Para el dise\u00f1ador Walter Rodrigues, curador y coordinador de Inspiramais coment\u00f3: \u201cMe qued\u00e9 muy feliz con esta edici\u00f3n porque miramos a las personas y pudimos ver que hab\u00edan entendido la idea del Zen. Cultural y pol\u00edticamente hablando, el mundo realmente necesita estar prestando atenci\u00f3n a las cosas. Y las palabras m\u00e1s importantes son \u2018estar presente\u2019. Tienes que entender lo que est\u00e1 sucediendo en tu empresa en aquel momento como si estuvieras abierto a todo el mundo\u00bb,<\/p>\n<div id=\"attachment_15307\" style=\"width: 189px\" class=\"wp-caption alignright\"><a href=\"http:\/\/cueroamerica.info\/wpnews\/wp-content\/uploads\/2019\/07\/El-dise\u00f1ador-Lucius-Vilar-present\u00f3-su-colecci\u00f3n-de-estampados..jpg\"><img loading=\"lazy\" decoding=\"async\" aria-describedby=\"caption-attachment-15307\" class=\" wp-image-15307\" src=\"http:\/\/cueroamerica.info\/wpnews\/wp-content\/uploads\/2019\/07\/El-dise\u00f1ador-Lucius-Vilar-present\u00f3-su-colecci\u00f3n-de-estampados.-238x300.jpg\" alt=\"\" width=\"179\" height=\"226\" srcset=\"http:\/\/cueroamerica.info\/wpnews\/wp-content\/uploads\/2019\/07\/El-dise\u00f1ador-Lucius-Vilar-present\u00f3-su-colecci\u00f3n-de-estampados.-238x300.jpg 238w, http:\/\/cueroamerica.info\/wpnews\/wp-content\/uploads\/2019\/07\/El-dise\u00f1ador-Lucius-Vilar-present\u00f3-su-colecci\u00f3n-de-estampados..jpg 505w\" sizes=\"auto, (max-width: 179px) 100vw, 179px\" \/><\/a><p id=\"caption-attachment-15307\" class=\"wp-caption-text\">El dise\u00f1ador Lucius Vilar present\u00f3 su colecci\u00f3n de estampados.<\/p><\/div>\n<p>\u00abAl hablar con la gente, pude ver en sus ojos que estaban buscando esta narrativa del \u00abestar presente\u00bb, de la importancia de comprender lo que est\u00e1 pasando en general, porque el mundo est\u00e1 cada vez m\u00e1s fluido, explica Rodrigues. \u201cY esta fluidez ya se est\u00e1 migrando al pr\u00f3ximo Inspiramais, cuando hablaremos de Sincron\u00eda. Y m\u00e1s adelante, en 2021, se combinar\u00e1 con el pensamiento de que toda esta energ\u00eda y esta tecnolog\u00eda, aliadas con esta sensaci\u00f3n de estar presente, crear\u00e1 un nuevo futuro, m\u00e1s verdadero y m\u00e1s rosa\u201d, a\u00f1ade.<\/p>\n<p>Inspiramais recibi\u00f3 en sus dos jornadas unos 7.000 visitantes, incluyendo a profesionales del sector, compradores y formadores de opini\u00f3n, quienes vieron de cerca art\u00edculos innovadores en creaci\u00f3n, dise\u00f1o y tecnolog\u00eda, con un total de 1.000 productos presentados por 180 empresas.<\/p>\n<p>El Sal\u00f3n atrajo a 440 compradores de diferentes regiones del pa\u00eds. La iniciativa se llev\u00f3 a cabo en alianza con el Servicio Brasile\u00f1o de Apoyo a las Micro y Peque\u00f1as Empresas (SEBRAE) y con diversos sindicatos regionales.<\/p>\n<p><a href=\"http:\/\/cueroamerica.info\/wpnews\/wp-content\/uploads\/2019\/07\/ee57e0b3.jpg\"><img loading=\"lazy\" decoding=\"async\" class=\"alignleft wp-image-15306\" src=\"http:\/\/cueroamerica.info\/wpnews\/wp-content\/uploads\/2019\/07\/ee57e0b3-300x200.jpg\" alt=\"\" width=\"246\" height=\"164\" srcset=\"http:\/\/cueroamerica.info\/wpnews\/wp-content\/uploads\/2019\/07\/ee57e0b3-300x200.jpg 300w, http:\/\/cueroamerica.info\/wpnews\/wp-content\/uploads\/2019\/07\/ee57e0b3-768x511.jpg 768w, http:\/\/cueroamerica.info\/wpnews\/wp-content\/uploads\/2019\/07\/ee57e0b3.jpg 950w\" sizes=\"auto, (max-width: 246px) 100vw, 246px\" \/><\/a>Inspiramais cont\u00f3, adem\u00e1s, con diferentes proyectos, como el Proyecto Comprador, por medio del cual el Sal\u00f3n invit\u00f3 a representantes de 30 empresas provenientes de Portugal, M\u00e9xico, Argentina, Colombia, Per\u00fa, Paraguay, Guatemala y Ecuador. En total, se realizaron 720 rondas de negocios. El Proyecto Comprador gener\u00f3 US$ 10,9 millones en negocios internacionales.<\/p>\n<p>Sara Mar\u00eda Charry, de la empresa Cavicueros de Colombia, cont\u00f3 que la empresa es importadora de insumos para calzado y que \u201ces la primera vez que visitamos el sal\u00f3n y que hacemos negocios con empresas brasile\u00f1as. La estructura, los productos, la calidad y el concepto muestran que hay un estudio de moda que dif\u00edcilmente se encuentra en Am\u00e9rica Latina. Pienso que este es un Sal\u00f3n muy importante para toda la regi\u00f3n, con opciones de materiales innovadores, conscientes del medio ambiente y muy bien estructurados\u201d.<\/p>\n<p><a href=\"http:\/\/cueroamerica.info\/wpnews\/wp-content\/uploads\/2019\/07\/6.jpg\"><img loading=\"lazy\" decoding=\"async\" class=\"alignright wp-image-15303\" src=\"http:\/\/cueroamerica.info\/wpnews\/wp-content\/uploads\/2019\/07\/6-300x200.jpg\" alt=\"\" width=\"248\" height=\"165\" srcset=\"http:\/\/cueroamerica.info\/wpnews\/wp-content\/uploads\/2019\/07\/6-300x200.jpg 300w, http:\/\/cueroamerica.info\/wpnews\/wp-content\/uploads\/2019\/07\/6-768x512.jpg 768w, http:\/\/cueroamerica.info\/wpnews\/wp-content\/uploads\/2019\/07\/6-1024x683.jpg 1024w, http:\/\/cueroamerica.info\/wpnews\/wp-content\/uploads\/2019\/07\/6.jpg 1701w\" sizes=\"auto, (max-width: 248px) 100vw, 248px\" \/><\/a>Los pilares establecidos por Inspiramais sobre innovaci\u00f3n, tecnolog\u00eda y la sostenibilidad se vincularon a varios proyectos conceptuales y de referencias de moda. Las conferencias unieron sostenibilidad, impacto social e innovaci\u00f3n. Adem\u00e1s, la integraci\u00f3n entre grandes industrias brasileras e internacionales con las startups ofreci\u00f3 una oportunidad para el intercambio de experiencias, informaci\u00f3n y posibilidades de negocios.<\/p>\n<p>Inspiramais tuvo tambi\u00e9n m\u00e1s de 20 conferencias presentadas en la llamada \u201cArena de la Innovaci\u00f3n\u201d, que proporcionaron informaci\u00f3n a los visitantes, conectando productos, experiencias y casos para toda la cadena de la moda. Junto con las innovaciones, un espacio dedicado a ocho startups present\u00f3 una serie de tecnolog\u00edas sostenibles para las empresas. La propuesta fue generar no solo conocimiento, sino tambi\u00e9n nuevas posibilidades de alianzas entre las industrias.<\/p>\n<table>\n<tbody>\n<tr>\n<td><a href=\"http:\/\/cueroamerica.info\/wpnews\/wp-content\/uploads\/2019\/07\/5.jpg\"><img decoding=\"async\" class=\"aligncenter size-medium wp-image-15312\" src=\"http:\/\/cueroamerica.info\/wpnews\/wp-content\/uploads\/2019\/07\/5-300x200.jpg\" alt=\"\" width=\"auto\" height=\"120\" srcset=\"http:\/\/cueroamerica.info\/wpnews\/wp-content\/uploads\/2019\/07\/5-300x200.jpg 300w, http:\/\/cueroamerica.info\/wpnews\/wp-content\/uploads\/2019\/07\/5-768x512.jpg 768w, http:\/\/cueroamerica.info\/wpnews\/wp-content\/uploads\/2019\/07\/5-1024x683.jpg 1024w, http:\/\/cueroamerica.info\/wpnews\/wp-content\/uploads\/2019\/07\/5.jpg 1701w\" sizes=\"(max-width: 300px) 100vw, 300px\" \/><\/a><\/td>\n<td><a href=\"http:\/\/cueroamerica.info\/wpnews\/wp-content\/uploads\/2019\/07\/2.jpg\"><img decoding=\"async\" class=\"aligncenter size-medium wp-image-15309\" src=\"http:\/\/cueroamerica.info\/wpnews\/wp-content\/uploads\/2019\/07\/2-300x200.jpg\" alt=\"\" width=\"auto\" height=\"120\" srcset=\"http:\/\/cueroamerica.info\/wpnews\/wp-content\/uploads\/2019\/07\/2-300x200.jpg 300w, http:\/\/cueroamerica.info\/wpnews\/wp-content\/uploads\/2019\/07\/2-768x512.jpg 768w, http:\/\/cueroamerica.info\/wpnews\/wp-content\/uploads\/2019\/07\/2-1024x683.jpg 1024w, http:\/\/cueroamerica.info\/wpnews\/wp-content\/uploads\/2019\/07\/2.jpg 1701w\" sizes=\"(max-width: 300px) 100vw, 300px\" \/><\/a><\/td>\n<td><a href=\"http:\/\/cueroamerica.info\/wpnews\/wp-content\/uploads\/2019\/07\/7.jpg\"><img decoding=\"async\" class=\"aligncenter size-medium wp-image-15304\" src=\"http:\/\/cueroamerica.info\/wpnews\/wp-content\/uploads\/2019\/07\/7-300x200.jpg\" alt=\"\" width=\"auto\" height=\"120\" srcset=\"http:\/\/cueroamerica.info\/wpnews\/wp-content\/uploads\/2019\/07\/7-300x200.jpg 300w, http:\/\/cueroamerica.info\/wpnews\/wp-content\/uploads\/2019\/07\/7-768x512.jpg 768w, http:\/\/cueroamerica.info\/wpnews\/wp-content\/uploads\/2019\/07\/7-1024x683.jpg 1024w, http:\/\/cueroamerica.info\/wpnews\/wp-content\/uploads\/2019\/07\/7.jpg 1701w\" sizes=\"(max-width: 300px) 100vw, 300px\" \/><\/a><\/td>\n<\/tr>\n<\/tbody>\n<\/table>\n<p>En cuanto a la moda, los aspectos m\u00e1s destacados fueron los proyectos Referencias Brasile\u00f1as, Iconograf\u00eda Local, Conexi\u00f3n Creativa y Comercial, Preview del Cuero, Conexi\u00f3n Inspiramais, Inovamais y +Estampados.<\/p>\n<p>La pr\u00f3xima edici\u00f3n de Inspiramais se realizar\u00e1 los d\u00edas 15 y 16 de enero de 2020 en el Centro de Eventos Pro Magno de San Pablo, Brasil, y es altamente recomendable agendarla y visitarla.<br \/>\n&#8212;&#8212;&#8212;&#8212;&#8212;&#8212;&#8212;&#8212;&#8212;&#8212;&#8212;&#8212;&#8211;<br \/>\nAssintecal \/ CueroAm\u00e9rica<\/p>\n<p dir=\"ltr\">\u2014\u2014\u2014\u2014\u2014\u2014\u2014\u2014\u2014\u2014\u2014\u2014\u2014\u2014\u2014\u2014\u2014\u2014\u2014\u2014\u2014\u2014\u2014\u2014\u2014\u2014\u2014\u2014\u2014\u2014\u2014\u2014\u2014\u2014\u2014\u2014\u2014\u2014\u2014\u2014\u2014\u2014\u2014\u2014<\/p>\n<p dir=\"ltr\">Para comunicarse con CueroAm\u00e9rica: <span style=\"color: #3366ff;\"><a style=\"color: #3366ff;\" href=\"mailto:contacto@cueroamerica.com\">contacto@cueroamerica.com<\/a><\/span><\/p>\n<table border=\"0\" width=\"460\">\n<tbody>\n<tr>\n<td width=\"300\"><a href=\"http:\/\/apps.ubmasia.com\/links\/Show.aspx?sid=1635\" target=\"_blank\" rel=\"noopener noreferrer\"><img loading=\"lazy\" decoding=\"async\" src=\"\/img\/publicidad\/acle19_300x200.jpg\" alt=\"\" width=\"300\" height=\"200\" border=\"0\" \/><\/a><\/td>\n<td width=\"171\"><a href=\"http:\/\/apps.ubmasia.com\/links\/Show.aspx?sid=1527\" target=\"_blank\" rel=\"noopener noreferrer\"><img loading=\"lazy\" decoding=\"async\" src=\"\/img\/publicidad\/fa20_300x200.JPG\" width=\"300\" height=\"200\" \/><\/a><\/td>\n<\/tr>\n<\/tbody>\n<\/table>\n","protected":false},"excerpt":{"rendered":"<p>El 4 y 5 de junio se realiz\u00f3 en San Pablo Inspiramais, el principal sal\u00f3n de dise\u00f1o de Am\u00e9rica Latina en materias primas, av\u00edos y componentes para las industrias del calzado, confecciones y marroquiner\u00eda. Un evento es organizado por la Asociaci\u00f3n Brasilera de Empresas de Componentes para Cuero, Calzado y Manufacturas (Assintecal). Su objetivo es [&hellip;]<\/p>\n","protected":false},"author":4,"featured_media":0,"comment_status":"closed","ping_status":"closed","sticky":false,"template":"","format":"standard","meta":{"footnotes":""},"categories":[66,60],"tags":[],"class_list":["post-15302","post","type-post","status-publish","format-standard","hentry","category-ferias-realizadas","category-ferias","count-0","even alt","author-","last"],"_links":{"self":[{"href":"http:\/\/cueroamerica.info\/wpnews\/wp-json\/wp\/v2\/posts\/15302","targetHints":{"allow":["GET"]}}],"collection":[{"href":"http:\/\/cueroamerica.info\/wpnews\/wp-json\/wp\/v2\/posts"}],"about":[{"href":"http:\/\/cueroamerica.info\/wpnews\/wp-json\/wp\/v2\/types\/post"}],"author":[{"embeddable":true,"href":"http:\/\/cueroamerica.info\/wpnews\/wp-json\/wp\/v2\/users\/4"}],"replies":[{"embeddable":true,"href":"http:\/\/cueroamerica.info\/wpnews\/wp-json\/wp\/v2\/comments?post=15302"}],"version-history":[{"count":11,"href":"http:\/\/cueroamerica.info\/wpnews\/wp-json\/wp\/v2\/posts\/15302\/revisions"}],"predecessor-version":[{"id":15323,"href":"http:\/\/cueroamerica.info\/wpnews\/wp-json\/wp\/v2\/posts\/15302\/revisions\/15323"}],"wp:attachment":[{"href":"http:\/\/cueroamerica.info\/wpnews\/wp-json\/wp\/v2\/media?parent=15302"}],"wp:term":[{"taxonomy":"category","embeddable":true,"href":"http:\/\/cueroamerica.info\/wpnews\/wp-json\/wp\/v2\/categories?post=15302"},{"taxonomy":"post_tag","embeddable":true,"href":"http:\/\/cueroamerica.info\/wpnews\/wp-json\/wp\/v2\/tags?post=15302"}],"curies":[{"name":"wp","href":"https:\/\/api.w.org\/{rel}","templated":true}]}}