{"id":15393,"date":"2019-08-05T18:49:32","date_gmt":"2019-08-05T18:49:32","guid":{"rendered":"http:\/\/cueroamerica.info\/wpnews\/?p=15393"},"modified":"2019-08-05T18:49:32","modified_gmt":"2019-08-05T18:49:32","slug":"gallery-dusseldorf-mantiene-el-interes-de-los-mercados-de-calzado-del-norte-de-europa","status":"publish","type":"post","link":"http:\/\/cueroamerica.info\/wpnews\/2019\/08\/gallery-dusseldorf-mantiene-el-interes-de-los-mercados-de-calzado-del-norte-de-europa\/","title":{"rendered":"Gallery D\u00fcsseldorf mantiene el inter\u00e9s de los mercados de calzado del norte de Europa"},"content":{"rendered":"<p><a href=\"http:\/\/cueroamerica.info\/wpnews\/wp-content\/uploads\/2019\/08\/5.jpg\"><img loading=\"lazy\" decoding=\"async\" class=\"alignleft wp-image-15384\" src=\"http:\/\/cueroamerica.info\/wpnews\/wp-content\/uploads\/2019\/08\/5-300x200.jpg\" alt=\"\" width=\"248\" height=\"165\" srcset=\"http:\/\/cueroamerica.info\/wpnews\/wp-content\/uploads\/2019\/08\/5-300x200.jpg 300w, http:\/\/cueroamerica.info\/wpnews\/wp-content\/uploads\/2019\/08\/5-768x512.jpg 768w, http:\/\/cueroamerica.info\/wpnews\/wp-content\/uploads\/2019\/08\/5.jpg 975w\" sizes=\"auto, (max-width: 248px) 100vw, 248px\" \/><\/a>La reciente edici\u00f3n de Gallery D\u00fcsseldorf marc\u00f3 la vigencia y los buenos resultados del sal\u00f3n dedicado a los pa\u00edses del norte de Europa. Sus showrooms y desfiles atraen cada vez m\u00e1s a nuevas como expositores y compradores.<\/p>\n<p>El sal\u00f3n organizado por Igedo Company, que se realiz\u00f3 del 20 al 22 de julio, ha ido cambiando su concepto a medida que lo han marcado las necesidades del mercado.<\/p>\n<p>Desde el cierre de la famosa feria GDS, Gallery fue desarrollando personalidad como feria de productos para los exigentes compradores de los pa\u00edses de Europa del norte.<\/p>\n<p><a href=\"http:\/\/cueroamerica.info\/wpnews\/wp-content\/uploads\/2019\/08\/3a.jpg\"><img loading=\"lazy\" decoding=\"async\" class=\"alignright  wp-image-15382\" src=\"http:\/\/cueroamerica.info\/wpnews\/wp-content\/uploads\/2019\/08\/3a-300x200.jpg\" alt=\"\" width=\"245\" height=\"163\" srcset=\"http:\/\/cueroamerica.info\/wpnews\/wp-content\/uploads\/2019\/08\/3a-300x200.jpg 300w, http:\/\/cueroamerica.info\/wpnews\/wp-content\/uploads\/2019\/08\/3a-768x512.jpg 768w, http:\/\/cueroamerica.info\/wpnews\/wp-content\/uploads\/2019\/08\/3a-1024x682.jpg 1024w, http:\/\/cueroamerica.info\/wpnews\/wp-content\/uploads\/2019\/08\/3a.jpg 1190w\" sizes=\"auto, (max-width: 245px) 100vw, 245px\" \/><\/a>Ulrike K\u00e4hler, directora de Igedo, se\u00f1al\u00f3 que est\u00e1n muy satisfechos con el concepto \u2018Showroom\u2019 y los resultados de Gallery D\u00fcsseldorf. \u201cEsta edici\u00f3n ha terminado con resultados similares a la anterior. Los buenos resultados en los showrooms atraen cada vez m\u00e1s a nuevos expositores y compradores.<\/p>\n<p>Los representantes de marcas de accesorios, ubicados en uno de los pabellones quedaron tambi\u00e9n muy satisfechos con la edici\u00f3n. Ulrike Simon, directora de una empresa de accesorios, se\u00f1al\u00f3 que est\u00e1n \u201cmuy satisfechos con la ubicaci\u00f3n y con el concepto del sal\u00f3n. Los clientes vienen con gusto para hacer sus pedidos, tambi\u00e9n debido a la atm\u00f3sfera agradable que perciben. Gallery nos ofrece una plataforma ideal para presentar nuestra colecci\u00f3n. Adem\u00e1s de atender a nuestros clientes habituales, siempre hacemos algunos nuevos\u201d, sostuvo.<\/p>\n<p><a href=\"http:\/\/cueroamerica.info\/wpnews\/wp-content\/uploads\/2019\/08\/7.jpg\"><img loading=\"lazy\" decoding=\"async\" class=\"alignleft  wp-image-15385\" src=\"http:\/\/cueroamerica.info\/wpnews\/wp-content\/uploads\/2019\/08\/7-300x225.jpg\" alt=\"\" width=\"243\" height=\"182\" srcset=\"http:\/\/cueroamerica.info\/wpnews\/wp-content\/uploads\/2019\/08\/7-300x225.jpg 300w, http:\/\/cueroamerica.info\/wpnews\/wp-content\/uploads\/2019\/08\/7.jpg 360w\" sizes=\"auto, (max-width: 243px) 100vw, 243px\" \/><\/a>Bruno Zeppa, director de la agencia Strategy &amp; Distribution, por su parte, a\u00f1adi\u00f3: \u201ces la segunda vez que exponemos en este sal\u00f3n y la primera que lo hacemos en el sector de lifestyle. Hemos hecho varios nuevos clientes. Esperamos volver la pr\u00f3xima edici\u00f3n con un stand mayor que el que hemos contratado ahora\u201d.<\/p>\n<p>El sal\u00f3n comercial se complement\u00f3 con varias actividades. Entre ellas destac\u00f3 la presentaci\u00f3n de tendencias para primavera\/verano de 2020 por parte de Alexander Radermacher, director de moda de Igedo y Karolina Landowski, de Fashion Trend Pool. Tambi\u00e9n se realiz\u00f3 una charla sobre Fashion Cloud, una herramienta B2B que ya cuenta con 350 marcas y 6.500 detallistas de 65 pa\u00edses.<\/p>\n<p><a href=\"http:\/\/cueroamerica.info\/wpnews\/wp-content\/uploads\/2019\/08\/4a.jpg\"><img loading=\"lazy\" decoding=\"async\" class=\"alignright  wp-image-15383\" src=\"http:\/\/cueroamerica.info\/wpnews\/wp-content\/uploads\/2019\/08\/4a-300x200.jpg\" alt=\"\" width=\"242\" height=\"161\" srcset=\"http:\/\/cueroamerica.info\/wpnews\/wp-content\/uploads\/2019\/08\/4a-300x200.jpg 300w, http:\/\/cueroamerica.info\/wpnews\/wp-content\/uploads\/2019\/08\/4a-768x512.jpg 768w, http:\/\/cueroamerica.info\/wpnews\/wp-content\/uploads\/2019\/08\/4a-1024x682.jpg 1024w, http:\/\/cueroamerica.info\/wpnews\/wp-content\/uploads\/2019\/08\/4a.jpg 1190w\" sizes=\"auto, (max-width: 242px) 100vw, 242px\" \/><\/a>Scalerion dio tambi\u00e9n una charla aconsejando a los detallistas c\u00f3mo pueden competir con Amazon. Y la VDMD hizo varias presentaciones, por ejemplo de una nueva app de tendencias que presenta de forma interactiva colores, formas y estilos.<\/p>\n<p>A partir de la pr\u00f3xima edici\u00f3n el sal\u00f3n fortalecer\u00e1 su imagen con el nuevo logotipo Gallery FASHION, que lo har\u00e1 f\u00e1cilmente reconocible en paralelo con Gallery Shoes, tambi\u00e9n organizado por Igedo. Ambos salones se nutren de la experiencia ferial de m\u00e1s de 70 a\u00f1os en la ciudad de D\u00fcsseldorf.<br \/>\n&#8212;&#8212;&#8212;&#8212;&#8212;&#8212;&#8212;&#8212;&#8212;&#8212;&#8212;&#8212;&#8212;&#8212;&#8212;&#8211;<br \/>\nGallery D\u00fcsseldorf \/ CueroAm\u00e9rica<\/p>\n<p dir=\"ltr\">\u2014\u2014\u2014\u2014\u2014\u2014\u2014\u2014\u2014\u2014\u2014\u2014\u2014\u2014\u2014\u2014\u2014\u2014\u2014\u2014\u2014\u2014\u2014\u2014\u2014\u2014\u2014\u2014\u2014\u2014\u2014\u2014\u2014\u2014\u2014\u2014\u2014\u2014\u2014\u2014\u2014\u2014\u2014\u2014<\/p>\n<p dir=\"ltr\">Para comunicarse con CueroAm\u00e9rica: <span style=\"color: #3366ff;\"><a style=\"color: #3366ff;\" href=\"mailto:contacto@cueroamerica.com\">contacto@cueroamerica.com<\/a><\/span><\/p>\n<table border=\"0\" width=\"460\">\n<tbody>\n<tr>\n<td width=\"300\"><a href=\"http:\/\/bit.ly\/2q2HjkA\" target=\"_blank\" rel=\"noopener noreferrer\"><img loading=\"lazy\" decoding=\"async\" src=\"\/img\/publicidad\/banner_jn-082016.gif\" width=\"300\" height=\"200\" \/><\/a><\/td>\n<td width=\"171\"><a href=\"https:\/\/www.calzado-online.org\/fashionpress\" target=\"_blank\" rel=\"noopener noreferrer\"><img loading=\"lazy\" decoding=\"async\" src=\"\/img\/publicidad\/banner-fashion-press.jpg\" alt=\"\" width=\"300\" height=\"200\" \/><\/a><\/td>\n<\/tr>\n<\/tbody>\n<\/table>\n","protected":false},"excerpt":{"rendered":"<p>La reciente edici\u00f3n de Gallery D\u00fcsseldorf marc\u00f3 la vigencia y los buenos resultados del sal\u00f3n dedicado a los pa\u00edses del norte de Europa. Sus showrooms y desfiles atraen cada vez m\u00e1s a nuevas como expositores y compradores. El sal\u00f3n organizado por Igedo Company, que se realiz\u00f3 del 20 al 22 de julio, ha ido cambiando [&hellip;]<\/p>\n","protected":false},"author":4,"featured_media":0,"comment_status":"closed","ping_status":"closed","sticky":false,"template":"","format":"standard","meta":{"footnotes":""},"categories":[66,60],"tags":[],"class_list":["post-15393","post","type-post","status-publish","format-standard","hentry","category-ferias-realizadas","category-ferias","count-0","even alt","author-","last"],"_links":{"self":[{"href":"http:\/\/cueroamerica.info\/wpnews\/wp-json\/wp\/v2\/posts\/15393","targetHints":{"allow":["GET"]}}],"collection":[{"href":"http:\/\/cueroamerica.info\/wpnews\/wp-json\/wp\/v2\/posts"}],"about":[{"href":"http:\/\/cueroamerica.info\/wpnews\/wp-json\/wp\/v2\/types\/post"}],"author":[{"embeddable":true,"href":"http:\/\/cueroamerica.info\/wpnews\/wp-json\/wp\/v2\/users\/4"}],"replies":[{"embeddable":true,"href":"http:\/\/cueroamerica.info\/wpnews\/wp-json\/wp\/v2\/comments?post=15393"}],"version-history":[{"count":1,"href":"http:\/\/cueroamerica.info\/wpnews\/wp-json\/wp\/v2\/posts\/15393\/revisions"}],"predecessor-version":[{"id":15421,"href":"http:\/\/cueroamerica.info\/wpnews\/wp-json\/wp\/v2\/posts\/15393\/revisions\/15421"}],"wp:attachment":[{"href":"http:\/\/cueroamerica.info\/wpnews\/wp-json\/wp\/v2\/media?parent=15393"}],"wp:term":[{"taxonomy":"category","embeddable":true,"href":"http:\/\/cueroamerica.info\/wpnews\/wp-json\/wp\/v2\/categories?post=15393"},{"taxonomy":"post_tag","embeddable":true,"href":"http:\/\/cueroamerica.info\/wpnews\/wp-json\/wp\/v2\/tags?post=15393"}],"curies":[{"name":"wp","href":"https:\/\/api.w.org\/{rel}","templated":true}]}}