{"id":15473,"date":"2019-08-26T16:49:32","date_gmt":"2019-08-26T16:49:32","guid":{"rendered":"http:\/\/cueroamerica.info\/wpnews\/?p=15473"},"modified":"2019-08-26T18:20:44","modified_gmt":"2019-08-26T18:20:44","slug":"la-edicion-de-la-feria-peruana-expodetalles-movio-al-sector-del-calzado-y-manufacturas","status":"publish","type":"post","link":"http:\/\/cueroamerica.info\/wpnews\/2019\/08\/la-edicion-de-la-feria-peruana-expodetalles-movio-al-sector-del-calzado-y-manufacturas\/","title":{"rendered":"La edici\u00f3n de la feria peruana Expodetalles movi\u00f3 al sector del calzado y manufacturas"},"content":{"rendered":"<p><a href=\"http:\/\/cueroamerica.info\/wpnews\/wp-content\/uploads\/2019\/08\/2.-IMG_9359a.jpg\"><img loading=\"lazy\" decoding=\"async\" class=\"alignleft wp-image-15472\" src=\"http:\/\/cueroamerica.info\/wpnews\/wp-content\/uploads\/2019\/08\/2.-IMG_9359a-300x194.jpg\" alt=\"\" width=\"247\" height=\"160\" srcset=\"http:\/\/cueroamerica.info\/wpnews\/wp-content\/uploads\/2019\/08\/2.-IMG_9359a-300x194.jpg 300w, http:\/\/cueroamerica.info\/wpnews\/wp-content\/uploads\/2019\/08\/2.-IMG_9359a-768x497.jpg 768w, http:\/\/cueroamerica.info\/wpnews\/wp-content\/uploads\/2019\/08\/2.-IMG_9359a-1024x662.jpg 1024w, http:\/\/cueroamerica.info\/wpnews\/wp-content\/uploads\/2019\/08\/2.-IMG_9359a.jpg 1200w\" sizes=\"auto, (max-width: 247px) 100vw, 247px\" \/><\/a>En un ambiente marcado por la buena afluencia e inter\u00e9s de los visitantes, se cumpli\u00f3 una nueva edici\u00f3n de Expodetalles Per\u00fa. La muestra esta dedicada a la proveedur\u00eda para la industria del calzado y manufacturas.<\/p>\n<p>Expodetalles en Per\u00fa se realiz\u00f3 en la primera semana de agosto en el Centro de Convenciones Jockey Plaza, Lima, Per\u00fa, y exhibieron pieles y cueros, materiales sint\u00e9ticos y textiles, insumos, componentes, accesorios y tecnolog\u00eda para la industria del calzado y manufacturas. Se presentaron tambi\u00e9n representantes locales de reconocidas compa\u00f1\u00edas extranjeras, especialmente de fabricantes de maquinarias.<\/p>\n<p><a href=\"http:\/\/cueroamerica.info\/wpnews\/wp-content\/uploads\/2019\/08\/1emp-arg.jpg\"><img loading=\"lazy\" decoding=\"async\" class=\"wp-image-15487 alignright\" src=\"http:\/\/cueroamerica.info\/wpnews\/wp-content\/uploads\/2019\/08\/1emp-arg-300x254.jpg\" alt=\"\" width=\"244\" height=\"207\" srcset=\"http:\/\/cueroamerica.info\/wpnews\/wp-content\/uploads\/2019\/08\/1emp-arg-300x254.jpg 300w, http:\/\/cueroamerica.info\/wpnews\/wp-content\/uploads\/2019\/08\/1emp-arg.jpg 584w\" sizes=\"auto, (max-width: 244px) 100vw, 244px\" \/><\/a>De los 89 las empresas expositoras un 50% fueron peruanas y el resto extranjeras, en tanto que el sal\u00f3n fue visitado por m\u00e1s de 4.500 personas de las cuales un 5% llegaron de diversos pa\u00edses de la regi\u00f3n.<\/p>\n<p>Los puntos destacados de la feria fueron la diversidad de la oferta, a cargo de proveedores locales, en muchos casos representantes de marcas extranjeras, y una interesante presencia extranjera, encabezada por empresas chinas, brasileras y argentinas.<\/p>\n<p>Otra caracter\u00edstica distintiva fue la actitud e inter\u00e9s de los visitantes locales, que realizaron una intensa b\u00fasqueda por novedades y nuevos contactos. Fue constante el inter\u00e9s y receptividad de las propuesta de moda, de materiales, componentes y tecnolog\u00eda.<\/p>\n<p><a href=\"http:\/\/cueroamerica.info\/wpnews\/wp-content\/uploads\/2019\/08\/maxresdefault.jpg\"><img loading=\"lazy\" decoding=\"async\" class=\"alignleft wp-image-15470\" src=\"http:\/\/cueroamerica.info\/wpnews\/wp-content\/uploads\/2019\/08\/maxresdefault-300x203.jpg\" alt=\"\" width=\"247\" height=\"167\" srcset=\"http:\/\/cueroamerica.info\/wpnews\/wp-content\/uploads\/2019\/08\/maxresdefault-300x203.jpg 300w, http:\/\/cueroamerica.info\/wpnews\/wp-content\/uploads\/2019\/08\/maxresdefault-768x521.jpg 768w, http:\/\/cueroamerica.info\/wpnews\/wp-content\/uploads\/2019\/08\/maxresdefault-1024x694.jpg 1024w, http:\/\/cueroamerica.info\/wpnews\/wp-content\/uploads\/2019\/08\/maxresdefault.jpg 1049w\" sizes=\"auto, (max-width: 247px) 100vw, 247px\" \/><\/a>La industria del calzado de Per\u00fa cuenta con una producci\u00f3n anual cercana a los 58 millones de pares, siendo sus principales zonas productoras Lima y aleda\u00f1os, m\u00e1s Trujillo y la totalidad del departamento de La Libertad.<\/p>\n<p>Per\u00fa recibe aproximadamente 45 millones de pares de importaci\u00f3n por a\u00f1o, lo cual compite fuertemente a la industria local. En este aspecto, la mayor\u00eda de los fabricantes locales, orientan sus producciones a los segmentos de consumo medio, procurando diferenciarse por moda y ser competitivos a trav\u00e9s de una mayor flexibilidad de entrega que los importados.<\/p>\n<p><a href=\"http:\/\/cueroamerica.info\/wpnews\/wp-content\/uploads\/2019\/08\/Brasil.jpg\"><img loading=\"lazy\" decoding=\"async\" class=\"wp-image-15465 alignright\" src=\"http:\/\/cueroamerica.info\/wpnews\/wp-content\/uploads\/2019\/08\/Brasil-300x163.jpg\" alt=\"\" width=\"243\" height=\"132\" srcset=\"http:\/\/cueroamerica.info\/wpnews\/wp-content\/uploads\/2019\/08\/Brasil-300x163.jpg 300w, http:\/\/cueroamerica.info\/wpnews\/wp-content\/uploads\/2019\/08\/Brasil.jpg 640w\" sizes=\"auto, (max-width: 243px) 100vw, 243px\" \/><\/a>Otra particularidad de la industria peruana es su atomizaci\u00f3n. La mayor\u00eda son peque\u00f1as f\u00e1bricas, junto a puntuales empresas medianas y grandes que trabajan a escala industrial. Algunas de ellas cuentan con estructura comercial propia.<br \/>\nPor ahora, la macroeconom\u00eda peruana mantiene un positivo desarrollo, donde para este a\u00f1o se pronostica un crecimiento cercano al 3%, a pesar de reformas pol\u00edticas y econ\u00f3micas pendientes.<\/p>\n<p><a href=\"http:\/\/cueroamerica.info\/wpnews\/wp-content\/uploads\/2019\/08\/Expo-Detalles-Peru-9.jpg\"><img loading=\"lazy\" decoding=\"async\" class=\"alignleft wp-image-15466\" src=\"http:\/\/cueroamerica.info\/wpnews\/wp-content\/uploads\/2019\/08\/Expo-Detalles-Peru-9-300x258.jpg\" alt=\"\" width=\"240\" height=\"206\" srcset=\"http:\/\/cueroamerica.info\/wpnews\/wp-content\/uploads\/2019\/08\/Expo-Detalles-Peru-9-300x258.jpg 300w, http:\/\/cueroamerica.info\/wpnews\/wp-content\/uploads\/2019\/08\/Expo-Detalles-Peru-9.jpg 713w\" sizes=\"auto, (max-width: 240px) 100vw, 240px\" \/><\/a>Durante el evento se realizaron diversas charlas informativas t\u00e9cnicas como las que se concretaron en el stand de Artecola, la marca brasile\u00f1a l\u00edder en productos qu\u00edmicos y adhesivos.<\/p>\n<p>Dentro de la oferta extranjera, estuvieron presentes 10 expositores argentinos -fabricantes de suelas, curtiembres y accesorios asociados- agrupados por CAIPIC, la C\u00e1mara de Proveedores de Argentina.<\/p>\n<p>Tambi\u00e9n particip\u00f3 un grupo de empresas brasileras. Los productores de materiales y componentes lo hicieron junto a ASSINTECAL, la entidad que las agrupa y los fabricantes de m\u00e1quinas con la organizaci\u00f3n de su similar ABRAMEQ.<br \/>\n&#8212;&#8212;&#8212;&#8212;&#8212;&#8212;&#8212;&#8212;&#8212;&#8212;&#8212;&#8212;&#8212;-<br \/>\nExpodetalles \/ CueroAm\u00e9rica<\/p>\n<p dir=\"ltr\">\u2014\u2014\u2014\u2014\u2014\u2014\u2014\u2014\u2014\u2014\u2014\u2014\u2014\u2014\u2014\u2014\u2014\u2014\u2014\u2014\u2014\u2014\u2014\u2014\u2014\u2014\u2014\u2014\u2014\u2014\u2014\u2014\u2014\u2014\u2014\u2014\u2014\u2014\u2014\u2014\u2014\u2014\u2014\u2014<\/p>\n<p dir=\"ltr\">Para comunicarse con CueroAm\u00e9rica: <span style=\"color: #3366ff;\"><a style=\"color: #3366ff;\" href=\"mailto:contacto@cueroamerica.com\">contacto@cueroamerica.com<\/a><\/span><\/p>\n<table border=\"0\" width=\"460\">\n<tbody>\n<tr>\n<td width=\"300\"><img loading=\"lazy\" decoding=\"async\" src=\"\/img\/publicidad\/acle19_300x200.jpg\" alt=\"\" width=\"300\" height=\"200\" border=\"0\" \/><\/td>\n<td width=\"171\"><a href=\"http:\/\/bit.ly\/2tYQMZ1\" target=\"_blank\" rel=\"noopener noreferrer\"><img loading=\"lazy\" decoding=\"async\" src=\"\/img\/publicidad\/empresrl072017.gif\" alt=\"\" width=\"300\" height=\"200\" \/><\/a><\/td>\n<\/tr>\n<\/tbody>\n<\/table>\n","protected":false},"excerpt":{"rendered":"<p>En un ambiente marcado por la buena afluencia e inter\u00e9s de los visitantes, se cumpli\u00f3 una nueva edici\u00f3n de Expodetalles Per\u00fa. La muestra esta dedicada a la proveedur\u00eda para la industria del calzado y manufacturas. Expodetalles en Per\u00fa se realiz\u00f3 en la primera semana de agosto en el Centro de Convenciones Jockey Plaza, Lima, Per\u00fa, [&hellip;]<\/p>\n","protected":false},"author":4,"featured_media":0,"comment_status":"closed","ping_status":"closed","sticky":false,"template":"","format":"standard","meta":{"footnotes":""},"categories":[66,60],"tags":[],"class_list":["post-15473","post","type-post","status-publish","format-standard","hentry","category-ferias-realizadas","category-ferias","count-0","even alt","author-","last"],"_links":{"self":[{"href":"http:\/\/cueroamerica.info\/wpnews\/wp-json\/wp\/v2\/posts\/15473","targetHints":{"allow":["GET"]}}],"collection":[{"href":"http:\/\/cueroamerica.info\/wpnews\/wp-json\/wp\/v2\/posts"}],"about":[{"href":"http:\/\/cueroamerica.info\/wpnews\/wp-json\/wp\/v2\/types\/post"}],"author":[{"embeddable":true,"href":"http:\/\/cueroamerica.info\/wpnews\/wp-json\/wp\/v2\/users\/4"}],"replies":[{"embeddable":true,"href":"http:\/\/cueroamerica.info\/wpnews\/wp-json\/wp\/v2\/comments?post=15473"}],"version-history":[{"count":6,"href":"http:\/\/cueroamerica.info\/wpnews\/wp-json\/wp\/v2\/posts\/15473\/revisions"}],"predecessor-version":[{"id":15488,"href":"http:\/\/cueroamerica.info\/wpnews\/wp-json\/wp\/v2\/posts\/15473\/revisions\/15488"}],"wp:attachment":[{"href":"http:\/\/cueroamerica.info\/wpnews\/wp-json\/wp\/v2\/media?parent=15473"}],"wp:term":[{"taxonomy":"category","embeddable":true,"href":"http:\/\/cueroamerica.info\/wpnews\/wp-json\/wp\/v2\/categories?post=15473"},{"taxonomy":"post_tag","embeddable":true,"href":"http:\/\/cueroamerica.info\/wpnews\/wp-json\/wp\/v2\/tags?post=15473"}],"curies":[{"name":"wp","href":"https:\/\/api.w.org\/{rel}","templated":true}]}}