{"id":15840,"date":"2019-12-06T13:44:22","date_gmt":"2019-12-06T13:44:22","guid":{"rendered":"http:\/\/cueroamerica.info\/wpnews\/?p=15840"},"modified":"2019-12-06T13:46:03","modified_gmt":"2019-12-06T13:46:03","slug":"reebok-vuelve-a-su-logotipo-tradicional-para-recuperar-y-dar-coherencia-a-su-imagen","status":"publish","type":"post","link":"http:\/\/cueroamerica.info\/wpnews\/2019\/12\/reebok-vuelve-a-su-logotipo-tradicional-para-recuperar-y-dar-coherencia-a-su-imagen\/","title":{"rendered":"Reebok vuelve a su logotipo tradicional para recuperar y dar coherencia a su imagen"},"content":{"rendered":"<p><a href=\"http:\/\/cueroamerica.info\/wpnews\/wp-content\/uploads\/2019\/12\/rebook-9.jpg\"><img loading=\"lazy\" decoding=\"async\" class=\"alignleft wp-image-15826\" src=\"http:\/\/cueroamerica.info\/wpnews\/wp-content\/uploads\/2019\/12\/rebook-9-300x114.jpg\" alt=\"\" width=\"200\" height=\"76\" srcset=\"http:\/\/cueroamerica.info\/wpnews\/wp-content\/uploads\/2019\/12\/rebook-9-300x114.jpg 300w, http:\/\/cueroamerica.info\/wpnews\/wp-content\/uploads\/2019\/12\/rebook-9-768x292.jpg 768w, http:\/\/cueroamerica.info\/wpnews\/wp-content\/uploads\/2019\/12\/rebook-9.jpg 909w\" sizes=\"auto, (max-width: 200px) 100vw, 200px\" \/><\/a>Reebok anunci\u00f3 que a partir de 2020 unificar\u00e1 su imagen bajo un mismo isotipo y logotipo con la idea de obtener el mayor provecho de sus \u00edconos m\u00e1s reconocibles: el logo \u201cVector\u201d y el logotipo \u201cdrop-R\u201d. De esta forma, buscar\u00e1 utilizar la imagen m\u00e1s ic\u00f3nica de la marca, con la que la mayor\u00eda de sus consumidores la siguen reconociendo.<\/p>\n<p>La marca de indumentaria deportiva Reebok es propiedad de Adidas, que la adquiri\u00f3 en 2005 por US$ 3.800 millones. Luego de algunos intentos de posicionar la marca de una forma diferente, decidi\u00f3 volver al logo de hace casi 30 a\u00f1os. La idea de la empresa es alcanzar de esta forma \u201cel m\u00e1ximo rendimiento de su imagen\u201d y \u201cconectar la herencia de la marca con su futuro\u201d.<\/p>\n<p><a href=\"http:\/\/cueroamerica.info\/wpnews\/wp-content\/uploads\/2019\/12\/reebok.jpg\"><img loading=\"lazy\" decoding=\"async\" class=\" wp-image-15827 alignright\" src=\"http:\/\/cueroamerica.info\/wpnews\/wp-content\/uploads\/2019\/12\/reebok-300x190.jpg\" alt=\"\" width=\"245\" height=\"155\" srcset=\"http:\/\/cueroamerica.info\/wpnews\/wp-content\/uploads\/2019\/12\/reebok-300x190.jpg 300w, http:\/\/cueroamerica.info\/wpnews\/wp-content\/uploads\/2019\/12\/reebok.jpg 640w\" sizes=\"auto, (max-width: 245px) 100vw, 245px\" \/><\/a>El logo \u201cVector\u201d -redise\u00f1ado por Darrin Crescenzi Studio\u2013 se va a usar desde ahora en todos los productos deportivos y de estilo de vida de Reebok. En cambio, el s\u00edmbolo \u201cdelta\u201d en rojo -que se comenz\u00f3 a usar en 2011-, va a limitarse a productos muy seleccionados, como trajes CrossFit.<\/p>\n<p>El logo m\u00e1s conocido fue presentado por primera vez en 1992 y se ha venido utilizado de diferentes formas. En cambio el \u00edcono \u201cDelta\u201d hab\u00eda comenzado como el identificador de los productos CrossFit de la compa\u00f1\u00eda, pero en la pr\u00e1ctica se hab\u00eda convertido en el logotipo de la mayor\u00eda de los art\u00edculos.<\/p>\n<p>Su aspecto ayud\u00f3 a darle una nueva personalidad a la marca y a establecer alguna distancia con Nike e incluso con la marca matriz, Adidas. Sin embargo, nunca tuvo la personalidad del cl\u00e1sico logo.<\/p>\n<p>El logo ligeramente renovado marca detalles de tipograf\u00eda y de l\u00edneas y el regreso del azul para reemplazar al negro. As\u00ed logra un aspecto m\u00e1s suave y una paleta de colores que admite el posicionamiento \u201cinspirado en Estados Unidos\u201d de Reebok.<\/p>\n<p><a href=\"http:\/\/cueroamerica.info\/wpnews\/wp-content\/uploads\/2019\/12\/7529a.jpg\"><img loading=\"lazy\" decoding=\"async\" class=\"alignleft wp-image-15821\" src=\"http:\/\/cueroamerica.info\/wpnews\/wp-content\/uploads\/2019\/12\/7529a-300x166.jpg\" alt=\"\" width=\"240\" height=\"133\" srcset=\"http:\/\/cueroamerica.info\/wpnews\/wp-content\/uploads\/2019\/12\/7529a-300x166.jpg 300w, http:\/\/cueroamerica.info\/wpnews\/wp-content\/uploads\/2019\/12\/7529a.jpg 494w\" sizes=\"auto, (max-width: 240px) 100vw, 240px\" \/><\/a>El nuevo logotipo ya puede verse en la sede oficial de la compa\u00f1\u00eda en Drydoc Avenue, en Boston. El logo al que regresa es pr\u00e1cticamente el mismo que us\u00f3 la marca entre 1977 y finales de los a\u00f1os 90.<\/p>\n<p>Desde el 2000 hasta ahora, Reebok entr\u00f3 en una fase donde su identidad visual perdi\u00f3 el rumbo. Luego de dos o tres logos con formas y estilos diferentes que duraron relativamente poco y complicaron la identidad de la empresa, en 2020 regresa al viejo logo de formas curvas y a la tipograf\u00eda \u00fanica y que la gente volver\u00e1 a ver en sus productos como si nunca se hubiese ido.<br \/>\n&#8212;&#8212;&#8212;&#8212;&#8212;&#8212;&#8212;&#8212;&#8212;&#8212;&#8212;&#8212;-<br \/>\nMerca 2.0 \/ CueroAm\u00e9rica<\/p>\n<p dir=\"ltr\">\u2014\u2014\u2014\u2014\u2014\u2014\u2014\u2014\u2014\u2014\u2014\u2014\u2014\u2014\u2014\u2014\u2014\u2014\u2014\u2014\u2014\u2014\u2014\u2014\u2014\u2014\u2014\u2014\u2014\u2014\u2014\u2014\u2014\u2014\u2014\u2014\u2014\u2014\u2014\u2014\u2014\u2014\u2014\u2014<\/p>\n<p dir=\"ltr\">Para comunicarse con CueroAm\u00e9rica: <span style=\"color: #3366ff;\"><a style=\"color: #3366ff;\" href=\"mailto:contacto@cueroamerica.com\">contacto@cueroamerica.com<\/a><\/span><\/p>\n<table border=\"0\" width=\"460\">\n<tbody>\n<tr>\n<td width=\"300\"><a href=\"http:\/\/bit.ly\/2pJGRot\" target=\"_blank\" rel=\"noopener noreferrer\"><img loading=\"lazy\" decoding=\"async\" src=\"\/img\/publicidad\/lanxess2019-static.jpg\" width=\"300\" height=\"200\" \/><\/a><\/td>\n<td width=\"171\"><a href=\"https:\/\/www.worldfootwear.com\/world-footwear-yearbook.html\" target=\"_blank\" rel=\"noopener noreferrer\"><img loading=\"lazy\" decoding=\"async\" src=\"\/img\/publicidad\/wfy2019banner.png\" width=\"300\" height=\"200\" \/><\/a><\/td>\n<\/tr>\n<\/tbody>\n<\/table>\n","protected":false},"excerpt":{"rendered":"<p>Reebok anunci\u00f3 que a partir de 2020 unificar\u00e1 su imagen bajo un mismo isotipo y logotipo con la idea de obtener el mayor provecho de sus \u00edconos m\u00e1s reconocibles: el logo \u201cVector\u201d y el logotipo \u201cdrop-R\u201d. De esta forma, buscar\u00e1 utilizar la imagen m\u00e1s ic\u00f3nica de la marca, con la que la mayor\u00eda de sus [&hellip;]<\/p>\n","protected":false},"author":4,"featured_media":0,"comment_status":"closed","ping_status":"closed","sticky":false,"template":"","format":"standard","meta":{"footnotes":""},"categories":[9,8],"tags":[],"class_list":["post-15840","post","type-post","status-publish","format-standard","hentry","category-deportivo","category-empresas-y-negocios","count-0","even alt","author-","last"],"_links":{"self":[{"href":"http:\/\/cueroamerica.info\/wpnews\/wp-json\/wp\/v2\/posts\/15840","targetHints":{"allow":["GET"]}}],"collection":[{"href":"http:\/\/cueroamerica.info\/wpnews\/wp-json\/wp\/v2\/posts"}],"about":[{"href":"http:\/\/cueroamerica.info\/wpnews\/wp-json\/wp\/v2\/types\/post"}],"author":[{"embeddable":true,"href":"http:\/\/cueroamerica.info\/wpnews\/wp-json\/wp\/v2\/users\/4"}],"replies":[{"embeddable":true,"href":"http:\/\/cueroamerica.info\/wpnews\/wp-json\/wp\/v2\/comments?post=15840"}],"version-history":[{"count":3,"href":"http:\/\/cueroamerica.info\/wpnews\/wp-json\/wp\/v2\/posts\/15840\/revisions"}],"predecessor-version":[{"id":15843,"href":"http:\/\/cueroamerica.info\/wpnews\/wp-json\/wp\/v2\/posts\/15840\/revisions\/15843"}],"wp:attachment":[{"href":"http:\/\/cueroamerica.info\/wpnews\/wp-json\/wp\/v2\/media?parent=15840"}],"wp:term":[{"taxonomy":"category","embeddable":true,"href":"http:\/\/cueroamerica.info\/wpnews\/wp-json\/wp\/v2\/categories?post=15840"},{"taxonomy":"post_tag","embeddable":true,"href":"http:\/\/cueroamerica.info\/wpnews\/wp-json\/wp\/v2\/tags?post=15840"}],"curies":[{"name":"wp","href":"https:\/\/api.w.org\/{rel}","templated":true}]}}