{"id":16058,"date":"2020-01-29T13:02:00","date_gmt":"2020-01-29T13:02:00","guid":{"rendered":"http:\/\/cueroamerica.info\/wpnews\/?p=16058"},"modified":"2020-01-29T13:02:00","modified_gmt":"2020-01-29T13:02:00","slug":"el-calzado-de-brasil-celebra-las-ventas-en-couromoda-y-preve-un-ano-de-crecimiento","status":"publish","type":"post","link":"http:\/\/cueroamerica.info\/wpnews\/2020\/01\/el-calzado-de-brasil-celebra-las-ventas-en-couromoda-y-preve-un-ano-de-crecimiento\/","title":{"rendered":"El calzado de Brasil celebra las ventas en Couromoda y prev\u00e9 un a\u00f1o de crecimiento"},"content":{"rendered":"<div id=\"attachment_16055\" style=\"width: 254px\" class=\"wp-caption alignleft\"><a href=\"http:\/\/cueroamerica.info\/wpnews\/wp-content\/uploads\/2020\/01\/F\u00e1brica-de-calzado_32.jpg\"><img loading=\"lazy\" decoding=\"async\" aria-describedby=\"caption-attachment-16055\" class=\" wp-image-16055\" src=\"http:\/\/cueroamerica.info\/wpnews\/wp-content\/uploads\/2020\/01\/F\u00e1brica-de-calzado_32-300x225.jpg\" alt=\"\" width=\"244\" height=\"183\" srcset=\"http:\/\/cueroamerica.info\/wpnews\/wp-content\/uploads\/2020\/01\/F\u00e1brica-de-calzado_32-300x225.jpg 300w, http:\/\/cueroamerica.info\/wpnews\/wp-content\/uploads\/2020\/01\/F\u00e1brica-de-calzado_32.jpg 620w\" sizes=\"auto, (max-width: 244px) 100vw, 244px\" \/><\/a><p id=\"caption-attachment-16055\" class=\"wp-caption-text\">F\u00e1brica de calzado.<\/p><\/div>\n<p>La reciente edici\u00f3n de Couromoda, la feria del calzado de Brasil, reflej\u00f3 cierta recuperaci\u00f3n del mercado interno del pa\u00eds, seg\u00fan comentario de algunos expositores. El sal\u00f3n, que mostr\u00f3 las colecciones de la temporada oto\u00f1o \/ invierno 2020 de zapatos y accesorios, recibi\u00f3 un 12% m\u00e1s de compradores de todo el pa\u00eds, que marcaron una impronta optimista.<\/p>\n<p>La feria, que tuvo lugar entre el 13 y el 15 de enero, en Expo Center Norte, de la ciudad de San Pablo y recibi\u00f3 visitantes que en enero de 2019, seg\u00fan informaron los organizadores.<\/p>\n<p>Para el presidente ejecutivo de la Asociaci\u00f3n Brasile\u00f1a de Industrias del Calzado (Abical\u00e7ados), Haroldo Ferreira, esta edici\u00f3n mostr\u00f3 signos de recuperaci\u00f3n y confianza, tanto en el mercado como en los consumidores. Seg\u00fan \u00e9l, en octubre y noviembre del a\u00f1o pasado (datos m\u00e1s recientes de IBGE), el comercio minorista de calzado acumul\u00f3 un aumento del 3,8% en relaci\u00f3n con el mismo per\u00edodo en 2018. \u00abEsto muestra que hay una recuperaci\u00f3n en progreso, que ya ha se sinti\u00f3 en la feria, con comerciantes que buscaban reabastecer sus tiendas, luego de las ventas de fin de a\u00f1o y tambi\u00e9n pensaban en un futuro prometedor para 2020\u201d, asegur\u00f3 el ejecutivo.<\/p>\n<p>El director de Couromoda, Jeferson Santos, se\u00f1al\u00f3 que la feria fue superior a la del a\u00f1o pasado, tanto en visitas como en negocios. Seg\u00fan \u00e9l, el hecho de que la feria tenga tres d\u00edas, y no cuatro, como los anteriores, optimiz\u00f3 el tiempo para los expositores y los comerciantes, haciendo que este \u00faltimo se centrara m\u00e1s en hacer negocios. \u00abLos incentivos de los gobiernos de S\u00e3o Paulo y Rio Grande do Sul, que redujeron impuestos al sector calzado, tambi\u00e9n se reflejaron positivamente en el estado de \u00e1nimo de los expositores\u00bb, agreg\u00f3. Santos tambi\u00e9n explic\u00f3 que el sal\u00f3n sale con la renovaci\u00f3n del 40% de los espacios, lo que apunta a la confianza del mercado. \u00ab2020 es un a\u00f1o prometedor y lo sentimos aqu\u00ed\u00bb, concluy\u00f3.<\/p>\n<p>Lucas Barbosa, gerente comercial de la marca femenina de Rio Grande do Sul, Jorge Bischoff, estim\u00f3 que la feria fue positiva, con un crecimiento en las ventas, que podr\u00eda cerrar en un 6%, para la marca hom\u00f3nima de la compa\u00f1\u00eda, y de 3% para Loucos &amp; Santos, la otra etiqueta del grupo. \u00abTuvimos una mayor actividad en el mercado interno, incluida la apertura de clientes importantes, especialmente en el sudeste\u00bb, dijo. El gerente se\u00f1al\u00f3 que las ventas a compradores del exterior tambi\u00e9n subieron, en este caso aproximadamente un 5% m\u00e1s que el a\u00f1o pasado, si bien con clientes habituales de la compa\u00f1\u00eda. Barbosa remarc\u00f3 que el resultado de la feria no fue sorprendente, ya que la compa\u00f1\u00eda creci\u00f3 m\u00e1s un 20% en 2019, despu\u00e9s de un aumento del 37% en 2018.<\/p>\n<p><a href=\"http:\/\/cueroamerica.info\/wpnews\/wp-content\/uploads\/2020\/01\/Export-Puerto-santos-sao-paulo-brasil_5-1.jpg\"><img loading=\"lazy\" decoding=\"async\" class=\" wp-image-16053 alignright\" src=\"http:\/\/cueroamerica.info\/wpnews\/wp-content\/uploads\/2020\/01\/Export-Puerto-santos-sao-paulo-brasil_5-1-300x199.jpg\" alt=\"\" width=\"244\" height=\"162\" srcset=\"http:\/\/cueroamerica.info\/wpnews\/wp-content\/uploads\/2020\/01\/Export-Puerto-santos-sao-paulo-brasil_5-1-300x199.jpg 300w, http:\/\/cueroamerica.info\/wpnews\/wp-content\/uploads\/2020\/01\/Export-Puerto-santos-sao-paulo-brasil_5-1.jpg 680w\" sizes=\"auto, (max-width: 244px) 100vw, 244px\" \/><\/a>La marca masculina Sollu experiment\u00f3 un aumento en los contactos generados, especialmente con compradores nuevos y potenciales. \u00abLos nuevos contactos aumentaron casi un 10% respecto al 2019, cont\u00f3 Vicente Silva Jr., gerente comercial de la compa\u00f1\u00eda. En 2019, Sollu creci\u00f3 un 15% en el mercado interno y un 10% en las exportaciones. \u201cVen\u00edamos de tres a\u00f1os de ca\u00eddas, lo que hace que el resultado de 2019 sea a\u00fan m\u00e1s importante\u201d, explic\u00f3.<\/p>\n<p>Abical\u00e7ados particip\u00f3 en la feria con el Proyecto Buyer Vip, llevado a cabo a trav\u00e9s del Brazilian Footwear, un programa para apoyar las exportaciones de calzado organizado por la entidad en asociaci\u00f3n con la Agencia Brasile\u00f1a de Promoci\u00f3n de Comercio e Inversi\u00f3n (Apex-Brasil). A trav\u00e9s del proyecto, llagaron a la feria diversos compradores, entre ellos del grupo Polo South Africa, de Sud\u00e1frica.<\/p>\n<p>La pr\u00f3xima edici\u00f3n de Couromoda est\u00e1 programada para el 11 y 13 de enero de 2021, tambi\u00e9n en Expo Center Norte, de la ciudad de San Pablo.<br \/>\n&#8212;&#8212;&#8212;&#8212;&#8212;&#8212;&#8212;&#8212;&#8212;&#8212;&#8212;&#8212;&#8211;<br \/>\nAbical\u00e7ados \/ CueroAm\u00e9rica<\/p>\n<p dir=\"ltr\">\u2014\u2014\u2014\u2014\u2014\u2014\u2014\u2014\u2014\u2014\u2014\u2014\u2014\u2014\u2014\u2014\u2014\u2014\u2014\u2014\u2014\u2014\u2014\u2014\u2014\u2014\u2014\u2014\u2014\u2014\u2014\u2014\u2014\u2014\u2014\u2014\u2014\u2014\u2014\u2014\u2014\u2014\u2014\u2014<\/p>\n<p dir=\"ltr\">Para comunicarse con CueroAm\u00e9rica: <span style=\"color: #3366ff;\"><a style=\"color: #3366ff;\" href=\"mailto:contacto@cueroamerica.com\">contacto@cueroamerica.com<\/a><\/span><\/p>\n<table border=\"0\" width=\"460\">\n<tbody>\n<tr>\n<td width=\"300\"><a href=\"https:\/\/www.fimec.com.br\" target=\"_blank\" rel=\"noopener noreferrer\"><img decoding=\"async\" src=\"\/img\/publicidad\/fimec-2020-banners2-300x200px.gif\" \/><\/a><\/td>\n<td width=\"171\"><a href=\"https:\/\/www.caipic.org.ar\/\" target=\"_blank\" rel=\"noopener noreferrer\"><img loading=\"lazy\" decoding=\"async\" src=\"\/img\/publicidad\/expocaipic2020.gif\" alt=\"\" width=\"300\" height=\"200\" \/><\/a><\/td>\n<\/tr>\n<\/tbody>\n<\/table>\n","protected":false},"excerpt":{"rendered":"<p>La reciente edici\u00f3n de Couromoda, la feria del calzado de Brasil, reflej\u00f3 cierta recuperaci\u00f3n del mercado interno del pa\u00eds, seg\u00fan comentario de algunos expositores. El sal\u00f3n, que mostr\u00f3 las colecciones de la temporada oto\u00f1o \/ invierno 2020 de zapatos y accesorios, recibi\u00f3 un 12% m\u00e1s de compradores de todo el pa\u00eds, que marcaron una impronta [&hellip;]<\/p>\n","protected":false},"author":4,"featured_media":0,"comment_status":"closed","ping_status":"closed","sticky":false,"template":"","format":"standard","meta":{"footnotes":""},"categories":[60,61],"tags":[],"class_list":["post-16058","post","type-post","status-publish","format-standard","hentry","category-ferias","category-noticias-de-america-latina","count-0","even alt","author-","last"],"_links":{"self":[{"href":"http:\/\/cueroamerica.info\/wpnews\/wp-json\/wp\/v2\/posts\/16058","targetHints":{"allow":["GET"]}}],"collection":[{"href":"http:\/\/cueroamerica.info\/wpnews\/wp-json\/wp\/v2\/posts"}],"about":[{"href":"http:\/\/cueroamerica.info\/wpnews\/wp-json\/wp\/v2\/types\/post"}],"author":[{"embeddable":true,"href":"http:\/\/cueroamerica.info\/wpnews\/wp-json\/wp\/v2\/users\/4"}],"replies":[{"embeddable":true,"href":"http:\/\/cueroamerica.info\/wpnews\/wp-json\/wp\/v2\/comments?post=16058"}],"version-history":[{"count":2,"href":"http:\/\/cueroamerica.info\/wpnews\/wp-json\/wp\/v2\/posts\/16058\/revisions"}],"predecessor-version":[{"id":16060,"href":"http:\/\/cueroamerica.info\/wpnews\/wp-json\/wp\/v2\/posts\/16058\/revisions\/16060"}],"wp:attachment":[{"href":"http:\/\/cueroamerica.info\/wpnews\/wp-json\/wp\/v2\/media?parent=16058"}],"wp:term":[{"taxonomy":"category","embeddable":true,"href":"http:\/\/cueroamerica.info\/wpnews\/wp-json\/wp\/v2\/categories?post=16058"},{"taxonomy":"post_tag","embeddable":true,"href":"http:\/\/cueroamerica.info\/wpnews\/wp-json\/wp\/v2\/tags?post=16058"}],"curies":[{"name":"wp","href":"https:\/\/api.w.org\/{rel}","templated":true}]}}