{"id":16061,"date":"2020-01-29T13:25:07","date_gmt":"2020-01-29T13:25:07","guid":{"rendered":"http:\/\/cueroamerica.info\/wpnews\/?p=16061"},"modified":"2020-01-29T13:25:07","modified_gmt":"2020-01-29T13:25:07","slug":"otra-caida-de-exportaciones-complica-al-cuero-uruguayo","status":"publish","type":"post","link":"http:\/\/cueroamerica.info\/wpnews\/2020\/01\/otra-caida-de-exportaciones-complica-al-cuero-uruguayo\/","title":{"rendered":"Otra ca\u00edda de exportaciones complica al cuero uruguayo"},"content":{"rendered":"<div id=\"attachment_16050\" style=\"width: 256px\" class=\"wp-caption alignright\"><a href=\"http:\/\/cueroamerica.info\/wpnews\/wp-content\/uploads\/2020\/01\/Curtiembre-en-Uruguay_3.jpg\"><img loading=\"lazy\" decoding=\"async\" aria-describedby=\"caption-attachment-16050\" class=\" wp-image-16050\" src=\"http:\/\/cueroamerica.info\/wpnews\/wp-content\/uploads\/2020\/01\/Curtiembre-en-Uruguay_3-300x183.jpg\" alt=\"\" width=\"246\" height=\"150\" srcset=\"http:\/\/cueroamerica.info\/wpnews\/wp-content\/uploads\/2020\/01\/Curtiembre-en-Uruguay_3-300x183.jpg 300w, http:\/\/cueroamerica.info\/wpnews\/wp-content\/uploads\/2020\/01\/Curtiembre-en-Uruguay_3.jpg 616w\" sizes=\"auto, (max-width: 246px) 100vw, 246px\" \/><\/a><p id=\"caption-attachment-16050\" class=\"wp-caption-text\">Curtiembre en Uruguay.<\/p><\/div>\n<p>Las exportaciones de cuero y sus manufacturas de Uruguay registraron una baja del 30% en 2019, pasando de una facturaci\u00f3n de US$ 223 millones FOB en 2018 a cerrar 2019 en US$ 155 millones. Los problemas del mercado mundial ya lo hab\u00edan afectado en ese a\u00f1o, ya que la industria tambi\u00e9n hab\u00eda registrado una reducci\u00f3n, que en ese per\u00edodo fue del 9%, en comparaci\u00f3n con el 2017.<\/p>\n<p>Las exportaciones de cuero representaron en Uruguay una cuota del 2% del total de las exportaciones del pa\u00eds y el sector perdi\u00f3 peso en el Producto Interno Bruto (PIB) del pa\u00eds (Promoci\u00f3n de Inversiones y Exportaciones Uruguay XXI).<\/p>\n<p>La situaci\u00f3n actual de la industria tambi\u00e9n tuvo consecuencias negativas en el sector laboral. Desde 2010 los problemas de la industria generaron el cierre de plantas y la p\u00e9rdida de muchos puestos de trabajo, seg\u00fan se\u00f1al\u00f3 Venancio Lacurcia, asesor del Ministerio de Industria, que se\u00f1al\u00f3 que algo similar ocurre en Argentina, Brasil, Chile y Colombia.<\/p>\n<p>La calidad del cuero uruguayo tiene todav\u00eda buena recepci\u00f3n en pa\u00edses como Francia, Reino Unido y Espa\u00f1a, a pesar de las dificultades en el sector<\/p>\n<p>Seg\u00fan el informe, las exportaciones uruguayas de prendas de cueros se han concentrado principalmente en la industria de la moda, donde las prendas de vestir hechas a base de cuero son principalmente vendidas a otros pa\u00edses del Continente como Chile, M\u00e9xico y Estados Unidos. En cambio, los accesorios como guantes dirigieron sus exportaciones principalmente a mercados europeos, como Alemania y Espa\u00f1a.<\/p>\n<p>En 2019 el presidente Tabar\u00e9 V\u00e1zquez anul\u00f3, a trav\u00e9s de un decreto, una antigua disposici\u00f3n que establec\u00eda m\u00faltiples exigencias en la calidad de los productos de cuero con destino a la exportaci\u00f3n, como un incentivo para facilitar la venta de pieles.<br \/>\n&#8212;&#8212;&#8212;&#8212;&#8212;&#8212;&#8212;&#8212;&#8212;&#8212;&#8212;&#8211;<br \/>\nModaes \/ CueroAm\u00e9rica<\/p>\n<p dir=\"ltr\">\u2014\u2014\u2014\u2014\u2014\u2014\u2014\u2014\u2014\u2014\u2014\u2014\u2014\u2014\u2014\u2014\u2014\u2014\u2014\u2014\u2014\u2014\u2014\u2014\u2014\u2014\u2014\u2014\u2014\u2014\u2014\u2014\u2014\u2014\u2014\u2014\u2014\u2014\u2014\u2014\u2014\u2014\u2014\u2014<\/p>\n<p dir=\"ltr\">Para comunicarse con CueroAm\u00e9rica: <span style=\"color: #3366ff;\"><a style=\"color: #3366ff;\" href=\"mailto:contacto@cueroamerica.com\">contacto@cueroamerica.com<\/a><\/span><\/p>\n<table border=\"0\" width=\"460\">\n<tbody>\n<tr>\n<td width=\"300\"><a href=\"http:\/\/bit.ly\/2OqA3dq\" target=\"_blank\" rel=\"noopener noreferrer\"><img decoding=\"async\" src=\"\/img\/publicidad\/francal300x200-2020.png\" \/><\/a><\/td>\n<td width=\"171\"><a href=\"http:\/\/bit.ly\/2q2HjkA\" target=\"_blank\" rel=\"noopener noreferrer\"><img loading=\"lazy\" decoding=\"async\" src=\"\/img\/publicidad\/banner_jn-082016.gif\" width=\"300\" height=\"200\" \/><\/a><\/td>\n<\/tr>\n<\/tbody>\n<\/table>\n","protected":false},"excerpt":{"rendered":"<p>Las exportaciones de cuero y sus manufacturas de Uruguay registraron una baja del 30% en 2019, pasando de una facturaci\u00f3n de US$ 223 millones FOB en 2018 a cerrar 2019 en US$ 155 millones. Los problemas del mercado mundial ya lo hab\u00edan afectado en ese a\u00f1o, ya que la industria tambi\u00e9n hab\u00eda registrado una reducci\u00f3n, [&hellip;]<\/p>\n","protected":false},"author":4,"featured_media":0,"comment_status":"closed","ping_status":"closed","sticky":false,"template":"","format":"standard","meta":{"footnotes":""},"categories":[43,61],"tags":[],"class_list":["post-16061","post","type-post","status-publish","format-standard","hentry","category-industrias","category-noticias-de-america-latina","count-0","even alt","author-","last"],"_links":{"self":[{"href":"http:\/\/cueroamerica.info\/wpnews\/wp-json\/wp\/v2\/posts\/16061","targetHints":{"allow":["GET"]}}],"collection":[{"href":"http:\/\/cueroamerica.info\/wpnews\/wp-json\/wp\/v2\/posts"}],"about":[{"href":"http:\/\/cueroamerica.info\/wpnews\/wp-json\/wp\/v2\/types\/post"}],"author":[{"embeddable":true,"href":"http:\/\/cueroamerica.info\/wpnews\/wp-json\/wp\/v2\/users\/4"}],"replies":[{"embeddable":true,"href":"http:\/\/cueroamerica.info\/wpnews\/wp-json\/wp\/v2\/comments?post=16061"}],"version-history":[{"count":1,"href":"http:\/\/cueroamerica.info\/wpnews\/wp-json\/wp\/v2\/posts\/16061\/revisions"}],"predecessor-version":[{"id":16062,"href":"http:\/\/cueroamerica.info\/wpnews\/wp-json\/wp\/v2\/posts\/16061\/revisions\/16062"}],"wp:attachment":[{"href":"http:\/\/cueroamerica.info\/wpnews\/wp-json\/wp\/v2\/media?parent=16061"}],"wp:term":[{"taxonomy":"category","embeddable":true,"href":"http:\/\/cueroamerica.info\/wpnews\/wp-json\/wp\/v2\/categories?post=16061"},{"taxonomy":"post_tag","embeddable":true,"href":"http:\/\/cueroamerica.info\/wpnews\/wp-json\/wp\/v2\/tags?post=16061"}],"curies":[{"name":"wp","href":"https:\/\/api.w.org\/{rel}","templated":true}]}}