{"id":16109,"date":"2020-02-26T13:39:57","date_gmt":"2020-02-26T13:39:57","guid":{"rendered":"http:\/\/cueroamerica.info\/wpnews\/?p=16109"},"modified":"2020-02-26T13:39:57","modified_gmt":"2020-02-26T13:39:57","slug":"micam-cerro-su-89o-edicion-con-un-5-menos-de-visitas","status":"publish","type":"post","link":"http:\/\/cueroamerica.info\/wpnews\/2020\/02\/micam-cerro-su-89o-edicion-con-un-5-menos-de-visitas\/","title":{"rendered":"MICAM cerr\u00f3 su 89\u00ba edici\u00f3n con un 5% menos de visitas"},"content":{"rendered":"<p><a href=\"http:\/\/cueroamerica.info\/wpnews\/wp-content\/uploads\/2020\/02\/5aa3eac0-17.jpg\"><img loading=\"lazy\" decoding=\"async\" class=\"alignleft wp-image-16111\" src=\"http:\/\/cueroamerica.info\/wpnews\/wp-content\/uploads\/2020\/02\/5aa3eac0-17-300x200.jpg\" alt=\"\" width=\"245\" height=\"163\" srcset=\"http:\/\/cueroamerica.info\/wpnews\/wp-content\/uploads\/2020\/02\/5aa3eac0-17-300x200.jpg 300w, http:\/\/cueroamerica.info\/wpnews\/wp-content\/uploads\/2020\/02\/5aa3eac0-17.jpg 700w\" sizes=\"auto, (max-width: 245px) 100vw, 245px\" \/><\/a>La 89\u00aa edici\u00f3n de MICAM, el Sal\u00f3n Internacional del Calzado promovido por Assocalzaturifici registr\u00f3 una ligera ca\u00edda (-5%) en la cantidad de visitantes. La feria present\u00f3 1205 empresas, de las cuales 628 fueron italianas y 577 extranjeras.<\/p>\n<p>Siro Badon, presidente de MICAM y Assocalzaturifici, se\u00f1al\u00f3 que esperaban una contracci\u00f3n de visitas. \u201cVimos una ca\u00edda en el n\u00famero de compradores asi\u00e1ticos y un desaceleraci\u00f3n en los visitantes brit\u00e1nicos debido a dificultades de transporte. Las primeras est\u00e1n causadas por la preocupante emergencia de salud p\u00fablica y la segunda por las condiciones clim\u00e1ticas extremas. Tambi\u00e9n hubo una ligera disminuci\u00f3n en los compradores alemanes que est\u00e1n pasando por un per\u00edodo econ\u00f3mico dif\u00edcil.<\/p>\n<p><a href=\"http:\/\/cueroamerica.info\/wpnews\/wp-content\/uploads\/2020\/02\/miniatura_normal.jpg\"><img loading=\"lazy\" decoding=\"async\" class=\" wp-image-16110 alignright\" src=\"http:\/\/cueroamerica.info\/wpnews\/wp-content\/uploads\/2020\/02\/miniatura_normal-300x169.jpg\" alt=\"\" width=\"247\" height=\"139\" srcset=\"http:\/\/cueroamerica.info\/wpnews\/wp-content\/uploads\/2020\/02\/miniatura_normal-300x169.jpg 300w, http:\/\/cueroamerica.info\/wpnews\/wp-content\/uploads\/2020\/02\/miniatura_normal-768x432.jpg 768w, http:\/\/cueroamerica.info\/wpnews\/wp-content\/uploads\/2020\/02\/miniatura_normal-1024x576.jpg 1024w, http:\/\/cueroamerica.info\/wpnews\/wp-content\/uploads\/2020\/02\/miniatura_normal.jpg 1080w\" sizes=\"auto, (max-width: 247px) 100vw, 247px\" \/><\/a>Sin embargo la feria tuvo un aumento en los compradores de Rusia y de su regi\u00f3n. \u201cTuvimos una serie de compradores y visitantes de alto perfil que mostraron inter\u00e9s real en los productos innovadores presentados por nuestros expositores y, en particular, en las colecciones italianas de alta calidad\u00bb, explic\u00f3 el dirigente.<\/p>\n<p>Por su parte Tommaso Cancellara CEO de MICAM-, se refiri\u00f3 al hecho de que el per\u00edodo previo a MICAM coincide con una serie de otras ferias comerciales \u201cque ofrecen a los compradores extranjeros mayores oportunidades de negocio, permiti\u00e9ndoles descubrir lo mejor de hecho en Italia en solo diez d\u00edas en Mil\u00e1n\u00bb.<\/p>\n<p>En 2019, el sector del calzado registr\u00f3 un aumento en ambas exportaciones (+ 6.8%, que asciende en t\u00e9rminos de valor a una cifra r\u00e9cord de m\u00e1s de \u20ac 10.0000 millones y la balanza comercial creci\u00f3 un 10,3%, frente a una desaceleraci\u00f3n en la producci\u00f3n del 3,1% en pares.<\/p>\n<p><a href=\"http:\/\/cueroamerica.info\/wpnews\/wp-content\/uploads\/2020\/02\/gobierno-rioja-MICAM-Milan-2.jpg\"><img loading=\"lazy\" decoding=\"async\" class=\"alignleft wp-image-16093\" src=\"http:\/\/cueroamerica.info\/wpnews\/wp-content\/uploads\/2020\/02\/gobierno-rioja-MICAM-Milan-2-300x169.jpg\" alt=\"\" width=\"241\" height=\"136\" srcset=\"http:\/\/cueroamerica.info\/wpnews\/wp-content\/uploads\/2020\/02\/gobierno-rioja-MICAM-Milan-2-300x169.jpg 300w, http:\/\/cueroamerica.info\/wpnews\/wp-content\/uploads\/2020\/02\/gobierno-rioja-MICAM-Milan-2-768x433.jpg 768w, http:\/\/cueroamerica.info\/wpnews\/wp-content\/uploads\/2020\/02\/gobierno-rioja-MICAM-Milan-2-1024x577.jpg 1024w, http:\/\/cueroamerica.info\/wpnews\/wp-content\/uploads\/2020\/02\/gobierno-rioja-MICAM-Milan-2.jpg 1200w\" sizes=\"auto, (max-width: 241px) 100vw, 241px\" \/><\/a>Una de las nuevos sectores de esta edici\u00f3n que result\u00f3 ser m\u00e1s popular entre los compradores fue MICAM X, el \u00e1rea dedicada a los m\u00e1s innovadores y tecnol\u00f3gicamente avanzados.<\/p>\n<p>Los compradores pudieron disfrutar de una apretada agenda de seminarios y desfiles de moda, que los actualizaron de las \u00faltimas novedades del sector, incluida la moda y tendencias, nuevos materiales, sostenibilidad y el futuro del comercio minorista.<\/p>\n<p>La sostenibilidad social y ambiental fue uno de los temas clave en el coraz\u00f3n de otras iniciativas exitosas, como The Garden, un espacio dedicado al respeto por el medio ambiente, y la Plaza iKids, que albergaba las Wonder Dolls.<\/p>\n<p>El mundo de los deportes y el calzado para para el aire libre se destac\u00f3 en el Players District, un \u00e1rea animada y din\u00e1mica que alberga los productos deportivos y de entretenimiento de estilo \u2018aire libre\u2019.<\/p>\n<p>El anuncio de la primera edici\u00f3n de MICAM Americas, programada para realizarse del 17 al 19 de agosto de 2020 en el Centro de Convenciones de Las Vegas produjo gran inter\u00e9s por parte de los distribuidores y profesionales. El sal\u00f3n, creado en asociaci\u00f3n con Informa Markets, toma el lugar de FN Platform como el m\u00e1s grande evento dedicado al calzado en los EE.UU. y proporcionar\u00e1 a la comunidad mundial del calzado con un nuevo lugar para reunirse y hacer negocios.<\/p>\n<p>La nueva edici\u00f3n de MICAM en las que se presentar\u00e1n las colecciones Primavera\/Verano 2021 se realizar\u00e1 en la Fiera Milano del 20 al 23 de septiembre.<br \/>\n&#8212;&#8212;&#8212;&#8212;&#8212;&#8212;&#8212;&#8212;&#8212;&#8212;&#8212;&#8212;&#8212;&#8212;&#8212;-<br \/>\nAssocalzaturifici \/ CueroAm\u00e9rica<\/p>\n<p dir=\"ltr\">\u2014\u2014\u2014\u2014\u2014\u2014\u2014\u2014\u2014\u2014\u2014\u2014\u2014\u2014\u2014\u2014\u2014\u2014\u2014\u2014\u2014\u2014\u2014\u2014\u2014\u2014\u2014\u2014\u2014\u2014\u2014\u2014\u2014\u2014\u2014\u2014\u2014\u2014\u2014\u2014\u2014\u2014\u2014\u2014<\/p>\n<p dir=\"ltr\">Para comunicarse con CueroAm\u00e9rica: <span style=\"color: #3366ff;\"><a style=\"color: #3366ff;\" href=\"mailto:contacto@cueroamerica.com\">contacto@cueroamerica.com<\/a><\/span><\/p>\n<table border=\"0\" width=\"460\">\n<tbody>\n<tr>\n<td width=\"300\"><a href=\"http:\/\/bit.ly\/2pJGRot\" target=\"_blank\" rel=\"noopener noreferrer\"><img loading=\"lazy\" decoding=\"async\" src=\"\/img\/publicidad\/lanxess2019-static.jpg\" width=\"300\" height=\"200\" \/><\/a><\/td>\n<td width=\"171\"><a href=\"https:\/\/www.smitzoon.com\/en\/\" target=\"_blank\" rel=\"noopener noreferrer\"><img decoding=\"async\" src=\"\/img\/publicidad\/sz2020a.gif\" \/><\/a><\/td>\n<\/tr>\n<\/tbody>\n<\/table>\n","protected":false},"excerpt":{"rendered":"<p>La 89\u00aa edici\u00f3n de MICAM, el Sal\u00f3n Internacional del Calzado promovido por Assocalzaturifici registr\u00f3 una ligera ca\u00edda (-5%) en la cantidad de visitantes. La feria present\u00f3 1205 empresas, de las cuales 628 fueron italianas y 577 extranjeras. Siro Badon, presidente de MICAM y Assocalzaturifici, se\u00f1al\u00f3 que esperaban una contracci\u00f3n de visitas. \u201cVimos una ca\u00edda en [&hellip;]<\/p>\n","protected":false},"author":4,"featured_media":0,"comment_status":"closed","ping_status":"closed","sticky":false,"template":"","format":"standard","meta":{"footnotes":""},"categories":[66,60],"tags":[],"class_list":["post-16109","post","type-post","status-publish","format-standard","hentry","category-ferias-realizadas","category-ferias","count-0","even alt","author-","last"],"_links":{"self":[{"href":"http:\/\/cueroamerica.info\/wpnews\/wp-json\/wp\/v2\/posts\/16109","targetHints":{"allow":["GET"]}}],"collection":[{"href":"http:\/\/cueroamerica.info\/wpnews\/wp-json\/wp\/v2\/posts"}],"about":[{"href":"http:\/\/cueroamerica.info\/wpnews\/wp-json\/wp\/v2\/types\/post"}],"author":[{"embeddable":true,"href":"http:\/\/cueroamerica.info\/wpnews\/wp-json\/wp\/v2\/users\/4"}],"replies":[{"embeddable":true,"href":"http:\/\/cueroamerica.info\/wpnews\/wp-json\/wp\/v2\/comments?post=16109"}],"version-history":[{"count":2,"href":"http:\/\/cueroamerica.info\/wpnews\/wp-json\/wp\/v2\/posts\/16109\/revisions"}],"predecessor-version":[{"id":16113,"href":"http:\/\/cueroamerica.info\/wpnews\/wp-json\/wp\/v2\/posts\/16109\/revisions\/16113"}],"wp:attachment":[{"href":"http:\/\/cueroamerica.info\/wpnews\/wp-json\/wp\/v2\/media?parent=16109"}],"wp:term":[{"taxonomy":"category","embeddable":true,"href":"http:\/\/cueroamerica.info\/wpnews\/wp-json\/wp\/v2\/categories?post=16109"},{"taxonomy":"post_tag","embeddable":true,"href":"http:\/\/cueroamerica.info\/wpnews\/wp-json\/wp\/v2\/tags?post=16109"}],"curies":[{"name":"wp","href":"https:\/\/api.w.org\/{rel}","templated":true}]}}