{"id":16443,"date":"2020-06-05T13:55:50","date_gmt":"2020-06-05T13:55:50","guid":{"rendered":"http:\/\/cueroamerica.info\/wpnews\/?p=16443"},"modified":"2020-06-05T15:29:01","modified_gmt":"2020-06-05T15:29:01","slug":"por-la-crisis-la-industria-del-calzado-brasilera-ya-despidio-a-mas-de-34-000-empleados","status":"publish","type":"post","link":"http:\/\/cueroamerica.info\/wpnews\/2020\/06\/por-la-crisis-la-industria-del-calzado-brasilera-ya-despidio-a-mas-de-34-000-empleados\/","title":{"rendered":"Por la crisis la industria del calzado brasilera ya despidi\u00f3 a m\u00e1s de 34.000 empleados"},"content":{"rendered":"<div id=\"attachment_16425\" style=\"width: 255px\" class=\"wp-caption alignleft\"><a href=\"http:\/\/cueroamerica.info\/wpnews\/wp-content\/uploads\/2020\/06\/F\u00e1brica-de-calzado-de-Franca.jpg\"><img loading=\"lazy\" decoding=\"async\" aria-describedby=\"caption-attachment-16425\" class=\"wp-image-16425 \" src=\"http:\/\/cueroamerica.info\/wpnews\/wp-content\/uploads\/2020\/06\/F\u00e1brica-de-calzado-de-Franca-300x200.jpg\" alt=\"\" width=\"245\" height=\"163\" srcset=\"http:\/\/cueroamerica.info\/wpnews\/wp-content\/uploads\/2020\/06\/F\u00e1brica-de-calzado-de-Franca-300x200.jpg 300w, http:\/\/cueroamerica.info\/wpnews\/wp-content\/uploads\/2020\/06\/F\u00e1brica-de-calzado-de-Franca.jpg 600w\" sizes=\"auto, (max-width: 245px) 100vw, 245px\" \/><\/a><p id=\"caption-attachment-16425\" class=\"wp-caption-text\">F\u00e1brica de calzado de Franca.<\/p><\/div>\n<p>Desde el comienzo de la pandemia del coronavirus en Brasil, la industria del calzado de Brasil perdi\u00f3 34.100 puestos de trabajo. La cifra constituye el 12.6% de la fuerza laboral total del segmento, que sumaba 269.000 empleos directos registrados en diciembre de 2019.<\/p>\n<p>La informaci\u00f3n provista por la Asociaci\u00f3n Brasile\u00f1a de Industrias del Calzado (Abical\u00e7ados) proviene de una encuesta que comenz\u00f3 a mediados de marzo y cuyo cierre al d\u00eda 26 de mayo dio el dato de la magnitud de la ca\u00edda del sector.<\/p>\n<p>El presidente ejecutivo de Abical\u00e7ados, Haroldo Ferreira, lament\u00f3 los n\u00fameros, enfatizando que la realidad del sector muestra una fuerte ca\u00edda en los pedidos. \u00abEl comercio minorista f\u00edsico permanece cerrado o restringido en gran parte del pa\u00eds. Solo S\u00e3o Paulo, uno de los estados con m\u00e1s restricciones en las actividades comerciales, consume m\u00e1s del 40% de los zapatos producidos\u201d.<\/p>\n<p><a href=\"http:\/\/cueroamerica.info\/wpnews\/wp-content\/uploads\/2020\/06\/produ\u00e7\u00e3o-franca1.jpg\"><img loading=\"lazy\" decoding=\"async\" class=\" wp-image-16427 alignright\" src=\"http:\/\/cueroamerica.info\/wpnews\/wp-content\/uploads\/2020\/06\/produ\u00e7\u00e3o-franca1-300x225.jpg\" alt=\"\" width=\"243\" height=\"182\" srcset=\"http:\/\/cueroamerica.info\/wpnews\/wp-content\/uploads\/2020\/06\/produ\u00e7\u00e3o-franca1-300x225.jpg 300w, http:\/\/cueroamerica.info\/wpnews\/wp-content\/uploads\/2020\/06\/produ\u00e7\u00e3o-franca1-768x576.jpg 768w, http:\/\/cueroamerica.info\/wpnews\/wp-content\/uploads\/2020\/06\/produ\u00e7\u00e3o-franca1.jpg 900w\" sizes=\"auto, (max-width: 243px) 100vw, 243px\" \/><\/a>\u201cEl mercado interno brasilero, que absorbe m\u00e1s del 85% de nuestra producci\u00f3n, simplemente ha dejado de consumir. Sin nuevos pedidos, no podemos mantener los trabajos. Hoy, el sector est\u00e1 utilizando poco m\u00e1s del 30% de su capacidad instalada\u201d, comenta Ferreira, y agrega que la producci\u00f3n de calzado podr\u00eda caer hasta un 30% en 2020, cayendo a los niveles de mediados de la d\u00e9cada de 2000.<\/p>\n<p>Adem\u00e1s de la ca\u00edda en el mercado interno se suma a la situaci\u00f3n el impacto de las exportaciones de calzado, que cay\u00f3 un 40% en abril, con 4,84 millones de pares enviados. En el a\u00f1o, seg\u00fan Abical\u00e7ados, se espera que los env\u00edos caigan al menos un 30,6%, cerrando con el peor resultado desde 1983. \u00abAdem\u00e1s de la falta de demanda internacional, muchos pa\u00edses a\u00fan sufren los problemas de la pandemia, con fronteras cerradas y servicios log\u00edsticos deteriorados\u00bb, apunta Ferreira.<\/p>\n<p>Seg\u00fan el ejecutivo, la entidad ha estado trabajando con pedidos al Gobierno Federal, como facilitar el MP 936 y el acceso a l\u00edneas de cr\u00e9dito para capital de trabajo y n\u00f3mina. \u00abEl objetivo es mantener el n\u00famero m\u00e1ximo de empleos, pero todas las medidas ser\u00e1n paliativas si el consumo no se reanuda\u00bb, concluye el Ferreira.<\/p>\n<p>La encuesta realizada por Abical\u00e7ados con empresas del sector se actualizar\u00e1 semanalmente.<br \/>\n&#8212;&#8212;&#8212;&#8212;&#8212;&#8212;&#8212;&#8212;&#8212;&#8212;&#8212;&#8212;&#8212;&#8211;<br \/>\nAbical\u00e7ados \/ CueroAm\u00e9rica<br \/>\n&#8212;&#8212;&#8212;&#8212;&#8212;&#8212;&#8212;&#8212;&#8212;&#8212;&#8212;&#8212;&#8212;&#8212;&#8212;&#8211;<br \/>\nPara comunicarse con CueroAm\u00e9rica: <span style=\"color: #3366ff;\"><a style=\"color: #3366ff;\" href=\"mailto:contacto@cueroamerica.com\">contacto@cueroamerica.com<\/a><\/span><\/p>\n<table>\n<tbody>\n<tr>\n<td width=\"300\"><a href=\"https:\/\/www.smitzoon.com\/en\/\" target=\"_blank\" rel=\"noopener noreferrer\"><img decoding=\"async\" src=\"\/img\/publicidad\/sz2020a.gif\" \/><\/a><\/td>\n<td width=\"171\"><a href=\"http:\/\/bit.ly\/2pK0gG1\" target=\"_blank\" rel=\"noopener noreferrer\"><img loading=\"lazy\" decoding=\"async\" src=\"\/img\/publicidad\/dfs2017.gif\" alt=\"\" width=\"300\" height=\"200\" border=\"0\" \/><\/a><\/td>\n<\/tr>\n<\/tbody>\n<\/table>\n","protected":false},"excerpt":{"rendered":"<p>Desde el comienzo de la pandemia del coronavirus en Brasil, la industria del calzado de Brasil perdi\u00f3 34.100 puestos de trabajo. La cifra constituye el 12.6% de la fuerza laboral total del segmento, que sumaba 269.000 empleos directos registrados en diciembre de 2019. La informaci\u00f3n provista por la Asociaci\u00f3n Brasile\u00f1a de Industrias del Calzado (Abical\u00e7ados) [&hellip;]<\/p>\n","protected":false},"author":4,"featured_media":0,"comment_status":"closed","ping_status":"closed","sticky":false,"template":"","format":"standard","meta":{"footnotes":""},"categories":[80,61],"tags":[],"class_list":["post-16443","post","type-post","status-publish","format-standard","hentry","category-crisis","category-noticias-de-america-latina","count-0","even alt","author-","last"],"_links":{"self":[{"href":"http:\/\/cueroamerica.info\/wpnews\/wp-json\/wp\/v2\/posts\/16443","targetHints":{"allow":["GET"]}}],"collection":[{"href":"http:\/\/cueroamerica.info\/wpnews\/wp-json\/wp\/v2\/posts"}],"about":[{"href":"http:\/\/cueroamerica.info\/wpnews\/wp-json\/wp\/v2\/types\/post"}],"author":[{"embeddable":true,"href":"http:\/\/cueroamerica.info\/wpnews\/wp-json\/wp\/v2\/users\/4"}],"replies":[{"embeddable":true,"href":"http:\/\/cueroamerica.info\/wpnews\/wp-json\/wp\/v2\/comments?post=16443"}],"version-history":[{"count":2,"href":"http:\/\/cueroamerica.info\/wpnews\/wp-json\/wp\/v2\/posts\/16443\/revisions"}],"predecessor-version":[{"id":16450,"href":"http:\/\/cueroamerica.info\/wpnews\/wp-json\/wp\/v2\/posts\/16443\/revisions\/16450"}],"wp:attachment":[{"href":"http:\/\/cueroamerica.info\/wpnews\/wp-json\/wp\/v2\/media?parent=16443"}],"wp:term":[{"taxonomy":"category","embeddable":true,"href":"http:\/\/cueroamerica.info\/wpnews\/wp-json\/wp\/v2\/categories?post=16443"},{"taxonomy":"post_tag","embeddable":true,"href":"http:\/\/cueroamerica.info\/wpnews\/wp-json\/wp\/v2\/tags?post=16443"}],"curies":[{"name":"wp","href":"https:\/\/api.w.org\/{rel}","templated":true}]}}