{"id":16461,"date":"2020-06-16T13:22:18","date_gmt":"2020-06-16T13:22:18","guid":{"rendered":"http:\/\/cueroamerica.info\/wpnews\/?p=16461"},"modified":"2020-06-16T13:26:52","modified_gmt":"2020-06-16T13:26:52","slug":"stahl-estara-en-la-feria-acle-de-shanghai-brindando-info-a-visitantes-y-tambien-online","status":"publish","type":"post","link":"http:\/\/cueroamerica.info\/wpnews\/2020\/06\/stahl-estara-en-la-feria-acle-de-shanghai-brindando-info-a-visitantes-y-tambien-online\/","title":{"rendered":"Stahl estar\u00e1 en la feria ACLE de Shangh\u00e1i brindando info a visitantes y tambi\u00e9n online"},"content":{"rendered":"<div id=\"attachment_16458\" style=\"width: 158px\" class=\"wp-caption alignleft\"><a href=\"http:\/\/cueroamerica.info\/wpnews\/wp-content\/uploads\/2020\/06\/Xavier-Rafols-director-global-de-productos-qu\u00edmicos-para-el-cuero-de-Stahl.jpg\"><img loading=\"lazy\" decoding=\"async\" aria-describedby=\"caption-attachment-16458\" class=\" wp-image-16458\" src=\"http:\/\/cueroamerica.info\/wpnews\/wp-content\/uploads\/2020\/06\/Xavier-Rafols-director-global-de-productos-qu\u00edmicos-para-el-cuero-de-Stahl-246x300.jpg\" alt=\"\" width=\"148\" height=\"180\" srcset=\"http:\/\/cueroamerica.info\/wpnews\/wp-content\/uploads\/2020\/06\/Xavier-Rafols-director-global-de-productos-qu\u00edmicos-para-el-cuero-de-Stahl-246x300.jpg 246w, http:\/\/cueroamerica.info\/wpnews\/wp-content\/uploads\/2020\/06\/Xavier-Rafols-director-global-de-productos-qu\u00edmicos-para-el-cuero-de-Stahl.jpg 256w\" sizes=\"auto, (max-width: 148px) 100vw, 148px\" \/><\/a><p id=\"caption-attachment-16458\" class=\"wp-caption-text\">Xavier Rafols, director global de productos qu\u00edmicos para el cuero de Stahl.<\/p><\/div>\n<p>Stahl estar\u00e1 este a\u00f1o nuevamente presente, como siempre con un stand, en la feria mundial de cuero m\u00e1s importante: la feria All China Leather (ACLE), en Shanghai. \u201cLa compa\u00f1\u00eda se compromete a apoyar a la industria del cuero en tiempos dif\u00edciles y atender\u00e1 a los clientes que est\u00e1n presentes en la feria, as\u00ed como a los que participar\u00e1n a distancia desde todo el mundo\u201d, anunciaron.<\/p>\n<p>Xavier Rafols, director global de productos qu\u00edmicos para el cuero en Stahl destac\u00f3 que \u00abcomo parte de la pol\u00edtica de la compa\u00f1\u00eda de Stahl, seguimos estrictamente la orientaci\u00f3n m\u00e1s reciente de las autoridades sanitarias nacionales e internacionales con respecto a la prevenci\u00f3n de la propagaci\u00f3n del virus. En China, con la pandemia de coronavirus en v\u00edas de control, las autoridades chinas alientan a eventos como ACLE y apoyan activamente esta iniciativa\u201d.<\/p>\n<p>\u201cPor esto -agreg\u00f3 Rafols-, esperamos ver a nuestros clientes y socios en la feria en septiembre y naturalmente tomaremos en cuenta todas las medidas de seguridad necesarias para garantizar que tanto a los visitantes como nuestros empleados estar\u00e1n protegidos\u00bb.<\/p>\n<div id=\"attachment_16410\" style=\"width: 159px\" class=\"wp-caption alignright\"><a href=\"http:\/\/cueroamerica.info\/wpnews\/wp-content\/uploads\/2020\/05\/John-Fletcher-Director-de-Asuntos-Corporativos-del-Grupo-en-Stahl_1.jpg\"><img loading=\"lazy\" decoding=\"async\" aria-describedby=\"caption-attachment-16410\" class=\" wp-image-16410\" src=\"http:\/\/cueroamerica.info\/wpnews\/wp-content\/uploads\/2020\/05\/John-Fletcher-Director-de-Asuntos-Corporativos-del-Grupo-en-Stahl_1.jpg\" alt=\"\" width=\"149\" height=\"190\" \/><\/a><p id=\"caption-attachment-16410\" class=\"wp-caption-text\">John Fletcher Director de Asuntos Corporativos del Grupo en Stahl.<\/p><\/div>\n<p>John Fletcher, director de asuntos corporativos de Stahl, se\u00f1al\u00f3 tambi\u00e9n que \u201cjunto con la presencia de Stahl en la feria de Shangh\u00e1i, este a\u00f1o tambi\u00e9n atenderemos a aquellos clientes que se encuentran en ubicaciones remotas al ofrecer contenido especializado con una serie de seminarios web. Los temas variar\u00e1n desde presentaciones relacionadas con ESG hasta informaci\u00f3n sobre nuestras \u00faltimas innovaciones t\u00e9cnicas\u00bb, detall\u00f3.<\/p>\n<p>La empresa anunc\u00edo que m\u00e1s adelante anunciar\u00e1n m\u00e1s detalles del programa y que las personas interesadas pueden suscribirse al bolet\u00edn de Stahl para recibir m\u00e1s informaci\u00f3n.<br \/>\n&#8212;&#8212;&#8212;&#8212;&#8212;&#8212;&#8212;&#8212;&#8212;&#8212;&#8211;<br \/>\nStahl \/ CueroAm\u00e9rica<\/p>\n<p>&#8212;&#8212;&#8212;&#8212;&#8212;&#8212;&#8212;&#8212;&#8212;&#8212;&#8212;&#8212;&#8212;&#8212;&#8212;&#8211;<br \/>\nPara comunicarse con CueroAm\u00e9rica: <span style=\"color: #3366ff;\"><a style=\"color: #3366ff;\" href=\"mailto:contacto@cueroamerica.com\">contacto@cueroamerica.com<\/a><\/span><\/p>\n<table>\n<tbody>\n<tr>\n<td width=\"300\"><a href=\"https:\/\/www.smitzoon.com\/en\/\" target=\"_blank\" rel=\"noopener noreferrer\"><img decoding=\"async\" src=\"\/img\/publicidad\/sz2020a.gif\" \/><\/a><\/td>\n<td width=\"171\"><a href=\"http:\/\/bit.ly\/2q2HjkA\" target=\"_blank\" rel=\"noopener noreferrer\"><img loading=\"lazy\" decoding=\"async\" src=\"\/img\/publicidad\/banner_jn-082016.gif\" width=\"300\" height=\"200\" \/><\/a><\/td>\n<\/tr>\n<\/tbody>\n<\/table>\n","protected":false},"excerpt":{"rendered":"<p>Stahl estar\u00e1 este a\u00f1o nuevamente presente, como siempre con un stand, en la feria mundial de cuero m\u00e1s importante: la feria All China Leather (ACLE), en Shanghai. \u201cLa compa\u00f1\u00eda se compromete a apoyar a la industria del cuero en tiempos dif\u00edciles y atender\u00e1 a los clientes que est\u00e1n presentes en la feria, as\u00ed como a [&hellip;]<\/p>\n","protected":false},"author":4,"featured_media":0,"comment_status":"closed","ping_status":"closed","sticky":false,"template":"","format":"standard","meta":{"footnotes":""},"categories":[8],"tags":[],"class_list":["post-16461","post","type-post","status-publish","format-standard","hentry","category-empresas-y-negocios","count-0","even alt","author-","last"],"_links":{"self":[{"href":"http:\/\/cueroamerica.info\/wpnews\/wp-json\/wp\/v2\/posts\/16461","targetHints":{"allow":["GET"]}}],"collection":[{"href":"http:\/\/cueroamerica.info\/wpnews\/wp-json\/wp\/v2\/posts"}],"about":[{"href":"http:\/\/cueroamerica.info\/wpnews\/wp-json\/wp\/v2\/types\/post"}],"author":[{"embeddable":true,"href":"http:\/\/cueroamerica.info\/wpnews\/wp-json\/wp\/v2\/users\/4"}],"replies":[{"embeddable":true,"href":"http:\/\/cueroamerica.info\/wpnews\/wp-json\/wp\/v2\/comments?post=16461"}],"version-history":[{"count":3,"href":"http:\/\/cueroamerica.info\/wpnews\/wp-json\/wp\/v2\/posts\/16461\/revisions"}],"predecessor-version":[{"id":16464,"href":"http:\/\/cueroamerica.info\/wpnews\/wp-json\/wp\/v2\/posts\/16461\/revisions\/16464"}],"wp:attachment":[{"href":"http:\/\/cueroamerica.info\/wpnews\/wp-json\/wp\/v2\/media?parent=16461"}],"wp:term":[{"taxonomy":"category","embeddable":true,"href":"http:\/\/cueroamerica.info\/wpnews\/wp-json\/wp\/v2\/categories?post=16461"},{"taxonomy":"post_tag","embeddable":true,"href":"http:\/\/cueroamerica.info\/wpnews\/wp-json\/wp\/v2\/tags?post=16461"}],"curies":[{"name":"wp","href":"https:\/\/api.w.org\/{rel}","templated":true}]}}