{"id":16477,"date":"2020-06-16T15:49:40","date_gmt":"2020-06-16T15:49:40","guid":{"rendered":"http:\/\/cueroamerica.info\/wpnews\/?p=16477"},"modified":"2020-06-16T15:50:34","modified_gmt":"2020-06-16T15:50:34","slug":"el-calzado-argentino-prepara-su-feria-virtual-para-presentar-las-colecciones-verano-2021","status":"publish","type":"post","link":"http:\/\/cueroamerica.info\/wpnews\/2020\/06\/el-calzado-argentino-prepara-su-feria-virtual-para-presentar-las-colecciones-verano-2021\/","title":{"rendered":"El calzado argentino prepara su feria virtual para presentar las colecciones Verano 2021"},"content":{"rendered":"<p><a href=\"http:\/\/cueroamerica.info\/wpnews\/wp-content\/uploads\/2020\/06\/efica-102-11.jpg\"><img loading=\"lazy\" decoding=\"async\" class=\" wp-image-16478 alignright\" src=\"http:\/\/cueroamerica.info\/wpnews\/wp-content\/uploads\/2020\/06\/efica-102-11-225x300.jpg\" alt=\"\" width=\"173\" height=\"231\" srcset=\"http:\/\/cueroamerica.info\/wpnews\/wp-content\/uploads\/2020\/06\/efica-102-11-225x300.jpg 225w, http:\/\/cueroamerica.info\/wpnews\/wp-content\/uploads\/2020\/06\/efica-102-11.jpg 720w\" sizes=\"auto, (max-width: 173px) 100vw, 173px\" \/><\/a>La C\u00e1mara de la Industria del Calzado de Argentina, CIC, lanz\u00f3 su feria digital. Bajo la consigna \u201cDiferenciate. S\u00e9 parte de EFICA 103 DIGITAL\u201d, invita a los fabricantes de calzado a exponer en su exclusivo sitio web.<\/p>\n<p>Debido a la pandemia, la pr\u00f3xima edici\u00f3n de la tradicional feria EFICA de la industria argentina del calzado realizar\u00e1 su edici\u00f3n a trav\u00e9s de una v\u00eda de contacto digital.<\/p>\n<p>Para esto la C\u00e1mara de la Industria del Calzado (CIC) concretar\u00e1 una \u201cEFICA 103 ONLINE\u201d, que ser\u00e1 una Exposici\u00f3n Virtual de Calzado. La instituci\u00f3n promete una \u201cnovedosa plataforma en formato digital que incluir\u00e1 adem\u00e1s servicios de inter\u00e9s, cuyo lanzamiento se llevar\u00e1 a cabo durante el mes de Julio de 2020\u201d.<\/p>\n<div id=\"attachment_16479\" style=\"width: 169px\" class=\"wp-caption alignleft\"><a href=\"http:\/\/cueroamerica.info\/wpnews\/wp-content\/uploads\/2020\/06\/Fernando-De-Vito-de-Argentuina.-.jpg\"><img loading=\"lazy\" decoding=\"async\" aria-describedby=\"caption-attachment-16479\" class=\"wp-image-16479 \" src=\"http:\/\/cueroamerica.info\/wpnews\/wp-content\/uploads\/2020\/06\/Fernando-De-Vito-de-Argentuina.--238x300.jpg\" alt=\"\" width=\"159\" height=\"200\" srcset=\"http:\/\/cueroamerica.info\/wpnews\/wp-content\/uploads\/2020\/06\/Fernando-De-Vito-de-Argentuina.--238x300.jpg 238w, http:\/\/cueroamerica.info\/wpnews\/wp-content\/uploads\/2020\/06\/Fernando-De-Vito-de-Argentuina.--768x969.jpg 768w, http:\/\/cueroamerica.info\/wpnews\/wp-content\/uploads\/2020\/06\/Fernando-De-Vito-de-Argentuina.-.jpg 804w\" sizes=\"auto, (max-width: 159px) 100vw, 159px\" \/><\/a><p id=\"caption-attachment-16479\" class=\"wp-caption-text\">Fernando De Vito, presidente de la C\u00e1mara de la Industria del Calzado (CIC).<\/p><\/div>\n<p>\u201cAll\u00ed, se reunir\u00e1n los principales fabricantes de calzado del pa\u00eds, presentando sus colecciones en todos los sentidos: tendencias, informaci\u00f3n y moda. Todos los socios de la C\u00e1mara podr\u00e1n participar con un stand sin costo para exponer sus productos\u201d, explica la CIC en un comunicado.<\/p>\n<p>\u201cDe esta forma -destacan-, el expositor acceder\u00e1 a una nueva y din\u00e1mica forma de venta, con redireccionamiento a su propio sitio web, donde ganar\u00e1 contactos potenciales, podr\u00e1 gestionar reuniones y env\u00edos nacionales e internacionales, teniendo un alcance exponencial y personalizado, asesorado y monitoreado por la CIC\u201d.<\/p>\n<p>La CIC tambi\u00e9n destaca que su \u201cobjetivo de preservar a los fabricantes nacionales y las fuentes de empleo\u201d, y que \u201ccomo C\u00e1mara nos sentimos orgullosos de poder brindar este novedoso y \u00fatil servicio a un Sector Productivo que viene padeciendo los embates de la presente situaci\u00f3n, buscando generar nuevos negocios y contactos, apoyando siempre el trabajo argentino\u201d.<br \/>\n&#8212;&#8212;&#8212;&#8212;&#8212;&#8212;&#8212;&#8212;&#8212;&#8212;&#8212;&#8212;<br \/>\nEFICA \/ CueroAm\u00e9rica<\/p>\n<p>&#8212;&#8212;&#8212;&#8212;&#8212;&#8212;&#8212;&#8212;&#8212;&#8212;&#8212;&#8212;&#8212;&#8212;&#8212;&#8211;<br \/>\nPara comunicarse con CueroAm\u00e9rica: <span style=\"color: #3366ff;\"><a style=\"color: #3366ff;\" href=\"mailto:contacto@cueroamerica.com\">contacto@cueroamerica.com<\/a><\/span><\/p>\n<table>\n<tbody>\n<tr>\n<td width=\"300\"><a href=\"http:\/\/bit.ly\/2qWKHwZ\" target=\"_blank\" rel=\"noopener noreferrer\"><img loading=\"lazy\" decoding=\"async\" src=\"\/img\/publicidad\/aaqtic-banner.gif\" alt=\"\" width=\"300\" height=\"200\" border=\"0\" \/><\/a><\/td>\n<td width=\"171\"><a href=\"http:\/\/bit.ly\/2q2HjkA\" target=\"_blank\" rel=\"noopener noreferrer\"><img loading=\"lazy\" decoding=\"async\" src=\"\/img\/publicidad\/banner_jn-082016.gif\" width=\"300\" height=\"200\" \/><\/a><\/td>\n<\/tr>\n<\/tbody>\n<\/table>\n","protected":false},"excerpt":{"rendered":"<p>La C\u00e1mara de la Industria del Calzado de Argentina, CIC, lanz\u00f3 su feria digital. Bajo la consigna \u201cDiferenciate. S\u00e9 parte de EFICA 103 DIGITAL\u201d, invita a los fabricantes de calzado a exponer en su exclusivo sitio web. Debido a la pandemia, la pr\u00f3xima edici\u00f3n de la tradicional feria EFICA de la industria argentina del calzado [&hellip;]<\/p>\n","protected":false},"author":4,"featured_media":0,"comment_status":"closed","ping_status":"closed","sticky":false,"template":"","format":"standard","meta":{"footnotes":""},"categories":[65,60],"tags":[],"class_list":["post-16477","post","type-post","status-publish","format-standard","hentry","category-ferias-proximas","category-ferias","count-0","even alt","author-","last"],"_links":{"self":[{"href":"http:\/\/cueroamerica.info\/wpnews\/wp-json\/wp\/v2\/posts\/16477","targetHints":{"allow":["GET"]}}],"collection":[{"href":"http:\/\/cueroamerica.info\/wpnews\/wp-json\/wp\/v2\/posts"}],"about":[{"href":"http:\/\/cueroamerica.info\/wpnews\/wp-json\/wp\/v2\/types\/post"}],"author":[{"embeddable":true,"href":"http:\/\/cueroamerica.info\/wpnews\/wp-json\/wp\/v2\/users\/4"}],"replies":[{"embeddable":true,"href":"http:\/\/cueroamerica.info\/wpnews\/wp-json\/wp\/v2\/comments?post=16477"}],"version-history":[{"count":2,"href":"http:\/\/cueroamerica.info\/wpnews\/wp-json\/wp\/v2\/posts\/16477\/revisions"}],"predecessor-version":[{"id":16483,"href":"http:\/\/cueroamerica.info\/wpnews\/wp-json\/wp\/v2\/posts\/16477\/revisions\/16483"}],"wp:attachment":[{"href":"http:\/\/cueroamerica.info\/wpnews\/wp-json\/wp\/v2\/media?parent=16477"}],"wp:term":[{"taxonomy":"category","embeddable":true,"href":"http:\/\/cueroamerica.info\/wpnews\/wp-json\/wp\/v2\/categories?post=16477"},{"taxonomy":"post_tag","embeddable":true,"href":"http:\/\/cueroamerica.info\/wpnews\/wp-json\/wp\/v2\/tags?post=16477"}],"curies":[{"name":"wp","href":"https:\/\/api.w.org\/{rel}","templated":true}]}}