{"id":16506,"date":"2020-06-29T13:56:10","date_gmt":"2020-06-29T13:56:10","guid":{"rendered":"http:\/\/cueroamerica.info\/wpnews\/?p=16506"},"modified":"2020-06-29T13:56:10","modified_gmt":"2020-06-29T13:56:10","slug":"la-gran-jane-fonda-sera-la-imagen-de-gucci-para-una-coleccion-de-ropa-sostenible","status":"publish","type":"post","link":"http:\/\/cueroamerica.info\/wpnews\/2020\/06\/la-gran-jane-fonda-sera-la-imagen-de-gucci-para-una-coleccion-de-ropa-sostenible\/","title":{"rendered":"La gran Jane Fonda ser\u00e1 la imagen de Gucci para una colecci\u00f3n de ropa sostenible"},"content":{"rendered":"<div id=\"attachment_16507\" style=\"width: 239px\" class=\"wp-caption alignright\"><a href=\"http:\/\/cueroamerica.info\/wpnews\/wp-content\/uploads\/2020\/06\/Jane-Fonda-es-la-protagonista-de-la-nueva-coleccion-de-Gucci.-.jpg\"><img loading=\"lazy\" decoding=\"async\" aria-describedby=\"caption-attachment-16507\" class=\" wp-image-16507\" src=\"http:\/\/cueroamerica.info\/wpnews\/wp-content\/uploads\/2020\/06\/Jane-Fonda-es-la-protagonista-de-la-nueva-coleccion-de-Gucci.--300x278.jpg\" alt=\"\" width=\"229\" height=\"212\" srcset=\"http:\/\/cueroamerica.info\/wpnews\/wp-content\/uploads\/2020\/06\/Jane-Fonda-es-la-protagonista-de-la-nueva-coleccion-de-Gucci.--300x278.jpg 300w, http:\/\/cueroamerica.info\/wpnews\/wp-content\/uploads\/2020\/06\/Jane-Fonda-es-la-protagonista-de-la-nueva-coleccion-de-Gucci.-.jpg 690w\" sizes=\"auto, (max-width: 229px) 100vw, 229px\" \/><\/a><p id=\"caption-attachment-16507\" class=\"wp-caption-text\">Jane Fonda es la protagonista de la nueva coleccion de Gucci.<\/p><\/div>\n<p>Jane Fonda es la embajadora de la nueva colecci\u00f3n Of The Gridde de Gucci, dise\u00f1ada con materiales naturales y sostenibles. La actriz, productora y activista por los derechos humanos y crisis clim\u00e1tica brindar\u00e1 el brillo de su imagen a los compromisos de la compa\u00f1\u00eda en el tema del medio ambiente.<\/p>\n<p>La colecci\u00f3n \u00abOff The Grid\u00bb, dise\u00f1ada por Alessandro Michele, director creativo de Gucci, utiliza materiales reciclados, org\u00e1nicos, naturales y sostenibles, incluido econyl, un nylon regenerado hecho de materiales de desecho y desechos pre y post consumo.<\/p>\n<p>En sus redes sociales Michele ha se\u00f1alado que \u00abla colecci\u00f3n est\u00e1 dise\u00f1ada para aquellos preocupados por su impacto en el medio ambiente\u00bb y deja claro que esta es una clara iniciativa para establecer el compromiso de la firma italiana a favor de una \u00abproducci\u00f3n circular\u00bb.<\/p>\n<p>A sus 82 a\u00f1os, Jane Fonda posa con gesto serio, el cabello blanco y un conjunto de pantal\u00f3n y chaqueta en tonos crudos. Un estilo que complementa con un gran bolso amarillo, haciendo juego con su calzado deportivo.<\/p>\n<p>La actriz coment\u00f3 en Instagram que \u00abla crisis clim\u00e1tica es el tema de nuestro tiempo\u00bb y pidi\u00f3 a la sociedad que \u00abexija\u00bb a sus gobiernos que \u00abinviertan en infraestructuras de energ\u00eda limpia\u00bb.<\/p>\n<p>Jane Fonda (82 a\u00f1os) se\u00f1al\u00f3 que \u00ablos economistas globales est\u00e1n de acuerdo en que es la mejor inversi\u00f3n que podemos hacer, tanto en t\u00e9rminos de beneficios clim\u00e1ticos como de tener el mayor efecto durante estos momentos de pandemia cuando se necesitan tantos empleos\u00bb.<\/p>\n<p><a href=\"http:\/\/cueroamerica.info\/wpnews\/wp-content\/uploads\/2020\/06\/1366_2000.jpeg\"><img loading=\"lazy\" decoding=\"async\" class=\"alignleft wp-image-16508\" src=\"http:\/\/cueroamerica.info\/wpnews\/wp-content\/uploads\/2020\/06\/1366_2000-249x300.jpeg\" alt=\"\" width=\"189\" height=\"228\" srcset=\"http:\/\/cueroamerica.info\/wpnews\/wp-content\/uploads\/2020\/06\/1366_2000-249x300.jpeg 249w, http:\/\/cueroamerica.info\/wpnews\/wp-content\/uploads\/2020\/06\/1366_2000-768x924.jpeg 768w, http:\/\/cueroamerica.info\/wpnews\/wp-content\/uploads\/2020\/06\/1366_2000-851x1024.jpeg 851w, http:\/\/cueroamerica.info\/wpnews\/wp-content\/uploads\/2020\/06\/1366_2000.jpeg 1366w\" sizes=\"auto, (max-width: 189px) 100vw, 189px\" \/><\/a>La campa\u00f1a, de la que no es \u00fanica protagonista \u2013tambi\u00e9n est\u00e1n el rapero Lil Nas X, la cantante King Princess, el actor y guitarrista Miyavi y el ecologista y ambientalista brit\u00e1nico David de Rothschild-, presenta a un grupo de habitantes de la ciudad que han establecido su residencia en una caba\u00f1a r\u00fastica construida en un \u00e1rbol en medio de una gigantesca metr\u00f3polis moderna.<\/p>\n<p>La actriz tiene un amplio historial como activista en defensa de varias causas, desde su lucha en contra de la Guerra de Vietnam a muchas otras por la paz y los derechos humanos, especialmente de las minor\u00edas.<\/p>\n<p>La actriz focaliza ahora en el medio ambiente y en su protecci\u00f3n todas sus energ\u00edas. \u00abTodav\u00eda hay tiempo si nos movemos r\u00e1pido y de forma ambiciosa para evitar las peores consecuencias empezando con la transici\u00f3n ahora de combustibles f\u00f3siles a energ\u00eda limpia y renovable\u00bb, dijo durante las manifestaciones de octubre pasado.<br \/>\n&#8212;&#8212;&#8212;&#8212;&#8212;&#8212;&#8212;&#8212;&#8212;&#8212;&#8211;<br \/>\nGucci \/ CueroAm\u00e9rica<\/p>\n<p>&#8212;&#8212;&#8212;&#8212;&#8212;&#8212;&#8212;&#8212;&#8212;&#8212;&#8212;&#8212;&#8212;&#8212;&#8212;&#8211;<br \/>\nPara comunicarse con CueroAm\u00e9rica: <span style=\"color: #3366ff;\"><a style=\"color: #3366ff;\" href=\"mailto:contacto@cueroamerica.com\">contacto@cueroamerica.com<\/a><\/span><\/p>\n<table>\n<tbody>\n<tr>\n<td width=\"300\"><a href=\"https:\/\/www.industriadelamoda.com\/empresas.php\" target=\"_blank\" rel=\"noopener noreferrer\"><img loading=\"lazy\" decoding=\"async\" src=\"\/img\/publicidad\/idlm-banner.jpg\" alt=\"\" width=\"300\" height=\"200\" \/><\/a><\/td>\n<td width=\"171\"><a href=\"http:\/\/bit.ly\/2p9UM5w\" target=\"_blank\" rel=\"noopener noreferrer\"><img loading=\"lazy\" decoding=\"async\" src=\"\/img\/publicidad\/aplfmarabr2021_300x200.gif\" width=\"300\" height=\"200\" \/><\/a><\/td>\n<\/tr>\n<\/tbody>\n<\/table>\n","protected":false},"excerpt":{"rendered":"<p>Jane Fonda es la embajadora de la nueva colecci\u00f3n Of The Gridde de Gucci, dise\u00f1ada con materiales naturales y sostenibles. La actriz, productora y activista por los derechos humanos y crisis clim\u00e1tica brindar\u00e1 el brillo de su imagen a los compromisos de la compa\u00f1\u00eda en el tema del medio ambiente. La colecci\u00f3n \u00abOff The Grid\u00bb, [&hellip;]<\/p>\n","protected":false},"author":4,"featured_media":0,"comment_status":"closed","ping_status":"closed","sticky":false,"template":"","format":"standard","meta":{"footnotes":""},"categories":[8],"tags":[],"class_list":["post-16506","post","type-post","status-publish","format-standard","hentry","category-empresas-y-negocios","count-0","even alt","author-","last"],"_links":{"self":[{"href":"http:\/\/cueroamerica.info\/wpnews\/wp-json\/wp\/v2\/posts\/16506","targetHints":{"allow":["GET"]}}],"collection":[{"href":"http:\/\/cueroamerica.info\/wpnews\/wp-json\/wp\/v2\/posts"}],"about":[{"href":"http:\/\/cueroamerica.info\/wpnews\/wp-json\/wp\/v2\/types\/post"}],"author":[{"embeddable":true,"href":"http:\/\/cueroamerica.info\/wpnews\/wp-json\/wp\/v2\/users\/4"}],"replies":[{"embeddable":true,"href":"http:\/\/cueroamerica.info\/wpnews\/wp-json\/wp\/v2\/comments?post=16506"}],"version-history":[{"count":1,"href":"http:\/\/cueroamerica.info\/wpnews\/wp-json\/wp\/v2\/posts\/16506\/revisions"}],"predecessor-version":[{"id":16509,"href":"http:\/\/cueroamerica.info\/wpnews\/wp-json\/wp\/v2\/posts\/16506\/revisions\/16509"}],"wp:attachment":[{"href":"http:\/\/cueroamerica.info\/wpnews\/wp-json\/wp\/v2\/media?parent=16506"}],"wp:term":[{"taxonomy":"category","embeddable":true,"href":"http:\/\/cueroamerica.info\/wpnews\/wp-json\/wp\/v2\/categories?post=16506"},{"taxonomy":"post_tag","embeddable":true,"href":"http:\/\/cueroamerica.info\/wpnews\/wp-json\/wp\/v2\/tags?post=16506"}],"curies":[{"name":"wp","href":"https:\/\/api.w.org\/{rel}","templated":true}]}}