{"id":16510,"date":"2020-06-29T14:00:55","date_gmt":"2020-06-29T14:00:55","guid":{"rendered":"http:\/\/cueroamerica.info\/wpnews\/?p=16510"},"modified":"2020-07-28T15:13:51","modified_gmt":"2020-07-28T15:13:51","slug":"una-moda-mas-humana-la-propuesta-de-un-empresario-indio-para-una-nueva-epoca","status":"publish","type":"post","link":"http:\/\/cueroamerica.info\/wpnews\/2020\/06\/una-moda-mas-humana-la-propuesta-de-un-empresario-indio-para-una-nueva-epoca\/","title":{"rendered":"Una moda m\u00e1s humana, la propuesta de un empresario indio para una nueva \u00e9poca"},"content":{"rendered":"<div id=\"attachment_16511\" style=\"width: 194px\" class=\"wp-caption alignleft\"><a href=\"http:\/\/cueroamerica.info\/wpnews\/wp-content\/uploads\/2020\/06\/Yashraj-Bhaiya-Director-de-la-compa\u00f1\u00eda-india-Label-Varsha.-.jpg\"><img loading=\"lazy\" decoding=\"async\" aria-describedby=\"caption-attachment-16511\" class=\" wp-image-16511\" src=\"http:\/\/cueroamerica.info\/wpnews\/wp-content\/uploads\/2020\/06\/Yashraj-Bhaiya-Director-de-la-compa\u00f1\u00eda-india-Label-Varsha.-.jpg\" alt=\"\" width=\"184\" height=\"184\" srcset=\"http:\/\/cueroamerica.info\/wpnews\/wp-content\/uploads\/2020\/06\/Yashraj-Bhaiya-Director-de-la-compa\u00f1\u00eda-india-Label-Varsha.-.jpg 220w, http:\/\/cueroamerica.info\/wpnews\/wp-content\/uploads\/2020\/06\/Yashraj-Bhaiya-Director-de-la-compa\u00f1\u00eda-india-Label-Varsha.--150x150.jpg 150w, http:\/\/cueroamerica.info\/wpnews\/wp-content\/uploads\/2020\/06\/Yashraj-Bhaiya-Director-de-la-compa\u00f1\u00eda-india-Label-Varsha.--90x90.jpg 90w\" sizes=\"auto, (max-width: 184px) 100vw, 184px\" \/><\/a><p id=\"caption-attachment-16511\" class=\"wp-caption-text\">Yashraj Bhaiya, Director, de la compa\u00f1\u00eda india Label Varsha.<\/p><\/div>\n<p>Yashraj Bhaiya, Director, de la compa\u00f1\u00eda india Label Varsha, public\u00f3 recientemente un llamado a generar una \u201cmoda m\u00e1s humana\u201d, sostenible en lo ambiental y en lo social. Este importante empresario opina que \u201cla pandemia ha hecho que las personas reconsideren sus patrones de consumo a gran escala\u201d.<\/p>\n<p>Yashraj Bhaiya recuerda que, hablando de la \u2018moda r\u00e1pida\u2019, Hanna Hallin, gerente de sostenibilidad del Grupo H&amp;M en la \u2018Gran China\u2019, no ve otra alternativa que cambiar el sistema. \u201cPodemos dejar de producir los vol\u00famenes que estamos haciendo, pero luego el 98% de las compa\u00f1\u00edas que son menos transparentes y menos sostenibles seguir\u00e1n ganando dinero. Tenemos un papel que desempe\u00f1ar en el futuro: debemos poner fuera del negocio a quienes no son transparentes\u201d.<\/p>\n<div id=\"attachment_16513\" style=\"width: 256px\" class=\"wp-caption alignright\"><a href=\"http:\/\/cueroamerica.info\/wpnews\/wp-content\/uploads\/2020\/06\/F\u00e1brica-der-calzado-en-India.-.jpg\"><img loading=\"lazy\" decoding=\"async\" aria-describedby=\"caption-attachment-16513\" class=\" wp-image-16513\" src=\"http:\/\/cueroamerica.info\/wpnews\/wp-content\/uploads\/2020\/06\/F\u00e1brica-der-calzado-en-India.--300x262.jpg\" alt=\"\" width=\"246\" height=\"215\" srcset=\"http:\/\/cueroamerica.info\/wpnews\/wp-content\/uploads\/2020\/06\/F\u00e1brica-der-calzado-en-India.--300x262.jpg 300w, http:\/\/cueroamerica.info\/wpnews\/wp-content\/uploads\/2020\/06\/F\u00e1brica-der-calzado-en-India.-.jpg 635w\" sizes=\"auto, (max-width: 246px) 100vw, 246px\" \/><\/a><p id=\"caption-attachment-16513\" class=\"wp-caption-text\">F\u00e1brica der calzado en India.<\/p><\/div>\n<p>Por supuesto, la moda r\u00e1pida es algo que los j\u00f3venes esperar\u00edan, pero si echamos un vistazo a las estad\u00edsticas que aseguran que c\u00f3mo \u00e9sta contribuye a la contaminaci\u00f3n en todo el mundo, nos sorprender\u00edamos. Por ejemplo, un algod\u00f3n camiseta utiliza agua potable suficiente para sostener un ser humano durante tres a\u00f1os: 2.700 litros. Si multiplicamos eso por 20 prendas al a\u00f1o para 7.7 mil millones de personas y comenzaremos a comprender la magnitud del problema.<\/p>\n<p>Se sabe que la moda r\u00e1pida es la segunda industria menos atractiva del mundo, por lo que ya es hora de que la gente cambie a pr\u00e1cticas de moda sostenibles, de uso prolongado y biodegradables. Una de los temas candentes es la proliferaci\u00f3n de los materiales sint\u00e9ticos, derivados del petr\u00f3leo, que contaminan durante todo el proceso de elaboraci\u00f3n del material y son imposibles de degradar despu\u00e9s del uso.<\/p>\n<p>La moda r\u00e1pida y, consecuentemente, el consumismo que propone descartar los productos antes que se gasten, generan un enorme cuello de botella en la disposici\u00f3n de los productos post uso. En regiones donde la corrupci\u00f3n es grande y las condiciones extremas, esto empeora el saneamiento y amenaza la vida acu\u00e1tica en peligro de extinci\u00f3n, y tambi\u00e9n envenena el aire que nos rodea.<\/p>\n<p><a href=\"http:\/\/cueroamerica.info\/wpnews\/wp-content\/uploads\/2020\/06\/F\u00e1brica-de-Calzado-en-India_8b.jpg\"><img loading=\"lazy\" decoding=\"async\" class=\"alignleft wp-image-16512\" src=\"http:\/\/cueroamerica.info\/wpnews\/wp-content\/uploads\/2020\/06\/F\u00e1brica-de-Calzado-en-India_8b-300x200.jpg\" alt=\"\" width=\"240\" height=\"160\" srcset=\"http:\/\/cueroamerica.info\/wpnews\/wp-content\/uploads\/2020\/06\/F\u00e1brica-de-Calzado-en-India_8b-300x200.jpg 300w, http:\/\/cueroamerica.info\/wpnews\/wp-content\/uploads\/2020\/06\/F\u00e1brica-de-Calzado-en-India_8b.jpg 450w\" sizes=\"auto, (max-width: 240px) 100vw, 240px\" \/><\/a>Por esto, las pr\u00e1cticas de moda sostenibles son la mejor soluci\u00f3n para los da\u00f1os que enfrentamos. Este enfoque de moda reduce la cantidad de microfibras liberadas al medio ambiente.<\/p>\n<p>La moda sostenible se define como la ropa, el calzado y otros accesorios que se fabrican y usan de la manera m\u00e1s sostenible posible, teniendo en cuenta los factores ambientales y socioecon\u00f3micos que provienen del territorio.<\/p>\n<p>Si tomamos la situaci\u00f3n actual de muchos pa\u00edses, la pandemia ha afectado la condici\u00f3n econ\u00f3mica y ha ca\u00eddo al nivel m\u00e1s bajo en comparaci\u00f3n con las \u00faltimas dos d\u00e9cadas. Las fuentes hablan de una fuerte ca\u00edda de la econom\u00eda incluso despu\u00e9s que se pueda realizar la apertura de las industrias. Por esto es esperable que la gente piense dos veces antes de gastar en art\u00edculos costosos, y la ca\u00edda contin\u00fae.<\/p>\n<p>El impacto en el sentimiento del consumidor podr\u00eda reducir la visita a las tiendas minoristas y centros comerciales para evitar grandes multitudes. Algunos asesores han pronosticado que incluso cuando los centros comerciales y las tiendas tienen aperturas parciales, la ropa no ser\u00e1 la prioridad en la lista de compras.<\/p>\n<p>Tambi\u00e9n sabemos que antes de que la pandemia golpeara las funcionalidades de cada industria, situaciones como el &#8216;cambio clim\u00e1tico&#8217; eran un aspecto muy real del mundo en el que vivimos. Sin duda esto continuar\u00e1 existiendo, incluso despu\u00e9s de que la situaci\u00f3n se alivie.<\/p>\n<p>Es un momento en que cada individuo tiene que reflexionar y pensar sobre el verdadero prop\u00f3sito de la moda. Y que se traduzca en la moda de la &#8216;humanidad\u2019, y que esas elecciones de moda se reflejen tambi\u00e9n en todas sus decisiones, concluye Yashraj Bhaiya.<br \/>\n&#8212;&#8212;&#8212;&#8212;&#8212;&#8212;&#8212;&#8212;&#8212;&#8212;&#8212;&#8212;&#8212;&#8212;&#8212;&#8212;&#8212;&#8212;&#8212;&#8212;<br \/>\nKohan Textile Journal \/ Comunidad Textil<br \/>\n&#8212;&#8212;&#8212;&#8212;&#8212;&#8212;&#8212;&#8212;&#8212;&#8212;&#8212;&#8212;&#8212;&#8212;&#8212;&#8211;<br \/>\nPara comunicarse con CueroAm\u00e9rica: <span style=\"color: #3366ff;\"><a style=\"color: #3366ff;\" href=\"mailto:contacto@cueroamerica.com\">contacto@cueroamerica.com<\/a><\/span><\/p>\n<table>\n<tbody>\n<tr>\n<td width=\"300\"><a href=\"https:\/\/bit.ly\/2UfJ9N4\" target=\"_blank\" rel=\"noopener noreferrer\"><img decoding=\"async\" src=\"\/img\/publicidad\/francal2020_cuero_america_300x200.jpg\" \/><\/a><\/td>\n<td width=\"171\"><a href=\"https:\/\/www.aclechina.com\/en-us\/\" target=\"_blank\" rel=\"noopener noreferrer\"><img decoding=\"async\" src=\"\/img\/publicidad\/ACLE2021_300x200H.jpg\" alt=\"\" width=\"auto\" height=\"auto\" \/><\/a><\/td>\n<\/tr>\n<\/tbody>\n<\/table>\n","protected":false},"excerpt":{"rendered":"<p>Yashraj Bhaiya, Director, de la compa\u00f1\u00eda india Label Varsha, public\u00f3 recientemente un llamado a generar una \u201cmoda m\u00e1s humana\u201d, sostenible en lo ambiental y en lo social. Este importante empresario opina que \u201cla pandemia ha hecho que las personas reconsideren sus patrones de consumo a gran escala\u201d. Yashraj Bhaiya recuerda que, hablando de la \u2018moda [&hellip;]<\/p>\n","protected":false},"author":4,"featured_media":0,"comment_status":"closed","ping_status":"closed","sticky":false,"template":"","format":"standard","meta":{"footnotes":""},"categories":[80],"tags":[],"class_list":["post-16510","post","type-post","status-publish","format-standard","hentry","category-crisis","count-0","even alt","author-","last"],"_links":{"self":[{"href":"http:\/\/cueroamerica.info\/wpnews\/wp-json\/wp\/v2\/posts\/16510","targetHints":{"allow":["GET"]}}],"collection":[{"href":"http:\/\/cueroamerica.info\/wpnews\/wp-json\/wp\/v2\/posts"}],"about":[{"href":"http:\/\/cueroamerica.info\/wpnews\/wp-json\/wp\/v2\/types\/post"}],"author":[{"embeddable":true,"href":"http:\/\/cueroamerica.info\/wpnews\/wp-json\/wp\/v2\/users\/4"}],"replies":[{"embeddable":true,"href":"http:\/\/cueroamerica.info\/wpnews\/wp-json\/wp\/v2\/comments?post=16510"}],"version-history":[{"count":3,"href":"http:\/\/cueroamerica.info\/wpnews\/wp-json\/wp\/v2\/posts\/16510\/revisions"}],"predecessor-version":[{"id":16606,"href":"http:\/\/cueroamerica.info\/wpnews\/wp-json\/wp\/v2\/posts\/16510\/revisions\/16606"}],"wp:attachment":[{"href":"http:\/\/cueroamerica.info\/wpnews\/wp-json\/wp\/v2\/media?parent=16510"}],"wp:term":[{"taxonomy":"category","embeddable":true,"href":"http:\/\/cueroamerica.info\/wpnews\/wp-json\/wp\/v2\/categories?post=16510"},{"taxonomy":"post_tag","embeddable":true,"href":"http:\/\/cueroamerica.info\/wpnews\/wp-json\/wp\/v2\/tags?post=16510"}],"curies":[{"name":"wp","href":"https:\/\/api.w.org\/{rel}","templated":true}]}}