{"id":16533,"date":"2020-07-02T13:33:19","date_gmt":"2020-07-02T13:33:19","guid":{"rendered":"http:\/\/cueroamerica.info\/wpnews\/?p=16533"},"modified":"2020-07-02T13:33:19","modified_gmt":"2020-07-02T13:33:19","slug":"micam-milano-digital-show-convierte-la-feria-del-calzado-en-una-vitrina-de-todo-el-ano","status":"publish","type":"post","link":"http:\/\/cueroamerica.info\/wpnews\/2020\/07\/micam-milano-digital-show-convierte-la-feria-del-calzado-en-una-vitrina-de-todo-el-ano\/","title":{"rendered":"Micam Milano Digital Show convierte la feria del calzado en una vitrina de todo el a\u00f1o"},"content":{"rendered":"<p><a href=\"http:\/\/cueroamerica.info\/wpnews\/wp-content\/uploads\/2020\/07\/micam90_SEPTIEMBRE-adv_single2-1.jpg\"><img loading=\"lazy\" decoding=\"async\" class=\" wp-image-16526 alignright\" src=\"http:\/\/cueroamerica.info\/wpnews\/wp-content\/uploads\/2020\/07\/micam90_SEPTIEMBRE-adv_single2-1-212x300.jpg\" alt=\"\" width=\"177\" height=\"250\" srcset=\"http:\/\/cueroamerica.info\/wpnews\/wp-content\/uploads\/2020\/07\/micam90_SEPTIEMBRE-adv_single2-1-212x300.jpg 212w, http:\/\/cueroamerica.info\/wpnews\/wp-content\/uploads\/2020\/07\/micam90_SEPTIEMBRE-adv_single2-1.jpg 724w\" sizes=\"auto, (max-width: 177px) 100vw, 177px\" \/><\/a>La gran feria italiana Micam se digitaliza y se encamina a ser \u201cMicam Milano Digital Show\u201d. Siro Badon, presidente de Assocalzaturifici y Micam, la anunci\u00f3 como una \u00abiniciativa dise\u00f1ada para apoyar a las empresas hacia una gesti\u00f3n m\u00e1s eficiente de su cartera de clientes y para ampliar las posibilidades de adquirir nuevas en todo el mundo\u00bb. Estar\u00e1 accesible todo el a\u00f1o.<\/p>\n<p>\u201cMicam ampl\u00eda la oferta disponible para expositores y compradores con una herramienta de negocios digital que aumentar\u00e1 el valor del evento f\u00edsico\u201d, anuncian sus organizadores. Y buscar\u00e1 crea una red en constante evoluci\u00f3n, \u00aba la cual ser\u00e1 posible adherirse a costos competitivos\u00bb, aclaran.<br \/>\nAssocalzaturifici define el Micam Milano Digital Show como una \u2018feria aumentada\u2019. \u201cEs mucho m\u00e1s que un portal o un cat\u00e1logo en l\u00ednea\u201d, dicen.<\/p>\n<div id=\"attachment_16528\" style=\"width: 255px\" class=\"wp-caption alignleft\"><a href=\"http:\/\/cueroamerica.info\/wpnews\/wp-content\/uploads\/2020\/07\/Siro-Badon-presidente-de-Assocalzaturifici1.jpg\"><img loading=\"lazy\" decoding=\"async\" aria-describedby=\"caption-attachment-16528\" class=\" wp-image-16528\" src=\"http:\/\/cueroamerica.info\/wpnews\/wp-content\/uploads\/2020\/07\/Siro-Badon-presidente-de-Assocalzaturifici1-300x201.jpg\" alt=\"\" width=\"245\" height=\"164\" srcset=\"http:\/\/cueroamerica.info\/wpnews\/wp-content\/uploads\/2020\/07\/Siro-Badon-presidente-de-Assocalzaturifici1-300x201.jpg 300w, http:\/\/cueroamerica.info\/wpnews\/wp-content\/uploads\/2020\/07\/Siro-Badon-presidente-de-Assocalzaturifici1-768x513.jpg 768w, http:\/\/cueroamerica.info\/wpnews\/wp-content\/uploads\/2020\/07\/Siro-Badon-presidente-de-Assocalzaturifici1-1024x684.jpg 1024w, http:\/\/cueroamerica.info\/wpnews\/wp-content\/uploads\/2020\/07\/Siro-Badon-presidente-de-Assocalzaturifici1.jpg 1200w\" sizes=\"auto, (max-width: 245px) 100vw, 245px\" \/><\/a><p id=\"caption-attachment-16528\" class=\"wp-caption-text\">Siro Badon, presidente de Assocalzaturifici.<\/p><\/div>\n<p>Siro Badon subray\u00f3 que Micam (Fieramilano Rho del 20 al 23 de septiembre) se plantea \u00abcomo un elemento esencial para el reinicio y la internacionalizaci\u00f3n de las empresas que siempre han participado en el sal\u00f3n\u00bb.<\/p>\n<p>Por su parte, el director de Assocalzaturifici y Micam, Tommaso Cancellara , profundiza en los detalles de la operaci\u00f3n. \u201cLos compradores se beneficiar\u00e1n de los contactos potenciales, ya presentes en la plataforma NuOrder -que aplicar\u00e1n-, cuya comunidad est\u00e1 compuesta por 500,000 minoristas.<\/p>\n<p>Los \u2018expositores\u2019 podr\u00e1n adquirir nuevas habilidades para sus actividades de ventas en el mundo digital. \u201cNuestro objetivo es tener dos citas f\u00edsicas por a\u00f1o (o 4 si considera Micam Americas, de Las Vegas) y 365 d\u00edas de presencia digital\u201d. Todo esto, desarrollando la asociaci\u00f3n estrat\u00e9gica \u00abcon el Grupo Informa Markets.<\/p>\n<p>Esto deriva de la asociaci\u00f3n con el Grupo Informa Markets para la realizaci\u00f3n de Micam Americas, que se realizar\u00e1 en Las Vegas en del 29 de septiembre al 1 de octubre. Por esto Cancellara explica que \u00abadem\u00e1s de Micam Milano y Micam Americas, el comprador tambi\u00e9n encontrar\u00e1 en la plataforma las ferias estadounidenses Magic, Project, Coterie, creando un centro virtual de las ferias m\u00e1s importantes en el mundo de los negocios de moda\u00bb.<br \/>\n&#8212;&#8212;&#8212;&#8212;&#8212;&#8212;&#8212;&#8212;&#8212;&#8212;&#8212;&#8212;&#8212;&#8212;<br \/>\nLa Conceria \/ CueroAm\u00e9rica<\/p>\n<p>&#8212;&#8212;&#8212;&#8212;&#8212;&#8212;&#8212;&#8212;&#8212;&#8212;&#8212;&#8212;&#8212;&#8212;&#8212;&#8211;<br \/>\nPara comunicarse con CueroAm\u00e9rica: <span style=\"color: #3366ff;\"><a style=\"color: #3366ff;\" href=\"mailto:contacto@cueroamerica.com\">contacto@cueroamerica.com<\/a><\/span><\/p>\n<table>\n<tbody>\n<tr>\n<td width=\"300\"><a href=\"http:\/\/bit.ly\/2p9UM5w\" target=\"_blank\" rel=\"noopener noreferrer\"><img loading=\"lazy\" decoding=\"async\" src=\"\/img\/publicidad\/aplfmarabr2021_300x200.gif\" width=\"300\" height=\"200\" \/><\/a><\/td>\n<td width=\"171\"><a href=\"https:\/\/www.aclechina.com\/en-us\/\" target=\"_blank\" rel=\"noopener noreferrer\"><img decoding=\"async\" src=\"\/img\/publicidad\/ACLE20_300x200H.jpg\" alt=\"\" width=\"auto\" height=\"auto\" \/><\/a><\/td>\n<\/tr>\n<\/tbody>\n<\/table>\n","protected":false},"excerpt":{"rendered":"<p>La gran feria italiana Micam se digitaliza y se encamina a ser \u201cMicam Milano Digital Show\u201d. Siro Badon, presidente de Assocalzaturifici y Micam, la anunci\u00f3 como una \u00abiniciativa dise\u00f1ada para apoyar a las empresas hacia una gesti\u00f3n m\u00e1s eficiente de su cartera de clientes y para ampliar las posibilidades de adquirir nuevas en todo el [&hellip;]<\/p>\n","protected":false},"author":4,"featured_media":0,"comment_status":"closed","ping_status":"closed","sticky":false,"template":"","format":"standard","meta":{"footnotes":""},"categories":[65,60],"tags":[],"class_list":["post-16533","post","type-post","status-publish","format-standard","hentry","category-ferias-proximas","category-ferias","count-0","even alt","author-","last"],"_links":{"self":[{"href":"http:\/\/cueroamerica.info\/wpnews\/wp-json\/wp\/v2\/posts\/16533","targetHints":{"allow":["GET"]}}],"collection":[{"href":"http:\/\/cueroamerica.info\/wpnews\/wp-json\/wp\/v2\/posts"}],"about":[{"href":"http:\/\/cueroamerica.info\/wpnews\/wp-json\/wp\/v2\/types\/post"}],"author":[{"embeddable":true,"href":"http:\/\/cueroamerica.info\/wpnews\/wp-json\/wp\/v2\/users\/4"}],"replies":[{"embeddable":true,"href":"http:\/\/cueroamerica.info\/wpnews\/wp-json\/wp\/v2\/comments?post=16533"}],"version-history":[{"count":1,"href":"http:\/\/cueroamerica.info\/wpnews\/wp-json\/wp\/v2\/posts\/16533\/revisions"}],"predecessor-version":[{"id":16534,"href":"http:\/\/cueroamerica.info\/wpnews\/wp-json\/wp\/v2\/posts\/16533\/revisions\/16534"}],"wp:attachment":[{"href":"http:\/\/cueroamerica.info\/wpnews\/wp-json\/wp\/v2\/media?parent=16533"}],"wp:term":[{"taxonomy":"category","embeddable":true,"href":"http:\/\/cueroamerica.info\/wpnews\/wp-json\/wp\/v2\/categories?post=16533"},{"taxonomy":"post_tag","embeddable":true,"href":"http:\/\/cueroamerica.info\/wpnews\/wp-json\/wp\/v2\/tags?post=16533"}],"curies":[{"name":"wp","href":"https:\/\/api.w.org\/{rel}","templated":true}]}}