{"id":16535,"date":"2020-07-02T13:37:08","date_gmt":"2020-07-02T13:37:08","guid":{"rendered":"http:\/\/cueroamerica.info\/wpnews\/?p=16535"},"modified":"2020-07-02T13:37:08","modified_gmt":"2020-07-02T13:37:08","slug":"lineapelle-sera-el-22-y-23-de-septiembre-junto-a-micam-y-mipel-y-con-mas-seguridad","status":"publish","type":"post","link":"http:\/\/cueroamerica.info\/wpnews\/2020\/07\/lineapelle-sera-el-22-y-23-de-septiembre-junto-a-micam-y-mipel-y-con-mas-seguridad\/","title":{"rendered":"Lineapelle ser\u00e1 el 22 y 23 de septiembre junto a MICAM y MIPEL y con m\u00e1s seguridad"},"content":{"rendered":"<p><a href=\"http:\/\/cueroamerica.info\/wpnews\/wp-content\/uploads\/2020\/07\/Entrada-Lineapelle.jpg\"><img loading=\"lazy\" decoding=\"async\" class=\"alignleft wp-image-16529\" src=\"http:\/\/cueroamerica.info\/wpnews\/wp-content\/uploads\/2020\/07\/Entrada-Lineapelle-300x201.jpg\" alt=\"\" width=\"251\" height=\"168\" srcset=\"http:\/\/cueroamerica.info\/wpnews\/wp-content\/uploads\/2020\/07\/Entrada-Lineapelle-300x201.jpg 300w, http:\/\/cueroamerica.info\/wpnews\/wp-content\/uploads\/2020\/07\/Entrada-Lineapelle-768x514.jpg 768w, http:\/\/cueroamerica.info\/wpnews\/wp-content\/uploads\/2020\/07\/Entrada-Lineapelle-1024x685.jpg 1024w, http:\/\/cueroamerica.info\/wpnews\/wp-content\/uploads\/2020\/07\/Entrada-Lineapelle.jpg 1920w\" sizes=\"auto, (max-width: 251px) 100vw, 251px\" \/><\/a>Lineapelle realizar\u00e1 una feria especial y ser\u00e1 del 22 y 23 de septiembre, como es habitual en en el predio de Fieramilano Rho, en Mil\u00e1n (Italia). Para enriquecer la oferta, el sal\u00f3n -de s\u00f3lo dos d\u00edas-, coincidir\u00e1 con las ferias de manufacturas Micam (calzado) y Mipel (marroquiner\u00eda), as\u00ed como con la feria de art\u00edculos de hogar y joyer\u00eda Homi Fashion &amp; Jewels.<\/p>\n<p>La pr\u00f3xima edici\u00f3n de Lineapelle se ha rebautizado como \u2018A new point of view\u2019 (Un nuevo punto de vista), y supondr\u00e1 la adaptaci\u00f3n de la feria a los tiempos de la pandemia. Los organizadores de Lineapelle, la m\u00e1s importante la feria de moda en curtidos, insumos y componentes, anunciaron que est\u00e1n realizando un replanteo del formato del sal\u00f3n para su pr\u00f3xima edici\u00f3n, comenzando por la reducci\u00f3n de la duraci\u00f3n a s\u00f3lo dos d\u00edas.<\/p>\n<p>Explican que en \u2018Un nuevo punto de vista\u2019 se adoptar\u00e1n todas las medidas de seguridad prescritas. \u201cLas empresas van a exponer en stands unitarios y los operadores se mover\u00e1n a lo largo de un camino regulado, para evitar cualquier tipo de reuni\u00f3n. De esta manera, se garantizar\u00e1 la plena seguridad de todos los participantes: expositores, visitantes y personal de apoyo\u201d.<\/p>\n<div id=\"attachment_16524\" style=\"width: 210px\" class=\"wp-caption alignright\"><a href=\"http:\/\/cueroamerica.info\/wpnews\/wp-content\/uploads\/2020\/07\/Fulvia-Bacchi-directora-general-de-Lineapelle_6.jpg\"><img loading=\"lazy\" decoding=\"async\" aria-describedby=\"caption-attachment-16524\" class=\" wp-image-16524\" src=\"http:\/\/cueroamerica.info\/wpnews\/wp-content\/uploads\/2020\/07\/Fulvia-Bacchi-directora-general-de-Lineapelle_6.jpg\" alt=\"\" width=\"200\" height=\"200\" srcset=\"http:\/\/cueroamerica.info\/wpnews\/wp-content\/uploads\/2020\/07\/Fulvia-Bacchi-directora-general-de-Lineapelle_6.jpg 300w, http:\/\/cueroamerica.info\/wpnews\/wp-content\/uploads\/2020\/07\/Fulvia-Bacchi-directora-general-de-Lineapelle_6-150x150.jpg 150w, http:\/\/cueroamerica.info\/wpnews\/wp-content\/uploads\/2020\/07\/Fulvia-Bacchi-directora-general-de-Lineapelle_6-90x90.jpg 90w\" sizes=\"auto, (max-width: 200px) 100vw, 200px\" \/><\/a><p id=\"caption-attachment-16524\" class=\"wp-caption-text\">Fulvia Bacchi directora general de Lineapelle.<\/p><\/div>\n<p>Los organizadores destacan que \u2018Un Nuevo Punto de Vista\u2019 ha nacido de una profunda conciencia sobre la situaci\u00f3n que se vive. \u201cEn caso de que la feria se hubiera celebrado como todos la conocemos y queremos seguir conociendo, su valor internacional no habr\u00eda sido respetado, arriesgando no ofrecer concreci\u00f3n a las necesidades reales de los operadores. Por lo tanto, la elecci\u00f3n ha reca\u00eddo en el desarrollo de un proyecto m\u00e1s \u00e1gil e inteligente\u201d, explica Lineapelle.<\/p>\n<p>A \u2018New point of view\u2019 contar\u00e1, adem\u00e1s, con un \u00e1rea dedicada a presentar las colecciones primavera-verano 2021 y oto\u00f1o-invierno 2021\/2022, bajo el lema \u201cLa era de la simplicidad &#8211; La \u2018lentitud\u2019 es la nueva tendencia\u201d.<\/p>\n<p>Por \u00faltimo, tambi\u00e9n se lanzar\u00e1 The 365 Showroom, una plataforma digital de promoci\u00f3n con el objetivo de compartir las colecciones de los expositores de manera virtual en la red las 24 horas del d\u00eda, durante todo el a\u00f1o.<\/p>\n<p>Lineapelle recuperar\u00e1 su formato habitual el pr\u00f3ximo a\u00f1o, y la fecha definida del 24 al 26 de febrero de 2021.<br \/>\n&#8212;&#8212;&#8212;&#8212;&#8212;&#8212;&#8212;&#8212;&#8212;&#8212;&#8212;&#8212;&#8212;&#8212;&#8212;&#8212;&#8212;&#8212;<br \/>\nLederpiel \/ Lineapelle \/ CueroAm\u00e9rica<\/p>\n<p>&#8212;&#8212;&#8212;&#8212;&#8212;&#8212;&#8212;&#8212;&#8212;&#8212;&#8212;&#8212;&#8212;&#8212;&#8212;&#8211;<br \/>\nPara comunicarse con CueroAm\u00e9rica: <span style=\"color: #3366ff;\"><a style=\"color: #3366ff;\" href=\"mailto:contacto@cueroamerica.com\">contacto@cueroamerica.com<\/a><\/span><\/p>\n<table>\n<tbody>\n<tr>\n<td width=\"300\"><a href=\"http:\/\/www.cueroamerica.info\/sponsors\/dfsudamericana\/\" target=\"_blank\" rel=\"noopener noreferrer\"><img loading=\"lazy\" decoding=\"async\" src=\"http:\/\/www.cueroamerica.info\/img\/publicidad\/dfs2017.gif\" width=\"300\" height=\"200\" border=\"0\" \/><\/a><\/td>\n<td width=\"171\"><a href=\"http:\/\/bit.ly\/2pCZjRd\" target=\"_blank\" rel=\"noopener noreferrer\"><img loading=\"lazy\" decoding=\"async\" src=\"\/img\/publicidad\/fajunio300x200_3a4_2021.gif\" width=\"300\" height=\"200\" \/><\/a><\/td>\n<\/tr>\n<\/tbody>\n<\/table>\n","protected":false},"excerpt":{"rendered":"<p>Lineapelle realizar\u00e1 una feria especial y ser\u00e1 del 22 y 23 de septiembre, como es habitual en en el predio de Fieramilano Rho, en Mil\u00e1n (Italia). Para enriquecer la oferta, el sal\u00f3n -de s\u00f3lo dos d\u00edas-, coincidir\u00e1 con las ferias de manufacturas Micam (calzado) y Mipel (marroquiner\u00eda), as\u00ed como con la feria de art\u00edculos de [&hellip;]<\/p>\n","protected":false},"author":4,"featured_media":0,"comment_status":"closed","ping_status":"closed","sticky":false,"template":"","format":"standard","meta":{"footnotes":""},"categories":[65,60],"tags":[],"class_list":["post-16535","post","type-post","status-publish","format-standard","hentry","category-ferias-proximas","category-ferias","count-0","even alt","author-","last"],"_links":{"self":[{"href":"http:\/\/cueroamerica.info\/wpnews\/wp-json\/wp\/v2\/posts\/16535","targetHints":{"allow":["GET"]}}],"collection":[{"href":"http:\/\/cueroamerica.info\/wpnews\/wp-json\/wp\/v2\/posts"}],"about":[{"href":"http:\/\/cueroamerica.info\/wpnews\/wp-json\/wp\/v2\/types\/post"}],"author":[{"embeddable":true,"href":"http:\/\/cueroamerica.info\/wpnews\/wp-json\/wp\/v2\/users\/4"}],"replies":[{"embeddable":true,"href":"http:\/\/cueroamerica.info\/wpnews\/wp-json\/wp\/v2\/comments?post=16535"}],"version-history":[{"count":1,"href":"http:\/\/cueroamerica.info\/wpnews\/wp-json\/wp\/v2\/posts\/16535\/revisions"}],"predecessor-version":[{"id":16536,"href":"http:\/\/cueroamerica.info\/wpnews\/wp-json\/wp\/v2\/posts\/16535\/revisions\/16536"}],"wp:attachment":[{"href":"http:\/\/cueroamerica.info\/wpnews\/wp-json\/wp\/v2\/media?parent=16535"}],"wp:term":[{"taxonomy":"category","embeddable":true,"href":"http:\/\/cueroamerica.info\/wpnews\/wp-json\/wp\/v2\/categories?post=16535"},{"taxonomy":"post_tag","embeddable":true,"href":"http:\/\/cueroamerica.info\/wpnews\/wp-json\/wp\/v2\/tags?post=16535"}],"curies":[{"name":"wp","href":"https:\/\/api.w.org\/{rel}","templated":true}]}}