{"id":16602,"date":"2020-07-28T15:01:47","date_gmt":"2020-07-28T15:01:47","guid":{"rendered":"http:\/\/cueroamerica.info\/wpnews\/?p=16602"},"modified":"2020-07-28T15:01:47","modified_gmt":"2020-07-28T15:01:47","slug":"la-aec-cancelo-futurmoda-de-octubre-y-realizara-su-proxima-edicion-en-marzo-21","status":"publish","type":"post","link":"http:\/\/cueroamerica.info\/wpnews\/2020\/07\/la-aec-cancelo-futurmoda-de-octubre-y-realizara-su-proxima-edicion-en-marzo-21\/","title":{"rendered":"La AEC cancel\u00f3 Futurmoda de octubre y realizar\u00e1 su pr\u00f3xima edici\u00f3n en marzo 21"},"content":{"rendered":"<p><a href=\"http:\/\/cueroamerica.info\/wpnews\/wp-content\/uploads\/2020\/07\/Futurmoda-Home-42-6.jpg\"><img loading=\"lazy\" decoding=\"async\" class=\"alignleft wp-image-16579\" src=\"http:\/\/cueroamerica.info\/wpnews\/wp-content\/uploads\/2020\/07\/Futurmoda-Home-42-6-300x182.jpg\" alt=\"\" width=\"246\" height=\"149\" srcset=\"http:\/\/cueroamerica.info\/wpnews\/wp-content\/uploads\/2020\/07\/Futurmoda-Home-42-6-300x182.jpg 300w, http:\/\/cueroamerica.info\/wpnews\/wp-content\/uploads\/2020\/07\/Futurmoda-Home-42-6.jpg 633w\" sizes=\"auto, (max-width: 246px) 100vw, 246px\" \/><\/a>\u201cDebido a la \u00abincertidumbre\u201d y al \u201cimpacto\u201d que la pandemia de coronavirus est\u00e1 generando en todo el mundo, la Asociaci\u00f3n Espa\u00f1ola de Componentes (AEC), inform\u00f3 la suspensi\u00f3n de su feria FUTURMODA. El sal\u00f3n de componentes y la maquinaria para el calzado y la marroquiner\u00eda de Alicante, Espa\u00f1a, estaba previsto para los d\u00edas 21 y 22 de octubre. La pr\u00f3xima edici\u00f3n ser\u00e1 entonces en marzo de 2021.<\/p>\n<p>AEC se\u00f1ala que la decisi\u00f3n ha sido tomada \u201ctras muchas semanas evaluando el progreso de la pandemia\u201d y tras haber \u201cconsultado\u201d a la mayor\u00eda de los empresarios y expositores. Asegura que \u00e9stos confirmaron estar de acuerdo con esta decisi\u00f3n, \u201cya no solo por el riesgo que supone el celebrar un evento profesional al que habitualmente acuden empresarios de diferentes nacionalidades, sino por la dif\u00edcil situaci\u00f3n por la que atraviesa la industria del sector del calzado\u201d.<\/p>\n<p><a href=\"http:\/\/cueroamerica.info\/wpnews\/wp-content\/uploads\/2020\/07\/noticia_normal_recorte1.jpg\"><img loading=\"lazy\" decoding=\"async\" class=\" wp-image-16569 alignright\" src=\"http:\/\/cueroamerica.info\/wpnews\/wp-content\/uploads\/2020\/07\/noticia_normal_recorte1-300x200.jpg\" alt=\"\" width=\"242\" height=\"161\" srcset=\"http:\/\/cueroamerica.info\/wpnews\/wp-content\/uploads\/2020\/07\/noticia_normal_recorte1-300x200.jpg 300w, http:\/\/cueroamerica.info\/wpnews\/wp-content\/uploads\/2020\/07\/noticia_normal_recorte1-768x513.jpg 768w, http:\/\/cueroamerica.info\/wpnews\/wp-content\/uploads\/2020\/07\/noticia_normal_recorte1-1024x684.jpg 1024w, http:\/\/cueroamerica.info\/wpnews\/wp-content\/uploads\/2020\/07\/noticia_normal_recorte1.jpg 1300w\" sizes=\"auto, (max-width: 242px) 100vw, 242px\" \/><\/a>Desde AEC consideramos que, la situaci\u00f3n actual implica restricciones para viajar a nivel internacional y dificultades t\u00e9cnicas para poder celebrar con total garant\u00eda de \u00e9xito esta edici\u00f3n de la feria. La \u201cseguridad de los expositores y de los visitantes es nuestra mayor preocupaci\u00f3n\u201d, por ello, hemos<\/p>\n<p>En su edici\u00f3n de 2019 FUTURMODA tuvo m\u00e1s de 7.000 visitantes y 435 expositores de diferentes pa\u00edses del mundo.<\/p>\n<p><a href=\"http:\/\/cueroamerica.info\/wpnews\/wp-content\/uploads\/2020\/07\/Futurmoda4.jpg\"><img loading=\"lazy\" decoding=\"async\" class=\"alignleft wp-image-16578\" src=\"http:\/\/cueroamerica.info\/wpnews\/wp-content\/uploads\/2020\/07\/Futurmoda4-300x200.jpg\" alt=\"\" width=\"239\" height=\"159\" srcset=\"http:\/\/cueroamerica.info\/wpnews\/wp-content\/uploads\/2020\/07\/Futurmoda4-300x200.jpg 300w, http:\/\/cueroamerica.info\/wpnews\/wp-content\/uploads\/2020\/07\/Futurmoda4-768x513.jpg 768w, http:\/\/cueroamerica.info\/wpnews\/wp-content\/uploads\/2020\/07\/Futurmoda4-1024x684.jpg 1024w, http:\/\/cueroamerica.info\/wpnews\/wp-content\/uploads\/2020\/07\/Futurmoda4.jpg 1200w\" sizes=\"auto, (max-width: 239px) 100vw, 239px\" \/><\/a>En su comunicado la asociaci\u00f3n confirm\u00f3 que la pr\u00f3xima edici\u00f3n de FUTURMODA tendr\u00e1 lugar los d\u00edas 10 y 11 de marzo de 2021, momento en el que \u201cesperamos poder contar con la m\u00e1xima participaci\u00f3n de expositores, tanto nacionales como extranjeros\u201d. La entidad confirma que a partir del mes de septiembre comenzar\u00e1 a organizar el pr\u00f3ximo sal\u00f3n en la que se presentar\u00e1n las tendencias para la temporada Primavera Verano 2022.<\/p>\n<p>AEC tiene previsto realizar su conferencia de las Tendencias Primavera Verano 2021 el d\u00eda 21 de octubre. Esta vez la presentaci\u00f3n ser\u00e1 digital y, del mismo modo, se realizar\u00e1n seminarios de tendencias.<br \/>\n&#8212;&#8212;&#8212;&#8212;&#8212;&#8212;&#8212;&#8212;&#8212;&#8212;&#8211;<br \/>\nAEC \/ CueroAm\u00e9rica<\/p>\n<p>&#8212;&#8212;&#8212;&#8212;&#8212;&#8212;&#8212;&#8212;&#8212;&#8212;&#8212;&#8212;&#8212;&#8212;&#8212;&#8211;<br \/>\nPara comunicarse con CueroAm\u00e9rica: <span style=\"color: #3366ff;\"><a style=\"color: #3366ff;\" href=\"mailto:contacto@cueroamerica.com\">contacto@cueroamerica.com<\/a><\/span><\/p>\n<table>\n<tbody>\n<tr>\n<td width=\"300\"><a href=\"http:\/\/bit.ly\/2pJGRot\" target=\"_blank\" rel=\"noopener noreferrer\"><img loading=\"lazy\" decoding=\"async\" src=\"\/img\/publicidad\/lanxess2019-static.jpg\" width=\"300\" height=\"200\" \/><\/a><\/td>\n<td width=\"171\"><a href=\"http:\/\/apps.ubmasia.com\/links\/Show.aspx?sid=1527\" target=\"_blank\" rel=\"noopener noreferrer\"><img loading=\"lazy\" decoding=\"async\" src=\"\/img\/publicidad\/fajunio300x200_3a4_2021.gif\" width=\"300\" height=\"200\" \/><\/a><\/td>\n<\/tr>\n<\/tbody>\n<\/table>\n","protected":false},"excerpt":{"rendered":"<p>\u201cDebido a la \u00abincertidumbre\u201d y al \u201cimpacto\u201d que la pandemia de coronavirus est\u00e1 generando en todo el mundo, la Asociaci\u00f3n Espa\u00f1ola de Componentes (AEC), inform\u00f3 la suspensi\u00f3n de su feria FUTURMODA. El sal\u00f3n de componentes y la maquinaria para el calzado y la marroquiner\u00eda de Alicante, Espa\u00f1a, estaba previsto para los d\u00edas 21 y 22 [&hellip;]<\/p>\n","protected":false},"author":4,"featured_media":0,"comment_status":"closed","ping_status":"closed","sticky":false,"template":"","format":"standard","meta":{"footnotes":""},"categories":[65,60],"tags":[],"class_list":["post-16602","post","type-post","status-publish","format-standard","hentry","category-ferias-proximas","category-ferias","count-0","even alt","author-","last"],"_links":{"self":[{"href":"http:\/\/cueroamerica.info\/wpnews\/wp-json\/wp\/v2\/posts\/16602","targetHints":{"allow":["GET"]}}],"collection":[{"href":"http:\/\/cueroamerica.info\/wpnews\/wp-json\/wp\/v2\/posts"}],"about":[{"href":"http:\/\/cueroamerica.info\/wpnews\/wp-json\/wp\/v2\/types\/post"}],"author":[{"embeddable":true,"href":"http:\/\/cueroamerica.info\/wpnews\/wp-json\/wp\/v2\/users\/4"}],"replies":[{"embeddable":true,"href":"http:\/\/cueroamerica.info\/wpnews\/wp-json\/wp\/v2\/comments?post=16602"}],"version-history":[{"count":1,"href":"http:\/\/cueroamerica.info\/wpnews\/wp-json\/wp\/v2\/posts\/16602\/revisions"}],"predecessor-version":[{"id":16603,"href":"http:\/\/cueroamerica.info\/wpnews\/wp-json\/wp\/v2\/posts\/16602\/revisions\/16603"}],"wp:attachment":[{"href":"http:\/\/cueroamerica.info\/wpnews\/wp-json\/wp\/v2\/media?parent=16602"}],"wp:term":[{"taxonomy":"category","embeddable":true,"href":"http:\/\/cueroamerica.info\/wpnews\/wp-json\/wp\/v2\/categories?post=16602"},{"taxonomy":"post_tag","embeddable":true,"href":"http:\/\/cueroamerica.info\/wpnews\/wp-json\/wp\/v2\/tags?post=16602"}],"curies":[{"name":"wp","href":"https:\/\/api.w.org\/{rel}","templated":true}]}}